{"id":10930,"date":"2025-11-12T13:00:00","date_gmt":"2025-11-12T16:00:00","guid":{"rendered":"https:\/\/noticiasregionais.com.br\/?p=10930"},"modified":"2025-11-12T19:32:16","modified_gmt":"2025-11-12T22:32:16","slug":"casos-de-meningite-ultrapassam-3-mil-em-sao-paulo-em-2025","status":"publish","type":"post","link":"https:\/\/noticiasregionais.com.br\/?p=10930","title":{"rendered":"Casos de meningite ultrapassam 3 mil em S\u00e3o Paulo em 2025"},"content":{"rendered":"<p>\t\t\t\t\t\t\t\t\t\t<audio controls class=\"b61_audio_player\" data-noticia=\"85738\" src=\"https:\/\/brasil61.com\/rails\/active_storage\/blobs\/eyJfcmFpbHMiOnsibWVzc2FnZSI6IkJBaHBBMm05QXc9PSIsImV4cCI6bnVsbCwicHVyIjoiYmxvYl9pZCJ9fQ==--6bea7780a33bca6096860dd3f4631855bfa76ffd\/BRAS2515112A\"><\/audio><\/p>\n<p>O monitoramento epidemiol\u00f3gico da <a href=\"https:\/\/www.saude.sp.gov.br\/\" target=\"_blank\" rel=\"noopener\">Secretaria de Estado da Sa\u00fade de S\u00e3o Paulo (SES-SP)<\/a> aponta que, <strong>entre janeiro e outubro de 2025, foram registrados 3.333 casos de meningite no estado, dos quais 407 resultaram em \u00f3bito<\/strong>.<\/p>\n<p>Na <strong>Baixada Santista,<\/strong> o Departamento Regional de Sa\u00fade confirmou <strong>57 casos e 11 mortes no mesmo per\u00edodo<\/strong>. A secretaria, no entanto, n\u00e3o detalhou a distribui\u00e7\u00e3o dos casos por tipo de meningite nem informou se h\u00e1 rela\u00e7\u00e3o entre os registros.<\/p>\n<p>A SES-SP refor\u00e7ou que a <strong>vacina\u00e7\u00e3o continua sendo a principal forma de preven\u00e7\u00e3o<\/strong>. As <strong>vacinas meningoc\u00f3cicas C e ACWY est\u00e3o dispon\u00edveis gratuitamente em todas as Unidades B\u00e1sicas de Sa\u00fade (UBSs) <\/strong>do estado. J\u00e1 a <strong>vacina meningoc\u00f3cica B \u00e9 oferecida apenas na rede privada<\/strong>. A secretaria tamb\u00e9m n\u00e3o informou se h\u00e1 campanhas espec\u00edficas de vacina\u00e7\u00e3o ou conscientiza\u00e7\u00e3o em andamento.<\/p>\n<p>De janeiro a julho, a cobertura vacinal da meningoc\u00f3cica C em crian\u00e7as menores de um ano foi de 82,6%, abaixo da meta de 95% e inferior ao \u00edndice de 2024. A vacina ACWY teve cobertura de 48,1% neste ano, ante 52,1% no ano passado. Na Baixada Santista, a cobertura contra a meningite C chegou a 78,48%.<\/p>\n<h2>Entenda a doen\u00e7a<\/h2>\n<p>A meningite \u00e9 uma inflama\u00e7\u00e3o das meninges, as membranas que envolvem o c\u00e9rebro e a medula espinhal. Pode ser causada por v\u00edrus, bact\u00e9rias ou outros agentes infecciosos.<\/p>\n<p>A forma viral costuma ser mais leve e tem boa recupera\u00e7\u00e3o, enquanto a bacteriana \u00e9 mais grave e requer tratamento imediato para evitar complica\u00e7\u00f5es e mortes.<\/p>\n<p>A transmiss\u00e3o ocorre principalmente pelas vias respirat\u00f3rias, por meio de got\u00edculas eliminadas ao tossir, espirrar ou falar. Mesmo com o tratamento adequado, a meningite pode deixar sequelas, especialmente nos casos bacterianos, como:<\/p>\n<ul>\n<li>perda auditiva;<\/li>\n<li>dificuldades neurol\u00f3gicas;<\/li>\n<li>d\u00e9ficits cognitivos;<\/li>\n<li>problemas motores.<\/li>\n<\/ul>\n<p>A vacina\u00e7\u00e3o \u00e9 a forma mais eficaz de prevenir a doen\u00e7a e reduzir os casos graves.<\/p>\n<h2>Sintomas<\/h2>\n<p>A Secretaria orienta que pessoas com os seguintes sintomas procurem atendimento m\u00e9dico imediato:<\/p>\n<ul>\n<li>febre alta;<\/li>\n<li>dor de cabe\u00e7a intensa;<\/li>\n<li>v\u00f4mitos;<\/li>\n<li>rigidez na nuca;<\/li>\n<li>manchas na pele.<\/li>\n<\/ul>\n<p>As informa\u00e7\u00f5es s\u00e3o da\u00a0<a href=\"https:\/\/www.saude.sp.gov.br\/\" target=\"_blank\" rel=\"noopener\">Secretaria de Estado da Sa\u00fade de S\u00e3o Paulo<\/a>.<\/p>\n<p>\t\t\t\t\t\t\t\t\t<img decoding=\"async\" src=\"https:\/\/brasil61.com\/api\/v1\/serve_pixel\/22254\/85738\" alt=\"Pixel Brasil 61\" class=\"b61_pixel\" width=\"0\" height=\"0\"><\/p>\n<div class=\"br61_backlink\">\n<p>\n\t\t\t\tFonte: <a href=\"https:\/\/brasil61.com\/casos-de-meningite-ultrapassam-3-mil-em-sao-paulo-em-2025-bras2515112\" title=\"Artigo Original: Casos de meningite ultrapassam 3 mil em S\u00e3o Paulo em 2025\" target=\"_blank\" rel=\"noopener\">Brasil 61<\/a>\n\t\t\t<\/p>\n<\/p><\/div>\n<input type=\"hidden\" id=\"baseurl\" value=\"https:\/\/noticiasregionais.com.br\"><input type=\"hidden\" id=\"audio_nonce\" value=\"533fbb67b1\">","protected":false},"excerpt":{"rendered":"<p>Estado registra 407 mortes at\u00e9 outubro; cobertura vacinal infantil segue abaixo da meta e preocupa autoridades de sa\u00fade<\/p>\n","protected":false},"author":1,"featured_media":10937,"comment_status":"closed","ping_status":"open","sticky":false,"template":"","format":"standard","meta":{"sfsi_plus_gutenberg_text_before_share":"","sfsi_plus_gutenberg_show_text_before_share":"","sfsi_plus_gutenberg_icon_type":"","sfsi_plus_gutenberg_icon_alignemt":"","sfsi_plus_gutenburg_max_per_row":"","footnotes":""},"categories":[8],"tags":[],"class_list":["post-10930","post","type-post","status-publish","format-standard","has-post-thumbnail","hentry","category-brasil"],"_links":{"self":[{"href":"https:\/\/noticiasregionais.com.br\/index.php?rest_route=\/wp\/v2\/posts\/10930","targetHints":{"allow":["GET"]}}],"collection":[{"href":"https:\/\/noticiasregionais.com.br\/index.php?rest_route=\/wp\/v2\/posts"}],"about":[{"href":"https:\/\/noticiasregionais.com.br\/index.php?rest_route=\/wp\/v2\/types\/post"}],"author":[{"embeddable":true,"href":"https:\/\/noticiasregionais.com.br\/index.php?rest_route=\/wp\/v2\/users\/1"}],"replies":[{"embeddable":true,"href":"https:\/\/noticiasregionais.com.br\/index.php?rest_route=%2Fwp%2Fv2%2Fcomments&post=10930"}],"version-history":[{"count":1,"href":"https:\/\/noticiasregionais.com.br\/index.php?rest_route=\/wp\/v2\/posts\/10930\/revisions"}],"predecessor-version":[{"id":10936,"href":"https:\/\/noticiasregionais.com.br\/index.php?rest_route=\/wp\/v2\/posts\/10930\/revisions\/10936"}],"wp:featuredmedia":[{"embeddable":true,"href":"https:\/\/noticiasregionais.com.br\/index.php?rest_route=\/wp\/v2\/media\/10937"}],"wp:attachment":[{"href":"https:\/\/noticiasregionais.com.br\/index.php?rest_route=%2Fwp%2Fv2%2Fmedia&parent=10930"}],"wp:term":[{"taxonomy":"category","embeddable":true,"href":"https:\/\/noticiasregionais.com.br\/index.php?rest_route=%2Fwp%2Fv2%2Fcategories&post=10930"},{"taxonomy":"post_tag","embeddable":true,"href":"https:\/\/noticiasregionais.com.br\/index.php?rest_route=%2Fwp%2Fv2%2Ftags&post=10930"}],"curies":[{"name":"wp","href":"https:\/\/api.w.org\/{rel}","templated":true}]}}