{"id":10934,"date":"2025-11-12T15:00:00","date_gmt":"2025-11-12T18:00:00","guid":{"rendered":"https:\/\/noticiasregionais.com.br\/?p=10934"},"modified":"2025-11-12T15:00:00","modified_gmt":"2025-11-12T18:00:00","slug":"cop30-valorizacao-da-bioeconomia-na-amazonia-guia-discussoes-para-fomentar-desenvolvimento-regional-sustentavel","status":"publish","type":"post","link":"https:\/\/noticiasregionais.com.br\/?p=10934","title":{"rendered":"COP30: valoriza\u00e7\u00e3o da bioeconomia na Amaz\u00f4nia guia discuss\u00f5es para fomentar desenvolvimento regional sustent\u00e1vel"},"content":{"rendered":"<p>\t\t\t\t\t\t\t\t\t\t\t<audio controls class=\"b61_audio_player\" data-noticia=\"85776\" src=\"https:\/\/brasil61.com\/rails\/active_storage\/blobs\/eyJfcmFpbHMiOnsibWVzc2FnZSI6IkJBaHBBMks5QXc9PSIsImV4cCI6bnVsbCwicHVyIjoiYmxvYl9pZCJ9fQ==--4e10e195f403689859e97a0fa03217a6e9de2cb2\/BASA250118A\"><\/audio><\/p>\n<p>Representantes do governo federal, da iniciativa privada e de institui\u00e7\u00f5es financeiras se mobilizaram para discutir a bioeconomia na Amaz\u00f4nia durante a programa\u00e7\u00e3o desta ter\u00e7a-feira (11) na COP30, em Bel\u00e9m (PA). No pavilh\u00e3o do <a href=\"https:\/\/www.bancoamazonia.com.br\/\" target=\"_blank\" rel=\"noopener\">Banco da Amaz\u00f4nia<\/a>, na Green Zone, <strong>as discuss\u00f5es focaram em construir um modelo de desenvolvimento sustent\u00e1vel voltado a valorizar a floresta e as comunidades amaz\u00f4nicas.<\/strong><\/p>\n<p>Considerando as dificuldades regionais enfrentadas pela popula\u00e7\u00e3o da Amaz\u00f4nia, bem como a riqueza da floresta e suas oportunidades, a gerente executiva de Neg\u00f3cios Sustent\u00e1veis do Banco da Amaz\u00f4nia, Samara Farias, destacou que<strong> discutir bioeconomia \u00e9 essencial para os amaz\u00f4nidas.<\/strong><\/p>\n<p>\u201c\u00c9 fundamental que a gente fa\u00e7a esse debate, porque h\u00e1 uma necessidade crescente na Amaz\u00f4nia de pensarmos um modelo econ\u00f4mico que alinhe o desenvolvimento social das comunidades com a preserva\u00e7\u00e3o da floresta, que tem na sua diversidade a maior riqueza. A bioeconomia tem esse potencial \u2013 de gerar investimentos e oportunidades a partir da pr\u00f3pria biodiversidade\u201d, disse.<\/p>\n<p>Na avalia\u00e7\u00e3o dela, as<strong> solu\u00e7\u00f5es para os desafios regionais devem ser multisetoriais<\/strong> e envolver diferentes atores, desde produtores locais at\u00e9 representantes da iniciativa privada e da comunidade internacional.<\/p>\n<p>\u201cS\u00e3o desafios que n\u00e3o pertencem apenas \u00e0 Amaz\u00f4nia brasileira, mas a todo o mundo. E o papel do governo federal, por meio do Minist\u00e9rio do Meio Ambiente, \u00e9 essencial para construir essa vis\u00e3o transversal da bioeconomia como pilar do novo modelo de desenvolvimento da regi\u00e3o\u201d, acrescentou Farias.<\/p>\n<h2>Avan\u00e7o de pol\u00edtica p\u00fablicas para o setor<\/h2>\n<p><strong>Os esfor\u00e7os do governo federal em prol da valoriza\u00e7\u00e3o da bioeconomia como motor de desenvolvimento sustent\u00e1vel para a regi\u00e3o tamb\u00e9m foram destacados.\u00a0<\/strong><\/p>\n<p>Na avalia\u00e7\u00e3o do coordenador-geral de Desenvolvimento da Bioeconomia do <a href=\"https:\/\/www.gov.br\/mma\/pt-br\" target=\"_blank\" rel=\"noopener\">Minist\u00e9rio do Meio Ambiente e Mudan\u00e7a do Clima<\/a>, William Saab, o momento marca um avan\u00e7o hist\u00f3rico nas pol\u00edticas p\u00fablicas do setor \u2013 como o an\u00fancio do Plano Nacional de Desenvolvimento da Bioeconomia, do governo federal.\u00a0<\/p>\n<p>\u201cO Brasil est\u00e1 fazendo an\u00fancios importantes aqui na COP30, como o<strong> Plano Nacional de Desenvolvimento da Bioeconomia<\/strong>, que contempla componentes de socioeconomia, biomassa, bioind\u00fastria e sistemas terrestres e aqu\u00e1ticos. \u00c9 um plano constru\u00eddo de forma participativa, com 16 \u00f3rg\u00e3os do governo e 17 entidades da sociedade civil, um verdadeiro exerc\u00edcio de di\u00e1logo e escuta\u201d, compartilhou.<\/p>\n<p>Al\u00e9m do Plano Nacional, Saab mencionou outras iniciativas do governo, como a <strong>Taxonomia Sustent\u00e1vel Brasileira, o Plano Clima e o programa Ecoinvest<\/strong> \u2013 liderado pelo Minist\u00e9rio da Fazenda. Segundo ele, as a\u00e7\u00f5es demonstram o compromisso do pa\u00eds com uma transi\u00e7\u00e3o ecol\u00f3gica justa. \u201cTer a COP30 sediada em Bel\u00e9m \u00e9 motivo de comemora\u00e7\u00e3o e reconhecimento do protagonismo da Amaz\u00f4nia nesse processo\u201d, completou.<\/p>\n<h2>Dia da Bieconomia<\/h2>\n<p>A <strong>programa\u00e7\u00e3o do Dia da Bioeconomia na COP30<\/strong> contou com diversas atividades promovidas no pavilh\u00e3o do Banco, como debates sobre o uso da biomassa para produ\u00e7\u00e3o de energia, biocombust\u00edveis sustent\u00e1veis e as vozes da bioeconomia, reunindo produtores e investidores da regi\u00e3o.\u00a0<br \/>\n\u00a0<\/p>\n<p>\t\t\t\t\t\t\t\t\t\t<img decoding=\"async\" src=\"https:\/\/brasil61.com\/api\/v1\/serve_pixel\/22254\/85776\" alt=\"Pixel Brasil 61\" class=\"b61_pixel\" width=\"0\" height=\"0\"><\/p>\n<div class=\"br61_backlink\">\n<p>\n\t\t\t\tFonte: <a href=\"https:\/\/brasil61.com\/cop30-valorizacao-da-bioeconomia-na-amazonia-guia-discussoes-para-fomentar-desenvolvimento-regional-sustentavel-basa250118\" title=\"Artigo Original: COP30: valoriza\u00e7\u00e3o da bioeconomia na Amaz\u00f4nia guia discuss\u00f5es para fomentar desenvolvimento regional sustent\u00e1vel\" target=\"_blank\" rel=\"noopener\">Brasil 61<\/a>\n\t\t\t<\/p>\n<\/p><\/div>\n<input type=\"hidden\" id=\"baseurl\" value=\"https:\/\/noticiasregionais.com.br\"><input type=\"hidden\" id=\"audio_nonce\" value=\"533fbb67b1\">","protected":false},"excerpt":{"rendered":"<p>Painel do Banco da Amaz\u00f4nia para discutir tema reuniu representantes do governo federal, iniciativa privada e institui\u00e7\u00f5es financeiras; discuss\u00f5es focaram em construir modelo voltado a valorizar a floresta e as comunidades amaz\u00f4nicas<\/p>\n","protected":false},"author":1,"featured_media":10935,"comment_status":"","ping_status":"open","sticky":false,"template":"","format":"standard","meta":{"sfsi_plus_gutenberg_text_before_share":"","sfsi_plus_gutenberg_show_text_before_share":"","sfsi_plus_gutenberg_icon_type":"","sfsi_plus_gutenberg_icon_alignemt":"","sfsi_plus_gutenburg_max_per_row":"","footnotes":""},"categories":[8],"tags":[],"class_list":["post-10934","post","type-post","status-publish","format-standard","has-post-thumbnail","hentry","category-brasil"],"_links":{"self":[{"href":"https:\/\/noticiasregionais.com.br\/index.php?rest_route=\/wp\/v2\/posts\/10934","targetHints":{"allow":["GET"]}}],"collection":[{"href":"https:\/\/noticiasregionais.com.br\/index.php?rest_route=\/wp\/v2\/posts"}],"about":[{"href":"https:\/\/noticiasregionais.com.br\/index.php?rest_route=\/wp\/v2\/types\/post"}],"author":[{"embeddable":true,"href":"https:\/\/noticiasregionais.com.br\/index.php?rest_route=\/wp\/v2\/users\/1"}],"replies":[{"embeddable":true,"href":"https:\/\/noticiasregionais.com.br\/index.php?rest_route=%2Fwp%2Fv2%2Fcomments&post=10934"}],"version-history":[{"count":0,"href":"https:\/\/noticiasregionais.com.br\/index.php?rest_route=\/wp\/v2\/posts\/10934\/revisions"}],"wp:featuredmedia":[{"embeddable":true,"href":"https:\/\/noticiasregionais.com.br\/index.php?rest_route=\/wp\/v2\/media\/10935"}],"wp:attachment":[{"href":"https:\/\/noticiasregionais.com.br\/index.php?rest_route=%2Fwp%2Fv2%2Fmedia&parent=10934"}],"wp:term":[{"taxonomy":"category","embeddable":true,"href":"https:\/\/noticiasregionais.com.br\/index.php?rest_route=%2Fwp%2Fv2%2Fcategories&post=10934"},{"taxonomy":"post_tag","embeddable":true,"href":"https:\/\/noticiasregionais.com.br\/index.php?rest_route=%2Fwp%2Fv2%2Ftags&post=10934"}],"curies":[{"name":"wp","href":"https:\/\/api.w.org\/{rel}","templated":true}]}}