{"id":10948,"date":"2025-11-13T04:20:00","date_gmt":"2025-11-13T07:20:00","guid":{"rendered":"https:\/\/noticiasregionais.com.br\/?p=10948"},"modified":"2025-11-13T04:20:00","modified_gmt":"2025-11-13T07:20:00","slug":"75-dos-brasileiros-apostam-em-mais-empregos-com-a-economia-sustentavel","status":"publish","type":"post","link":"https:\/\/noticiasregionais.com.br\/?p=10948","title":{"rendered":"75% dos brasileiros apostam em mais empregos com a economia sustent\u00e1vel"},"content":{"rendered":"<p>\t\t\t\t\t\t\t\t\t\t\t<audio controls class=\"b61_audio_player\" data-noticia=\"85778\" src=\"https:\/\/brasil61.com\/rails\/active_storage\/blobs\/eyJfcmFpbHMiOnsibWVzc2FnZSI6IkJBaHBBK2U5QXc9PSIsImV4cCI6bnVsbCwicHVyIjoiYmxvYl9pZCJ9fQ==--db6e32d1eca134552884f499913bf6553cef2f41\/BRAS2515126A\"><\/audio><\/p>\n<p>Tr\u00eas em cada quatro brasileiros (<strong>75%<\/strong>) <strong>acreditam que a transi\u00e7\u00e3o para uma economia sustent\u00e1vel vai gerar novos empregos no pa\u00eds<\/strong>, segundo <strong>levantamento da Ag\u00eancia Brasileira de Desenvolvimento Industrial (<a href=\"https:\/\/www.abdi.com.br\/\" target=\"_blank\" rel=\"noopener\">ABDI<\/a>) e da <a href=\"https:\/\/www.nexus.fsb.com.br\/\" target=\"_blank\" rel=\"noopener\">Nexus<\/a><\/strong>. Entre eles, 54% esperam o surgimento de \u201cmuitos novos empregos\u201d e 21% de \u201cpoucos novos empregos\u201d. Apenas <strong>16% avaliam que a mudan\u00e7a possa reduzir as oportunidades profissionais<\/strong>.<\/p>\n<p>Para 54% dos brasileiros, o pa\u00eds j\u00e1 conta com trabalhadores preparados para os empregos que devem surgir com a transi\u00e7\u00e3o para uma economia mais sustent\u00e1vel, enquanto 42% discordam dessa avalia\u00e7\u00e3o.\u00a0<\/p>\n<p>A <strong>expectativa positiva cresce conforme aumentam a renda e a escolaridade<\/strong>, chegando a 79% entre pessoas com ensino superior completo e 78% entre quem ganha mais de cinco sal\u00e1rios m\u00ednimos.\u00a0Para o presidente da ABDI, Ricardo Cappelli, <strong>esses novos empregos devem exigir profissionais mais qualificados<\/strong> e pagar sal\u00e1rios mais altos, <strong>por isso h\u00e1 uma percep\u00e7\u00e3o mais positiva entre pessoas que possuem mais estudo<\/strong>.<\/p>\n<p>O otimismo tamb\u00e9m varia por regi\u00e3o e perfil. Moradores do Sudeste e do Sul (78%) se mostram mais confiantes que os do Nordeste (67%). Os entrevistados responderam a um question\u00e1rio de nove perguntas sobre h\u00e1bitos conscientes.\u00a0<strong>Entre os brasileiros que mais adotam pr\u00e1ticas sustent\u00e1veis no dia a dia<\/strong>, classificados como ativistas, <strong>79% acreditam na cria\u00e7\u00e3o de novas vagas<\/strong>, contra 67% dos que n\u00e3o t\u00eam nenhum h\u00e1bito ecol\u00f3gico em seu cotidiano.<\/p>\n<h2>Outros dados do levantamento<\/h2>\n<ul>\n<li>Jovens de 16 a 24 anos s\u00e3o os mais confiantes (62%) no preparo dos trabalhadores para as novas vagas;<\/li>\n<li>Homens (59%) s\u00e3o mais otimistas do que mulheres (49%) quanto \u00e0 gera\u00e7\u00e3o de novos empregos;<\/li>\n<li>No Nordeste, 25% acreditam que a transi\u00e7\u00e3o sustent\u00e1vel pode reduzir vagas.<\/li>\n<\/ul>\n<h2>O que \u00e9 economia sustent\u00e1vel?<\/h2>\n<p>A economia sustent\u00e1vel \u00e9 um modelo que procura equilibrar crescimento econ\u00f4mico, preserva\u00e7\u00e3o ambiental e justi\u00e7a social. Seu objetivo \u00e9 garantir que o progresso atual n\u00e3o comprometa o bem-estar das futuras gera\u00e7\u00f5es. Para isso, valoriza o uso respons\u00e1vel dos recursos naturais, a redu\u00e7\u00e3o do desperd\u00edcio e a ado\u00e7\u00e3o de pr\u00e1ticas produtivas que respeitem os limites do meio ambiente, ao mesmo tempo em que promovem inclus\u00e3o e qualidade de vida para toda a popula\u00e7\u00e3o.<\/p>\n<h2>Metodologia da pesquisa<\/h2>\n<p>A Nexus realizou 2.021 entrevistas presenciais em uma amostra representativa da popula\u00e7\u00e3o brasileira a partir de 18 anos, nas 27 Unidades da Federa\u00e7\u00e3o entre 14 e 21 de julho de 2025.<\/p>\n<p>As informa\u00e7\u00f5es s\u00e3o da\u00a0<a href=\"https:\/\/www.nexus.fsb.com.br\/estudos-divulgados\/75-dos-brasileiros-apostam-em-mais-empregos-com-transicao-para-economia-sustentavel\/?utm_medium=email&amp;_hsenc=p2ANqtz--pIB-MM31f2YQLKWfZ_AEnf6r8XKjRtpa1EHxhrCT_EA_fbJUqyWAUjHofj6dpZc-DWZ24AXvlN1gh-6dtR4vqE0ITaTo7-PuuBdfFkt6up7_F0Co&amp;_hsmi=389366079&amp;utm_content=389366079&amp;utm_source=hs_email\" target=\"_blank\" rel=\"noopener\">Nexus<\/a>.<\/p>\n<p>\t\t\t\t\t\t\t\t\t\t<img decoding=\"async\" src=\"https:\/\/brasil61.com\/api\/v1\/serve_pixel\/22254\/85778\" alt=\"Pixel Brasil 61\" class=\"b61_pixel\" width=\"0\" height=\"0\"><\/p>\n<div class=\"br61_backlink\">\n<p>\n\t\t\t\tFonte: <a href=\"https:\/\/brasil61.com\/75-dos-brasileiros-apostam-em-mais-empregos-com-a-economia-sustentavel-bras2515126\" title=\"Artigo Original: 75% dos brasileiros apostam em mais empregos com a economia sustent\u00e1vel\" target=\"_blank\" rel=\"noopener\">Brasil 61<\/a>\n\t\t\t<\/p>\n<\/p><\/div>\n<input type=\"hidden\" id=\"baseurl\" value=\"https:\/\/noticiasregionais.com.br\"><input type=\"hidden\" id=\"audio_nonce\" value=\"5c13e0637f\">","protected":false},"excerpt":{"rendered":"<p>Pesquisa da ABDI e Nexus mostra que 75% da popula\u00e7\u00e3o acredita que a transi\u00e7\u00e3o verde vai gerar oportunidades no mercado de trabalho<\/p>\n","protected":false},"author":1,"featured_media":10949,"comment_status":"","ping_status":"open","sticky":false,"template":"","format":"standard","meta":{"sfsi_plus_gutenberg_text_before_share":"","sfsi_plus_gutenberg_show_text_before_share":"","sfsi_plus_gutenberg_icon_type":"","sfsi_plus_gutenberg_icon_alignemt":"","sfsi_plus_gutenburg_max_per_row":"","footnotes":""},"categories":[8],"tags":[],"class_list":["post-10948","post","type-post","status-publish","format-standard","has-post-thumbnail","hentry","category-brasil"],"_links":{"self":[{"href":"https:\/\/noticiasregionais.com.br\/index.php?rest_route=\/wp\/v2\/posts\/10948","targetHints":{"allow":["GET"]}}],"collection":[{"href":"https:\/\/noticiasregionais.com.br\/index.php?rest_route=\/wp\/v2\/posts"}],"about":[{"href":"https:\/\/noticiasregionais.com.br\/index.php?rest_route=\/wp\/v2\/types\/post"}],"author":[{"embeddable":true,"href":"https:\/\/noticiasregionais.com.br\/index.php?rest_route=\/wp\/v2\/users\/1"}],"replies":[{"embeddable":true,"href":"https:\/\/noticiasregionais.com.br\/index.php?rest_route=%2Fwp%2Fv2%2Fcomments&post=10948"}],"version-history":[{"count":0,"href":"https:\/\/noticiasregionais.com.br\/index.php?rest_route=\/wp\/v2\/posts\/10948\/revisions"}],"wp:featuredmedia":[{"embeddable":true,"href":"https:\/\/noticiasregionais.com.br\/index.php?rest_route=\/wp\/v2\/media\/10949"}],"wp:attachment":[{"href":"https:\/\/noticiasregionais.com.br\/index.php?rest_route=%2Fwp%2Fv2%2Fmedia&parent=10948"}],"wp:term":[{"taxonomy":"category","embeddable":true,"href":"https:\/\/noticiasregionais.com.br\/index.php?rest_route=%2Fwp%2Fv2%2Fcategories&post=10948"},{"taxonomy":"post_tag","embeddable":true,"href":"https:\/\/noticiasregionais.com.br\/index.php?rest_route=%2Fwp%2Fv2%2Ftags&post=10948"}],"curies":[{"name":"wp","href":"https:\/\/api.w.org\/{rel}","templated":true}]}}