{"id":1095,"date":"2023-11-08T19:47:42","date_gmt":"2023-11-08T22:47:42","guid":{"rendered":"https:\/\/noticiasregionais.com.br\/?p=1095"},"modified":"2023-11-09T22:23:37","modified_gmt":"2023-11-10T01:23:37","slug":"mp-pede-suspensao-de-medidor-de-glicose-fornecido-pela-prefeitura-em-ourinhos","status":"publish","type":"post","link":"https:\/\/noticiasregionais.com.br\/?p=1095","title":{"rendered":"MP pede suspens\u00e3o de medidor de glicose fornecido pela prefeitura em Ourinhos"},"content":{"rendered":"\n<p class=\"has-text-align-center\"><strong>Segundo den\u00fancias, aparelhos estariam gerando medi\u00e7\u00f5es erradas e causando risco aos pacientes. Pela a\u00e7\u00e3o civil p\u00fablica, os equipamentos devem ser periciados.<\/strong><\/p>\n\n\n\n<p>O Minist\u00e9rio P\u00fablico em&nbsp;<a class=\"\" href=\"https:\/\/g1.globo.com\/sp\/bauru-marilia\/cidade\/ourinhos\/\" target=\"_blank\" rel=\"noopener\">Ourinhos (SP)<\/a>&nbsp;encaminhou \u00e0 Justi\u00e7a uma a\u00e7\u00e3o civil p\u00fablica que pede a suspens\u00e3o do fornecimento de medidores de glicemia que s\u00e3o oferecidos pelo munic\u00edpio.<\/p>\n\n\n\n<p>O \u00f3rg\u00e3o tomou a medida depois de receber den\u00fancias de que os aparelhos n\u00e3o estavam aferindo corretamente a taxa de glicemia e colocando a sa\u00fade dos pacientes em risco. Uma per\u00edcia deve ser feita nos equipamentos, que come\u00e7aram a ser distribu\u00eddos em janeiro deste ano.<\/p>\n\n\n\n<p>Segundo os pacientes, os medidores indicam um \u00edndice alto de glicemia quando na verdade eles est\u00e3o baixos e isso \u00e9 um risco para quem tem diabetes, porque a pessoa precisa exatamente desse \u00edndice para saber se precisa ou n\u00e3o tomar insulina.<\/p>\n\n\n\n<p>Um grupo de 60 pessoas teria sido prejudicado por essas falhas nos equipamentos e procurou o MP para denunciar a situa\u00e7\u00e3o.<\/p>\n\n\n\n<figure class=\"wp-block-embed is-type-video is-provider-youtube wp-block-embed-youtube wp-embed-aspect-16-9 wp-has-aspect-ratio\"><div class=\"wp-block-embed__wrapper\">\n<iframe loading=\"lazy\" title=\"Glicos\u00edmetro apresenta diferen\u00e7a de quase 100 pontos em aferi\u00e7\u00e3o\" width=\"640\" height=\"360\" src=\"https:\/\/www.youtube.com\/embed\/Pphe3AU__Do?feature=oembed\" frameborder=\"0\" allow=\"accelerometer; autoplay; clipboard-write; encrypted-media; gyroscope; picture-in-picture; web-share\" referrerpolicy=\"strict-origin-when-cross-origin\" allowfullscreen><\/iframe>\n<\/div><\/figure>\n\n\n\n<p>A filha da J\u00e9ssica Reis \u00e9 uma dessas pacientes. Ela utiliza os aparelhos fornecidos pela prefeitura h\u00e1 mais de seis anos, mas quando os novos medidores come\u00e7aram a ser distribu\u00eddos, no in\u00edcio do ano, come\u00e7aram os problemas.<\/p>\n\n\n\n<p>\u201cDez, quinze minutos depois que ela tomou a insulina, ela desmaiou, eu encontrei ela apagada na cama. Eu e meu marido fizemos os primeiros socorros e acionamos o Samu. Quando foi feita a medi\u00e7\u00e3o pelo aparelho do Samu, que \u00e9 igualzinho ao dela, deu a diferen\u00e7a, uma diferen\u00e7a de quase 150 pontos. Foi a\u00ed que n\u00f3s fomos percebendo que ela estava passando mal diariamente por causa dessa medi\u00e7\u00e3o. O aparelho \u00e9 como o p\u00e2ncreas dela, sem essa medi\u00e7\u00e3o ele n\u00e3o funciona direito\u201d, afirma a gerente de loja.<\/p>\n\n\n\n<p>Ainda segundo J\u00e9ssica, houve uma mudan\u00e7a na marca dos medidores fornecidos e os problemas come\u00e7aram em fevereiro, por isso ela optou em fazer a compra desses equipamentos.<\/p>\n\n\n\n<p>De acordo com a a\u00e7\u00e3o do MP, esses aparelhos j\u00e1 foram devolvidos por prefeituras de outras cidades do pa\u00eds por causa de falhas na medi\u00e7\u00e3o. A a\u00e7\u00e3o pede a suspens\u00e3o do fornecimento desses medidores para que seja feita uma per\u00edcia t\u00e9cnica.<\/p>\n\n\n\n<p>Para que o servi\u00e7o n\u00e3o seja interrompido e n\u00e3o haja preju\u00edzo para sa\u00fade das pessoas que dependem do aparelho, o MP determinou que a prefeitura contrate a segunda colocada na licita\u00e7\u00e3o ou outra de forma emergencial. A a\u00e7\u00e3o do Minist\u00e9rio P\u00fablico ainda vai ser analisada pela Justi\u00e7a.<\/p>\n\n\n\n<figure class=\"wp-block-image\"><img decoding=\"async\" src=\"https:\/\/s2-g1.glbimg.com\/1IMdvGycXSdYfP2K77seCzNUdmM=\/0x0:1238x730\/984x0\/smart\/filters:strip_icc()\/i.s3.glbimg.com\/v1\/AUTH_59edd422c0c84a879bd37670ae4f538a\/internal_photos\/bs\/2023\/7\/r\/AwlEAqTSuAKP2ut1AXdA\/medidores-glicemia.jpg\" alt=\"Filha de J\u00e9ssica passou mal por causa dos erros na medi\u00e7\u00e3o de glicemia em Ourinhos \u2014 Foto: TV TEM\/ Reprodu\u00e7\u00e3o\"\/><\/figure>\n\n\n\n<p><sub>Filha de J\u00e9ssica passou mal por causa dos erros na medi\u00e7\u00e3o de glicemia em Ourinhos \u2014 Foto: TV TEM\/ Reprodu\u00e7\u00e3o<\/sub><\/p>\n\n\n\n<p>Em nota, a prefeitura de&nbsp;<a class=\"\" href=\"https:\/\/g1.globo.com\/sp\/bauru-marilia\/cidade\/ourinhos\/\" target=\"_blank\" rel=\"noopener\">Ourinhos<\/a>&nbsp;informou que &#8220;tem conhecimento de relatos de problemas relacionados \u00e0 medi\u00e7\u00e3o dos Glicos\u00edmetros e tem mantido um di\u00e1logo com a empresa respons\u00e1vel pelo fornecimento dos equipamentos com o objetivo de resolver esta quest\u00e3o de maneira satisfat\u00f3ria.&#8221;<\/p>\n\n\n\n<p>Disse ainda que o contrato atual est\u00e1 pr\u00f3ximo de seu t\u00e9rmino e n\u00e3o est\u00e1 descartada a possibilidade de realiza\u00e7\u00e3o de uma nova licita\u00e7\u00e3o, a fim de garantir a continuidade do fornecimento dos aparelhos. A nota esclarece ainda que a prefeitura n\u00e3o tem como suspender o contrato sem uma decis\u00e3o da Justi\u00e7a.<\/p>\n\n\n\n<p><em>*Com informa\u00e7\u00f5es Heytor Campezzi<\/em> <em>no&nbsp;<\/em><a class=\"\" href=\"http:\/\/g1.globo.com\/sp\/bauru-marilia\/\" target=\"_blank\" rel=\"noopener\"><em>g1 Bauru e Mar\u00edlia<\/em><\/a><\/p>\n<input type=\"hidden\" id=\"baseurl\" value=\"https:\/\/noticiasregionais.com.br\"><input type=\"hidden\" id=\"audio_nonce\" value=\"679821641e\">","protected":false},"excerpt":{"rendered":"<p>Segundo den\u00fancias, aparelhos estariam gerando medi\u00e7\u00f5es erradas e causando risco aos pacientes. Pela a\u00e7\u00e3o civil p\u00fablica, os equipamentos devem ser&hellip;<\/p>\n","protected":false},"author":1,"featured_media":1097,"comment_status":"closed","ping_status":"open","sticky":false,"template":"","format":"standard","meta":{"sfsi_plus_gutenberg_text_before_share":"","sfsi_plus_gutenberg_show_text_before_share":"","sfsi_plus_gutenberg_icon_type":"","sfsi_plus_gutenberg_icon_alignemt":"","sfsi_plus_gutenburg_max_per_row":"","footnotes":""},"categories":[5,10,1],"tags":[],"class_list":["post-1095","post","type-post","status-publish","format-standard","has-post-thumbnail","hentry","category-ourinhos","category-destaques","category-noticias"],"_links":{"self":[{"href":"https:\/\/noticiasregionais.com.br\/index.php?rest_route=\/wp\/v2\/posts\/1095","targetHints":{"allow":["GET"]}}],"collection":[{"href":"https:\/\/noticiasregionais.com.br\/index.php?rest_route=\/wp\/v2\/posts"}],"about":[{"href":"https:\/\/noticiasregionais.com.br\/index.php?rest_route=\/wp\/v2\/types\/post"}],"author":[{"embeddable":true,"href":"https:\/\/noticiasregionais.com.br\/index.php?rest_route=\/wp\/v2\/users\/1"}],"replies":[{"embeddable":true,"href":"https:\/\/noticiasregionais.com.br\/index.php?rest_route=%2Fwp%2Fv2%2Fcomments&post=1095"}],"version-history":[{"count":2,"href":"https:\/\/noticiasregionais.com.br\/index.php?rest_route=\/wp\/v2\/posts\/1095\/revisions"}],"predecessor-version":[{"id":1121,"href":"https:\/\/noticiasregionais.com.br\/index.php?rest_route=\/wp\/v2\/posts\/1095\/revisions\/1121"}],"wp:featuredmedia":[{"embeddable":true,"href":"https:\/\/noticiasregionais.com.br\/index.php?rest_route=\/wp\/v2\/media\/1097"}],"wp:attachment":[{"href":"https:\/\/noticiasregionais.com.br\/index.php?rest_route=%2Fwp%2Fv2%2Fmedia&parent=1095"}],"wp:term":[{"taxonomy":"category","embeddable":true,"href":"https:\/\/noticiasregionais.com.br\/index.php?rest_route=%2Fwp%2Fv2%2Fcategories&post=1095"},{"taxonomy":"post_tag","embeddable":true,"href":"https:\/\/noticiasregionais.com.br\/index.php?rest_route=%2Fwp%2Fv2%2Ftags&post=1095"}],"curies":[{"name":"wp","href":"https:\/\/api.w.org\/{rel}","templated":true}]}}