{"id":10952,"date":"2025-11-13T04:45:00","date_gmt":"2025-11-13T07:45:00","guid":{"rendered":"https:\/\/noticiasregionais.com.br\/?p=10952"},"modified":"2025-11-13T06:32:46","modified_gmt":"2025-11-13T09:32:46","slug":"cop30-banco-da-amazonia-lanca-cartao-verdinho-e-aposta-em-pagamentos-sustentaveis-em-belem-pa","status":"publish","type":"post","link":"https:\/\/noticiasregionais.com.br\/?p=10952","title":{"rendered":"COP30: Banco da Amaz\u00f4nia lan\u00e7a \u201cCart\u00e3o Verdinho\u201d e aposta em pagamentos sustent\u00e1veis"},"content":{"rendered":"<p>\t\t\t\t\t\t\t\t\t\t<audio controls class=\"b61_audio_player\" data-noticia=\"85797\" src=\"https:\/\/brasil61.com\/rails\/active_storage\/blobs\/eyJfcmFpbHMiOnsibWVzc2FnZSI6IkJBaHBBeEMrQXc9PSIsImV4cCI6bnVsbCwicHVyIjoiYmxvYl9pZCJ9fQ==--af557f5050f820d776fa06eb8471d563815a7198\/BASA250119A\"><\/audio><\/p>\n<p>Durante a programa\u00e7\u00e3o na Green Zone da COP30, em Bel\u00e9m (PA), nesta quarta-feira (12), o <a href=\"https:\/\/www.bancoamazonia.com.br\/\" target=\"_blank\" rel=\"noopener\">Banco da Amaz\u00f4nia<\/a> lan\u00e7ou o <strong>Cart\u00e3o Verdinho<\/strong>, que tem como foco a<strong> inclus\u00e3o social e a sustentabilidade.<\/strong> A tecnologia n\u00e3o tem anuidade e \u00e9 associada \u00e0 maquininha de adquir\u00eancia da institui\u00e7\u00e3o financeira.<\/p>\n<p>O Cart\u00e3o Verdinho foi apresentado como o <strong>primeiro produto de uma linha de cart\u00f5es sustent\u00e1veis da institui\u00e7\u00e3o<\/strong>. A proposta \u00e9 conectar o sistema financeiro \u00e0 bioeconomia.<\/p>\n<p>O presidente do Banco da Amaz\u00f4nia, Luiz Lessa, aponta que a<strong> iniciativa amplia o acesso de empreendedores da regi\u00e3o amaz\u00f4nica a meios de pagamento<\/strong>, fomenta a inclus\u00e3o produtiva e, ainda, viabiliza o acesso a programas sociais e de microcr\u00e9dito.\u00a0<\/p>\n<p>\u201cCom o cart\u00e3o verdinho, queremos possibilitar que a popula\u00e7\u00e3o de uma forma geral tenha acesso a um cart\u00e3o com custos adequados, com a cara da Amaz\u00f4nia. E mais do que isso, queremos usar esse cart\u00e3o para viabilizar os programas sociais. Ele traz n\u00e3o s\u00f3 a fun\u00e7\u00e3o cr\u00e9dito, a fun\u00e7\u00e3o d\u00e9bito, mas ele vem embarcado de outras funcionalidades que n\u00f3s podemos utilizar para fazer o pagamento do microcr\u00e9dito\u201d, destaca Luiz Lessa.<\/p>\n<h2>Inova\u00e7\u00e3o e cidadania financeira<\/h2>\n<p>Para Lessa, os <strong>produtos v\u00e3o al\u00e9m de avan\u00e7os tecnol\u00f3gicos.<\/strong> \u201cS\u00e3o ferramentas de cidadania financeira, que ampliam o acesso, a autonomia e o desenvolvimento sustent\u00e1vel\u201d, disse.<\/p>\n<p>Refor\u00e7ando a proposta de facilitar o dia a dia de micro e pequenos empreendedores da regi\u00e3o, empres\u00e1rios locais que participaram do evento j\u00e1 adotaram as inova\u00e7\u00f5es. \u00c9 o caso de Jarilson Tupinamb\u00e1, da Yamel Sorvetes, que aponta que o<strong> cart\u00e3o trouxe agilidade nas transa\u00e7\u00f5es.\u00a0<\/strong><\/p>\n<p>\u201cComo tudo cai no aplicativo, \u00e0s vezes precisamos pagar algo fora dele, como um estacionamento, e o cart\u00e3o facilita. Ent\u00e3o vai ajudar a gente a ter o dinheiro circulando mais r\u00e1pido\u201d, conta.<\/p>\n<p>J\u00e1 Gustavo Quintela, propriet\u00e1rio da A\u00e7a\u00edze Gastronomia, ressalta o avan\u00e7o tecnol\u00f3gico. \u201c\u00c9 bom ver um banco da nossa regi\u00e3o com solu\u00e7\u00f5es modernas, no mesmo n\u00edvel dos grandes bancos\u201d, comenta.<\/p>\n<p>\u201cO mais legal de tudo isso \u00e9 ver que um banco da nossa regi\u00e3o est\u00e1 se equiparando \u00e0 tecnologia dos grandes bancos. Esses produtos ajudam no capital de giro da empresa. \u00c9 muito gratificante ver o Banco da Amaz\u00f4nia progredindo, alcan\u00e7ando o sucesso que est\u00e1 alcan\u00e7ando com esses novos produtos\u201d, completa Gustavo.<\/p>\n<h2>Maquininha e promo\u00e7\u00e3o de gest\u00e3o financeira\u00a0<\/h2>\n<p>Al\u00e9m do cart\u00e3o, o banco lan\u00e7ou sua <strong>maquininha de pagamento<\/strong>. A novidade disp\u00f5e de um sistema de gest\u00e3o empresarial embutido e \u00a0permite que o usu\u00e1rio controle o fluxo de caixa, contas a pagar e estoque. Segundo Lessa, a iniciativa \u201centrega tecnologia e efici\u00eancia para o empreendedor amaz\u00f4nida crescer com sustentabilidade\u201d.<\/p>\n<p>Atualmente, o banco conta com 1.517 clientes com maquininhas ativas.<\/p>\n<h2>Espiral do Crescimento Sustent\u00e1vel<\/h2>\n<p>O pavilh\u00e3o do Banco da Amaz\u00f4nia na COP30 dedicou o dia a discutir o desenvolvimento da Amaz\u00f4nia, integrando inclus\u00e3o financeira, fortalecimento da agricultura familiar, micro e pequenos empreendedores, e investimentos em infraestrutura para o crescimento regional coletivo.<\/p>\n<p>A ideia foi colocar as comunidades amaz\u00f4nidas no centro e mostrar que \u00e9 poss\u00edvel gerar impacto econ\u00f4mico, social e ambiental de forma articulada.<br \/>\n\u00a0<\/p>\n<p>\t\t\t\t\t\t\t\t\t<img decoding=\"async\" src=\"https:\/\/brasil61.com\/api\/v1\/serve_pixel\/22254\/85797\" alt=\"Pixel Brasil 61\" class=\"b61_pixel\" width=\"0\" height=\"0\"><\/p>\n<div class=\"br61_backlink\">\n<p>\n\t\t\t\tFonte: <a href=\"https:\/\/brasil61.com\/cop30-banco-da-amazonia-lanca-cartao-verdinho-e-aposta-em-pagamentos-sustentaveis-em-belem-pa-basa250119\" title=\"Artigo Original: COP30: Banco da Amaz\u00f4nia lan\u00e7a \u201cCart\u00e3o Verdinho\u201d e aposta em pagamentos sustent\u00e1veis\" target=\"_blank\" rel=\"noopener\">Brasil 61<\/a>\n\t\t\t<\/p>\n<\/p><\/div>\n<input type=\"hidden\" id=\"baseurl\" value=\"https:\/\/noticiasregionais.com.br\"><input type=\"hidden\" id=\"audio_nonce\" value=\"533fbb67b1\">","protected":false},"excerpt":{"rendered":"<p>Novidade alia cr\u00e9dito ao compromisso ambiental com as comunidades da regi\u00e3o com vistas a facilitar movimenta\u00e7\u00f5es financeiras da popula\u00e7\u00e3o<\/p>\n","protected":false},"author":1,"featured_media":10959,"comment_status":"closed","ping_status":"open","sticky":false,"template":"","format":"standard","meta":{"sfsi_plus_gutenberg_text_before_share":"","sfsi_plus_gutenberg_show_text_before_share":"","sfsi_plus_gutenberg_icon_type":"","sfsi_plus_gutenberg_icon_alignemt":"","sfsi_plus_gutenburg_max_per_row":"","footnotes":""},"categories":[8],"tags":[],"class_list":["post-10952","post","type-post","status-publish","format-standard","has-post-thumbnail","hentry","category-brasil"],"_links":{"self":[{"href":"https:\/\/noticiasregionais.com.br\/index.php?rest_route=\/wp\/v2\/posts\/10952","targetHints":{"allow":["GET"]}}],"collection":[{"href":"https:\/\/noticiasregionais.com.br\/index.php?rest_route=\/wp\/v2\/posts"}],"about":[{"href":"https:\/\/noticiasregionais.com.br\/index.php?rest_route=\/wp\/v2\/types\/post"}],"author":[{"embeddable":true,"href":"https:\/\/noticiasregionais.com.br\/index.php?rest_route=\/wp\/v2\/users\/1"}],"replies":[{"embeddable":true,"href":"https:\/\/noticiasregionais.com.br\/index.php?rest_route=%2Fwp%2Fv2%2Fcomments&post=10952"}],"version-history":[{"count":1,"href":"https:\/\/noticiasregionais.com.br\/index.php?rest_route=\/wp\/v2\/posts\/10952\/revisions"}],"predecessor-version":[{"id":10958,"href":"https:\/\/noticiasregionais.com.br\/index.php?rest_route=\/wp\/v2\/posts\/10952\/revisions\/10958"}],"wp:featuredmedia":[{"embeddable":true,"href":"https:\/\/noticiasregionais.com.br\/index.php?rest_route=\/wp\/v2\/media\/10959"}],"wp:attachment":[{"href":"https:\/\/noticiasregionais.com.br\/index.php?rest_route=%2Fwp%2Fv2%2Fmedia&parent=10952"}],"wp:term":[{"taxonomy":"category","embeddable":true,"href":"https:\/\/noticiasregionais.com.br\/index.php?rest_route=%2Fwp%2Fv2%2Fcategories&post=10952"},{"taxonomy":"post_tag","embeddable":true,"href":"https:\/\/noticiasregionais.com.br\/index.php?rest_route=%2Fwp%2Fv2%2Ftags&post=10952"}],"curies":[{"name":"wp","href":"https:\/\/api.w.org\/{rel}","templated":true}]}}