{"id":10954,"date":"2025-11-13T06:00:00","date_gmt":"2025-11-13T09:00:00","guid":{"rendered":"https:\/\/noticiasregionais.com.br\/?p=10954"},"modified":"2025-11-13T06:00:00","modified_gmt":"2025-11-13T09:00:00","slug":"projeto-busca-liberar-recursos-do-fnde-parados-em-estados-e-municipios-para-projetos-educacionais","status":"publish","type":"post","link":"https:\/\/noticiasregionais.com.br\/?p=10954","title":{"rendered":"Projeto busca liberar recursos do FNDE parados em estados e munic\u00edpios para projetos educacionais"},"content":{"rendered":"<p>\t\t\t\t\t\t\t\t\t\t\t<audio controls class=\"b61_audio_player\" data-noticia=\"85785\" src=\"https:\/\/brasil61.com\/rails\/active_storage\/blobs\/eyJfcmFpbHMiOnsibWVzc2FnZSI6IkJBaHBBd08rQXc9PSIsImV4cCI6bnVsbCwicHVyIjoiYmxvYl9pZCJ9fQ==--b3c07c63e8b4bad9cac7da46f0b2e8508148f126\/BRAS2515128A\"><\/audio><\/p>\n<p>O <a href=\"https:\/\/www25.senado.leg.br\/web\/atividade\/materias\/-\/materia\/165663\" target=\"_blank\" rel=\"noopener\"><strong>Projeto de Lei Complementar<\/strong> (PLP) <strong>n\u00ba 153\/24<\/strong><\/a> autoriza a <strong>transposi\u00e7\u00e3o e a transfer\u00eancia<\/strong> de <strong>saldos financeiros parados<\/strong> em <strong>contas<\/strong> de <strong>estados<\/strong> e <strong>munic\u00edpios<\/strong> oriundos de <strong>repasses<\/strong> anteriores do <strong>Fundo Nacional de Desenvolvimento da Educa\u00e7\u00e3o<\/strong> (FNDE) para usos <strong>exclusivamente<\/strong> relacionados \u00e0 <strong>\u00e1rea educacional<\/strong>.<\/p>\n<p>De <strong>autoria<\/strong> do senador <strong>Vanderlan Cardoso<\/strong> (PSD-GO), o projeto tem o <strong>objetivo de flexibilizar o uso desses recursos ociosos<\/strong> de repasses do FNDE de anos anteriores para sua <strong>aplica\u00e7\u00e3o na educa\u00e7\u00e3o<\/strong>, semelhante ao que foi feito na <strong>\u00e1rea da sa\u00fade<\/strong> com a <strong>Lei Complementar 172\/2020.<\/strong> A Constitui\u00e7\u00e3o Federal <strong>exige<\/strong> que <strong>realoca\u00e7\u00f5es or\u00e7ament\u00e1rias<\/strong> desta natureza (transposi\u00e7\u00e3o e transfer\u00eancia de recursos) <strong>sejam autorizadas por lei<\/strong>.<\/p>\n<p>O autor do projeto explica que <strong>recursos repassados<\/strong> em acordos ou conv\u00eanios com o governo federal <strong>ocasionalmente acabam parados nas contas de governos estaduais e municipais<\/strong>, quando as <strong>metas<\/strong> e <strong>compromissos<\/strong> firmados no acordo que originou os repasses s\u00e3o <strong>atingidos antes do prazo<\/strong> esperado.<\/p>\n<p>O <strong>texto<\/strong> do PLP afirma que os <strong>estados<\/strong> e <strong>munic\u00edpios<\/strong> que realizarem essas opera\u00e7\u00f5es <strong>dever\u00e3o reportar ao Conselho de Educa\u00e7\u00e3o<\/strong>, <strong>comprovar<\/strong> a <strong>utiliza\u00e7\u00e3o<\/strong> dos recursos na presta\u00e7\u00e3o de contas e <strong>comunicar<\/strong> a nova <strong>destina\u00e7\u00e3o<\/strong> dos recursos ao <strong>FNDE<\/strong>.<\/p>\n<p><strong>Aprovado no Senado<\/strong> <strong>Federal<\/strong> em <strong>dezembro<\/strong> do ano passado, o PLP est\u00e1 em <strong>an\u00e1lise<\/strong> na <strong>Comiss\u00e3o de Educa\u00e7\u00e3o<\/strong> (CE) da <strong>C\u00e2mara dos Deputados<\/strong> e aguarda o <strong>parecer da relatora,<\/strong> deputada Duda Salabert (PDT-MG), para passar \u00e0s comiss\u00f5es de Finan\u00e7as e Tributa\u00e7\u00e3o e de Constitui\u00e7\u00e3o e Justi\u00e7a (CCJ). Caso <strong>aprovado<\/strong>, o texto dever\u00e1 seguir para <strong>aprecia\u00e7\u00e3o em Plen\u00e1rio<\/strong>.<\/p>\n<p>\t\t\t\t\t\t\t\t\t\t<img decoding=\"async\" src=\"https:\/\/brasil61.com\/api\/v1\/serve_pixel\/22254\/85785\" alt=\"Pixel Brasil 61\" class=\"b61_pixel\" width=\"0\" height=\"0\"><\/p>\n<div class=\"br61_backlink\">\n<p>\n\t\t\t\tFonte: <a href=\"https:\/\/brasil61.com\/projeto-busca-liberar-recursos-do-fnde-parados-em-estados-e-municipios-para-projetos-educacionais-bras2515128\" title=\"Artigo Original: Projeto busca liberar recursos do FNDE parados em estados e munic\u00edpios para projetos educacionais\" target=\"_blank\" rel=\"noopener\">Brasil 61<\/a>\n\t\t\t<\/p>\n<\/p><\/div>\n<input type=\"hidden\" id=\"baseurl\" value=\"https:\/\/noticiasregionais.com.br\"><input type=\"hidden\" id=\"audio_nonce\" value=\"3cdc555a10\">","protected":false},"excerpt":{"rendered":"<p>Entes dever\u00e3o comprovar a utiliza\u00e7\u00e3o dos recursos na presta\u00e7\u00e3o de contas<\/p>\n","protected":false},"author":1,"featured_media":10955,"comment_status":"","ping_status":"open","sticky":false,"template":"","format":"standard","meta":{"sfsi_plus_gutenberg_text_before_share":"","sfsi_plus_gutenberg_show_text_before_share":"","sfsi_plus_gutenberg_icon_type":"","sfsi_plus_gutenberg_icon_alignemt":"","sfsi_plus_gutenburg_max_per_row":"","footnotes":""},"categories":[8],"tags":[],"class_list":["post-10954","post","type-post","status-publish","format-standard","has-post-thumbnail","hentry","category-brasil"],"_links":{"self":[{"href":"https:\/\/noticiasregionais.com.br\/index.php?rest_route=\/wp\/v2\/posts\/10954","targetHints":{"allow":["GET"]}}],"collection":[{"href":"https:\/\/noticiasregionais.com.br\/index.php?rest_route=\/wp\/v2\/posts"}],"about":[{"href":"https:\/\/noticiasregionais.com.br\/index.php?rest_route=\/wp\/v2\/types\/post"}],"author":[{"embeddable":true,"href":"https:\/\/noticiasregionais.com.br\/index.php?rest_route=\/wp\/v2\/users\/1"}],"replies":[{"embeddable":true,"href":"https:\/\/noticiasregionais.com.br\/index.php?rest_route=%2Fwp%2Fv2%2Fcomments&post=10954"}],"version-history":[{"count":0,"href":"https:\/\/noticiasregionais.com.br\/index.php?rest_route=\/wp\/v2\/posts\/10954\/revisions"}],"wp:featuredmedia":[{"embeddable":true,"href":"https:\/\/noticiasregionais.com.br\/index.php?rest_route=\/wp\/v2\/media\/10955"}],"wp:attachment":[{"href":"https:\/\/noticiasregionais.com.br\/index.php?rest_route=%2Fwp%2Fv2%2Fmedia&parent=10954"}],"wp:term":[{"taxonomy":"category","embeddable":true,"href":"https:\/\/noticiasregionais.com.br\/index.php?rest_route=%2Fwp%2Fv2%2Fcategories&post=10954"},{"taxonomy":"post_tag","embeddable":true,"href":"https:\/\/noticiasregionais.com.br\/index.php?rest_route=%2Fwp%2Fv2%2Ftags&post=10954"}],"curies":[{"name":"wp","href":"https:\/\/api.w.org\/{rel}","templated":true}]}}