{"id":10960,"date":"2025-11-13T09:00:00","date_gmt":"2025-11-13T12:00:00","guid":{"rendered":"https:\/\/noticiasregionais.com.br\/?p=10960"},"modified":"2025-11-13T09:00:00","modified_gmt":"2025-11-13T12:00:00","slug":"ministro-carlos-favaro-apresenta-acoes-do-mapa-e-reforca-protagonismo-feminino-no-agro","status":"publish","type":"post","link":"https:\/\/noticiasregionais.com.br\/?p=10960","title":{"rendered":"Ministro Carlos F\u00e1varo apresenta a\u00e7\u00f5es do Mapa e refor\u00e7a protagonismo feminino no agro"},"content":{"rendered":"<p>\t\t\t\t\t\t\t\t\t\t\t<audio controls class=\"b61_audio_player\" data-noticia=\"85796\" src=\"https:\/\/brasil61.com\/rails\/active_storage\/blobs\/eyJfcmFpbHMiOnsibWVzc2FnZSI6IkJBaHBBd3ErQXc9PSIsImV4cCI6bnVsbCwicHVyIjoiYmxvYl9pZCJ9fQ==--1072ff460597263aba5fb014b12946c00daad762\/MAPA250018A\"><\/audio><\/p>\n<p>O <strong>ministro da Agricultura e Pecu\u00e1ria<\/strong>, Carlos F\u00e1varo, <strong>recebeu <\/strong>na ter\u00e7a-feira (11), em Bras\u00edlia (<a href=\"https:\/\/www.df.gov.br\/\" target=\"_blank\" rel=\"noopener\">DF<\/a>),<strong> representantes do movimento <a href=\"https:\/\/agroligadas.com.br\/\" target=\"_blank\" rel=\"noopener\">Agroligadas<\/a><\/strong>, formado por mulheres do agroneg\u00f3cio de Mato Grosso. O encontro teve como objetivo <strong>apresentar as a\u00e7\u00f5es do Minist\u00e9rio da Agricultura e Pecu\u00e1ria<\/strong> (<a href=\"https:\/\/www.gov.br\/agricultura\/pt-br\" target=\"_blank\" rel=\"noopener\">Mapa<\/a>) e <strong>ampliar o di\u00e1logo com lideran\u00e7as femininas <\/strong>do setor.<\/p>\n<p>Durante a reuni\u00e3o, F\u00e1varo ressaltou a import\u00e2ncia da escuta ativa: \u201cMais do que fazer discursos, quero ouvir voc\u00eas, mulheres do agro. Quero prestar contas, <strong>mostrar o que estamos construindo no Mapa<\/strong> e, principalmente, <strong>fortalecer essa rede de lideran\u00e7as femininas<\/strong> que contribui com ideias, propostas e solu\u00e7\u00f5es para a agropecu\u00e1ria brasileira\u201d.<\/p>\n<p>A presidente do Agroligadas, Geni Schenkel, destacou a visita ao Mapa. \u201cCriamos o Agroligadas para mostrar nossa realidade, desenvolver projetos e fortalecer o protagonismo feminino em todos os setores do agro e da agricultura familiar\u201d, afirmou.<\/p>\n<p>Para Schenkel, a <strong>reuni\u00e3o contribuiu para aprofundar o entendimento sobre pol\u00edticas p\u00fablicas<\/strong> e mecanismos de participa\u00e7\u00e3o. \u201cEssa visita nos ajuda a entender como funciona o processo e como podemos contribuir de forma mais organizada\u201d, concluiu.<\/p>\n<h2>Abertura de mercados<\/h2>\n<p>O ministro ressaltou os <strong>avan\u00e7os na expans\u00e3o de mercados internacionais<\/strong>. Segundo ele, o <strong>n\u00famero de adidos agr\u00edcolas passou de 29 para 40<\/strong> desde o in\u00edcio da gest\u00e3o, o que contribuiu para a <strong>abertura de 488 novos mercados<\/strong> desde 2023. A <strong>meta \u00e9 alcan\u00e7ar 500<\/strong> at\u00e9 dezembro. \u201cO presidente Lula nos pediu para dedicarmos aten\u00e7\u00e3o total \u00e0 amplia\u00e7\u00e3o dos mercados para os produtos brasileiros\u201d, disse.<\/p>\n<p>F\u00e1varo ainda anunciou a <strong>inaugura\u00e7\u00e3o do escrit\u00f3rio da <a href=\"https:\/\/apexbrasil.com.br\/\" target=\"_blank\" rel=\"noopener\">ApexBrasil<\/a> em Cuiab\u00e1<\/strong>, agendada para 24 de novembro, e convidou as participantes para o evento, que contar\u00e1 com a presen\u00e7a dos 40 adidos agr\u00edcolas. \u201cA Apex \u00e9 nossa principal parceira na promo\u00e7\u00e3o comercial e na abertura de mercados para o agro brasileiro. <strong>Esse<\/strong> <strong>escrit\u00f3rio ser\u00e1 estrat\u00e9gico para ampliar a presen\u00e7a internacional dos produtos do Centro-Oeste<\/strong>\u201d, afirmou.<\/p>\n<h2>A\u00e7\u00f5es do Mapa<\/h2>\n<p>Na ocasi\u00e3o, os <strong>secret\u00e1rios do Mapa apresentaram a\u00e7\u00f5es estrat\u00e9gicas<\/strong> em diversas \u00e1reas:<\/p>\n<ul>\n<li><strong>Assessoria Especial de Comunica\u00e7\u00e3o Social (<a href=\"https:\/\/www.gov.br\/agricultura\/pt-br\/acesso-a-informacao\/institucional\/quem-e-quem-novo\/assessoria-especial-de-comunicacao-social\" target=\"_blank\" rel=\"noopener\">AECS<\/a>):<\/strong> A chefe Carla Madeira informou que a equipe cresceu de 15 para 38 profissionais, com foco em transpar\u00eancia e agilidade na comunica\u00e7\u00e3o institucional.<\/li>\n<li><strong>Secretaria de Com\u00e9rcio e Rela\u00e7\u00f5es Internacionais (<a href=\"https:\/\/www.gov.br\/agricultura\/pt-br\/acesso-a-informacao\/institucional\/quem-e-quem-novo\/scri\" target=\"_blank\" rel=\"noopener\">SCRI<\/a>):<\/strong> O secret\u00e1rio Luis Rua destacou a atua\u00e7\u00e3o dos 40 adidos agr\u00edcolas em 38 pa\u00edses e o uso do sistema <a href=\"https:\/\/sistemasweb.agricultura.gov.br\/pages\/AGROSTAT.html\" target=\"_blank\" rel=\"noopener\">Agrostat<\/a> para monitorar exporta\u00e7\u00f5es.<\/li>\n<li><strong>Secretaria de Defesa Agropecu\u00e1ria (<a href=\"https:\/\/www.gov.br\/agricultura\/pt-br\/acesso-a-informacao\/institucional\/quem-e-quem-novo\/sda\" target=\"_blank\" rel=\"noopener\">SDA<\/a>):<\/strong> Carlos Goulart apresentou os certificados eletr\u00f4nicos e-Phyto e CSI, al\u00e9m dos sistemas <a href=\"https:\/\/www.gov.br\/agricultura\/pt-br\/assuntos\/defesa-agropecuaria\/suasa\/sisbi-1\" target=\"_blank\" rel=\"noopener\">Sisbi-POA<\/a> e <a href=\"https:\/\/www.gov.br\/agricultura\/pt-br\/assuntos\/inspecao\/produtos-animal\/sif\" target=\"_blank\" rel=\"noopener\">SIF<\/a>, que garantem a qualidade dos produtos comercializados.<\/li>\n<li><strong>Secretaria de Desenvolvimento Rural (<a href=\"https:\/\/www.gov.br\/agricultura\/pt-br\/acesso-a-informacao\/institucional\/quem-e-quem-novo\/sdr\" target=\"_blank\" rel=\"noopener\">SDR<\/a>):<\/strong> A equipe apresentou a plataforma <a href=\"https:\/\/www.gov.br\/agricultura\/pt-br\/assuntos\/sustentabilidade\/programa-agro-brasil-sustentavel\/o-que-e-a-plataforma-agro-brasil-sustentavel\" target=\"_blank\" rel=\"noopener\">Agro Brasil + Sustent\u00e1vel<\/a>, que j\u00e1 certificou mais de mil propriedades com selos digitais integrados a bases oficiais.<\/li>\n<li><strong>Secretaria de Pol\u00edtica Agr\u00edcola (<a href=\"https:\/\/www.gov.br\/agricultura\/pt-br\/acesso-a-informacao\/institucional\/quem-e-quem-novo\/spa\" target=\"_blank\" rel=\"noopener\">SPA<\/a>): <\/strong>Coordena o <a href=\"https:\/\/www.gov.br\/agricultura\/pt-br\/assuntos\/politica-agricola\/plano-safra\/2025-2026\/\" target=\"_blank\" rel=\"noopener\">Plano Safra<\/a> e programas como o Zoneamento Agr\u00edcola de Risco Clim\u00e1tico (<a href=\"https:\/\/www.gov.br\/agricultura\/pt-br\/assuntos\/riscos-seguro\/programa-nacional-de-zoneamento-agricola-de-risco-climatico\" target=\"_blank\" rel=\"noopener\">ZARC<\/a>) e o Programa de Garantia de Pre\u00e7os para Agricultura Familiar (<a href=\"https:\/\/www.gov.br\/pt-br\/servicos\/acessar-o-programa-de-garantia-de-preco-para-a-agricultura-familiar-pgpaf\" target=\"_blank\" rel=\"noopener\">PGPAF<\/a>).<\/li>\n<li><strong>Secretaria-Executiva (<a href=\"https:\/\/www.gov.br\/agricultura\/pt-br\/acesso-a-informacao\/institucional\/quem-e-quem-novo\/se\" target=\"_blank\" rel=\"noopener\">SE<\/a>): <\/strong>O <a href=\"https:\/\/portal.inmet.gov.br\/\" target=\"_blank\" rel=\"noopener\">Inmet<\/a>, agora sob gest\u00e3o direta do Mapa, recebeu investimentos de at\u00e9 R$ 200 milh\u00f5es para modernizar a rede meteorol\u00f3gica nacional, com novos radares e supercomputadores.<\/li>\n<\/ul>\n<p><b>VEJA MAIS:<\/b><\/p>\n<ul>\n<li><a href=\"https:\/\/brasil61.com\/n\/mapa-lidera-agenda-do-agro-sustentavel-na-cop-30-mapa250016\" target=\"_blank\" rel=\"noopener\">Mapa lidera agenda do agro sustent\u00e1vel na COP 30<\/a><\/li>\n<li><a href=\"https:\/\/brasil61.com\/n\/mapa-homenageia-mariangela-hungria-por-contribuicao-a-agricultura-sustentavel-mapa250014\" target=\"_blank\" rel=\"noopener\">Mapa homenageia Mariangela Hungria por contribui\u00e7\u00e3o \u00e0 agricultura sustent\u00e1vel<\/a><\/li>\n<\/ul>\n<p>\t\t\t\t\t\t\t\t\t\t<img decoding=\"async\" src=\"https:\/\/brasil61.com\/api\/v1\/serve_pixel\/22254\/85796\" alt=\"Pixel Brasil 61\" class=\"b61_pixel\" width=\"0\" height=\"0\"><\/p>\n<div class=\"br61_backlink\">\n<p>\n\t\t\t\tFonte: <a href=\"https:\/\/brasil61.com\/ministro-carlos-favaro-apresenta-acoes-do-mapa-e-reforca-protagonismo-feminino-no-agro-mapa250018\" title=\"Artigo Original: Ministro Carlos F\u00e1varo apresenta a\u00e7\u00f5es do Mapa e refor\u00e7a protagonismo feminino no agro\" target=\"_blank\" rel=\"noopener\">Brasil 61<\/a>\n\t\t\t<\/p>\n<\/p><\/div>\n<input type=\"hidden\" id=\"baseurl\" value=\"https:\/\/noticiasregionais.com.br\"><input type=\"hidden\" id=\"audio_nonce\" value=\"533fbb67b1\">","protected":false},"excerpt":{"rendered":"<p>Minist\u00e9rio recebe Agroligadas, destaca avan\u00e7os na abertura de mercados e anuncia novo escrit\u00f3rio da ApexBrasil<\/p>\n","protected":false},"author":1,"featured_media":10961,"comment_status":"","ping_status":"open","sticky":false,"template":"","format":"standard","meta":{"sfsi_plus_gutenberg_text_before_share":"","sfsi_plus_gutenberg_show_text_before_share":"","sfsi_plus_gutenberg_icon_type":"","sfsi_plus_gutenberg_icon_alignemt":"","sfsi_plus_gutenburg_max_per_row":"","footnotes":""},"categories":[8],"tags":[],"class_list":["post-10960","post","type-post","status-publish","format-standard","has-post-thumbnail","hentry","category-brasil"],"_links":{"self":[{"href":"https:\/\/noticiasregionais.com.br\/index.php?rest_route=\/wp\/v2\/posts\/10960","targetHints":{"allow":["GET"]}}],"collection":[{"href":"https:\/\/noticiasregionais.com.br\/index.php?rest_route=\/wp\/v2\/posts"}],"about":[{"href":"https:\/\/noticiasregionais.com.br\/index.php?rest_route=\/wp\/v2\/types\/post"}],"author":[{"embeddable":true,"href":"https:\/\/noticiasregionais.com.br\/index.php?rest_route=\/wp\/v2\/users\/1"}],"replies":[{"embeddable":true,"href":"https:\/\/noticiasregionais.com.br\/index.php?rest_route=%2Fwp%2Fv2%2Fcomments&post=10960"}],"version-history":[{"count":0,"href":"https:\/\/noticiasregionais.com.br\/index.php?rest_route=\/wp\/v2\/posts\/10960\/revisions"}],"wp:featuredmedia":[{"embeddable":true,"href":"https:\/\/noticiasregionais.com.br\/index.php?rest_route=\/wp\/v2\/media\/10961"}],"wp:attachment":[{"href":"https:\/\/noticiasregionais.com.br\/index.php?rest_route=%2Fwp%2Fv2%2Fmedia&parent=10960"}],"wp:term":[{"taxonomy":"category","embeddable":true,"href":"https:\/\/noticiasregionais.com.br\/index.php?rest_route=%2Fwp%2Fv2%2Fcategories&post=10960"},{"taxonomy":"post_tag","embeddable":true,"href":"https:\/\/noticiasregionais.com.br\/index.php?rest_route=%2Fwp%2Fv2%2Ftags&post=10960"}],"curies":[{"name":"wp","href":"https:\/\/api.w.org\/{rel}","templated":true}]}}