{"id":10962,"date":"2025-11-13T10:00:00","date_gmt":"2025-11-13T13:00:00","guid":{"rendered":"https:\/\/noticiasregionais.com.br\/?p=10962"},"modified":"2025-11-13T10:00:00","modified_gmt":"2025-11-13T13:00:00","slug":"brasil-celebra-50-anos-de-independencia-de-angola-e-reafirma-parceria-estrategica","status":"publish","type":"post","link":"https:\/\/noticiasregionais.com.br\/?p=10962","title":{"rendered":"Brasil celebra 50 anos de independ\u00eancia de Angola e reafirma parceria estrat\u00e9gica"},"content":{"rendered":"<p>\t\t\t\t\t\t\t\t\t\t\t<audio controls class=\"b61_audio_player\" data-noticia=\"85798\" src=\"https:\/\/brasil61.com\/rails\/active_storage\/blobs\/eyJfcmFpbHMiOnsibWVzc2FnZSI6IkJBaHBBeEsrQXc9PSIsImV4cCI6bnVsbCwicHVyIjoiYmxvYl9pZCJ9fQ==--1019ef3d85ae65426684785976b1a1ff9512c29b\/MAPA250019A\"><\/audio><\/p>\n<p>O <strong>ministro da <a href=\"https:\/\/www.gov.br\/agricultura\/pt-br\" target=\"_blank\" rel=\"noopener\">Agricultura e Pecu\u00e1ria<\/a><\/strong>, Carlos F\u00e1varo, <strong>representou o Governo do Brasil na cerim\u00f4nia que celebrou os 50 anos de independ\u00eancia de Angola<\/strong>, realizada na ter\u00e7a-feira (11), em Bras\u00edlia (<a href=\"https:\/\/www.df.gov.br\/\" target=\"_blank\" rel=\"noopener\">DF<\/a>).\u00a0<\/p>\n<p>Organizado pela <a href=\"https:\/\/brasil.mirex.gov.ao\/\" target=\"_blank\" rel=\"noopener\">Embaixada de Angola<\/a>, sob o lema \u201cPreservar e valorizar as conquistas alcan\u00e7adas, construindo um futuro melhor\u201d, o evento reuniu autoridades, diplomatas e membros da comunidade angolana no Brasil.<\/p>\n<p>Durante a solenidade, <strong>F\u00e1varo destacou os la\u00e7os hist\u00f3ricos entre os dois pa\u00edses<\/strong> e reafirmou o compromisso com uma <strong>coopera\u00e7\u00e3o voltada para o desenvolvimento sustent\u00e1vel<\/strong>.<\/p>\n<p>\u201cCelebrar este jubileu \u00e9 tamb\u00e9m reafirmar o compromisso com um futuro de prosperidade conjunta. O Brasil tem muito a contribuir com sua experi\u00eancia em pesquisa agropecu\u00e1ria, em tecnologias de baixo carbono e em pol\u00edticas de apoio \u00e0 agricultura familiar. \u00c9 uma parceria que beneficia ambos os pa\u00edses, promovendo inova\u00e7\u00e3o e oportunidades para os nossos produtores\u201d, afirmou o ministro.<\/p>\n<p>O <strong>embaixador<\/strong> extraordin\u00e1rio e plenipotenci\u00e1rio da Rep\u00fablica de Angola no Brasil, Manuel Eduardo Bravo, <strong>lembrou o papel pioneiro do Brasil no reconhecimento da independ\u00eancia angolana<\/strong>, em 1975, e celebrou cinco d\u00e9cadas de coopera\u00e7\u00e3o bilateral. \u201cO Brasil tornou-se o primeiro pa\u00eds do planeta a reconhecer o Estado angolano\u201d, enfatizou Bravo.<\/p>\n<p>\u201cCelebramos, portanto, n\u00e3o apenas os nossos 50 anos de independ\u00eancia, mas tamb\u00e9m <strong>cinco d\u00e9cadas de rela\u00e7\u00f5es diplom\u00e1ticas e de coopera\u00e7\u00e3o bilateral mutuamente vantajosa<\/strong>, que t\u00eam privilegiado setores-chave da vida nacional de cada um dos nossos pa\u00edses, como a agricultura, a sa\u00fade, a defesa, a educa\u00e7\u00e3o e a ci\u00eancia e tecnologia\u201d, completou.<\/p>\n<h2>Fluxo comercial<\/h2>\n<p>Segundo o ministro Carlos F\u00e1varo, em 2024 <strong>o fluxo comercial entre Brasil e Angola alcan\u00e7ou US$ 1,6 bilh\u00e3o<\/strong>. Esse valor representa um crescimento de 40% em rela\u00e7\u00e3o ao ano anterior, impulsionado por iniciativas conjuntas dos presidentes Lula e Jo\u00e3o Louren\u00e7o.<\/p>\n<p><strong>VEJA MAIS:<\/strong><\/p>\n<ul>\n<li><a href=\"https:\/\/brasil61.com\/n\/mapa-lidera-agenda-do-agro-sustentavel-na-cop-30-mapa250016\" target=\"_blank\" rel=\"noopener\">Mapa lidera agenda do agro sustent\u00e1vel na COP 30<\/a><\/li>\n<li><a href=\"https:\/\/brasil61.com\/n\/brasil-assume-presidencia-da-junta-interamericana-de-agricultura-mapa250013\" target=\"_blank\" rel=\"noopener\">Brasil assume presid\u00eancia da Junta Interamericana de Agricultura<\/a><\/li>\n<\/ul>\n<p>\t\t\t\t\t\t\t\t\t\t<img decoding=\"async\" src=\"https:\/\/brasil61.com\/api\/v1\/serve_pixel\/22254\/85798\" alt=\"Pixel Brasil 61\" class=\"b61_pixel\" width=\"0\" height=\"0\"><\/p>\n<div class=\"br61_backlink\">\n<p>\n\t\t\t\tFonte: <a href=\"https:\/\/brasil61.com\/brasil-celebra-50-anos-de-independencia-de-angola-e-reafirma-parceria-estrategica-mapa250019\" title=\"Artigo Original: Brasil celebra 50 anos de independ\u00eancia de Angola e reafirma parceria estrat\u00e9gica\" target=\"_blank\" rel=\"noopener\">Brasil 61<\/a>\n\t\t\t<\/p>\n<\/p><\/div>\n<input type=\"hidden\" id=\"baseurl\" value=\"https:\/\/noticiasregionais.com.br\"><input type=\"hidden\" id=\"audio_nonce\" value=\"533fbb67b1\">","protected":false},"excerpt":{"rendered":"<p>Ministro Carlos F\u00e1varo representou o Governo do Brasil na solenidade que destacou a coopera\u00e7\u00e3o bilateral, o crescimento comercial e o compromisso com o desenvolvimento sustent\u00e1vel<\/p>\n","protected":false},"author":1,"featured_media":10963,"comment_status":"","ping_status":"open","sticky":false,"template":"","format":"standard","meta":{"sfsi_plus_gutenberg_text_before_share":"","sfsi_plus_gutenberg_show_text_before_share":"","sfsi_plus_gutenberg_icon_type":"","sfsi_plus_gutenberg_icon_alignemt":"","sfsi_plus_gutenburg_max_per_row":"","footnotes":""},"categories":[8],"tags":[],"class_list":["post-10962","post","type-post","status-publish","format-standard","has-post-thumbnail","hentry","category-brasil"],"_links":{"self":[{"href":"https:\/\/noticiasregionais.com.br\/index.php?rest_route=\/wp\/v2\/posts\/10962","targetHints":{"allow":["GET"]}}],"collection":[{"href":"https:\/\/noticiasregionais.com.br\/index.php?rest_route=\/wp\/v2\/posts"}],"about":[{"href":"https:\/\/noticiasregionais.com.br\/index.php?rest_route=\/wp\/v2\/types\/post"}],"author":[{"embeddable":true,"href":"https:\/\/noticiasregionais.com.br\/index.php?rest_route=\/wp\/v2\/users\/1"}],"replies":[{"embeddable":true,"href":"https:\/\/noticiasregionais.com.br\/index.php?rest_route=%2Fwp%2Fv2%2Fcomments&post=10962"}],"version-history":[{"count":0,"href":"https:\/\/noticiasregionais.com.br\/index.php?rest_route=\/wp\/v2\/posts\/10962\/revisions"}],"wp:featuredmedia":[{"embeddable":true,"href":"https:\/\/noticiasregionais.com.br\/index.php?rest_route=\/wp\/v2\/media\/10963"}],"wp:attachment":[{"href":"https:\/\/noticiasregionais.com.br\/index.php?rest_route=%2Fwp%2Fv2%2Fmedia&parent=10962"}],"wp:term":[{"taxonomy":"category","embeddable":true,"href":"https:\/\/noticiasregionais.com.br\/index.php?rest_route=%2Fwp%2Fv2%2Fcategories&post=10962"},{"taxonomy":"post_tag","embeddable":true,"href":"https:\/\/noticiasregionais.com.br\/index.php?rest_route=%2Fwp%2Fv2%2Ftags&post=10962"}],"curies":[{"name":"wp","href":"https:\/\/api.w.org\/{rel}","templated":true}]}}