{"id":10964,"date":"2025-11-13T13:00:00","date_gmt":"2025-11-13T16:00:00","guid":{"rendered":"https:\/\/noticiasregionais.com.br\/?p=10964"},"modified":"2025-11-13T13:00:00","modified_gmt":"2025-11-13T16:00:00","slug":"cop30-acoes-promovidas-pela-apexbrasil-dao-visibilidade-global-a-produtos-compativeis-com-a-floresta","status":"publish","type":"post","link":"https:\/\/noticiasregionais.com.br\/?p=10964","title":{"rendered":"COP30: a\u00e7\u00f5es promovidas pela ApexBrasil d\u00e3o visibilidade global a produtos compat\u00edveis com a floresta"},"content":{"rendered":"<p>\t\t\t\t\t\t\t\t\t\t\t<audio controls class=\"b61_audio_player\" data-noticia=\"85811\" src=\"https:\/\/brasil61.com\/rails\/active_storage\/blobs\/eyJfcmFpbHMiOnsibWVzc2FnZSI6IkJBaHBBMnkrQXc9PSIsImV4cCI6bnVsbCwicHVyIjoiYmxvYl9pZCJ9fQ==--fb3011f1875fbeb52a624958fd2fc8d62c33d60c\/APEX250083A\"><\/audio><\/p>\n<p>Em meio \u00e0 programa\u00e7\u00e3o da 30\u00aa Confer\u00eancia das Na\u00e7\u00f5es Unidas sobre Mudan\u00e7a do Clima (COP30), diversas entidades aproveitam a exposi\u00e7\u00e3o global para apresentar a\u00e7\u00f5es relevantes que unem quest\u00f5es ambientais e econ\u00f4micas. \u00c9 o caso da Ag\u00eancia Brasileira de Promo\u00e7\u00e3o de Exporta\u00e7\u00f5es e Investimentos <a href=\"https:\/\/apexbrasil.com.br\/\" target=\"_blank\" rel=\"noopener\">(ApexBrasil)<\/a>.<\/p>\n<p>Durante o evento, a entidade promover\u00e1 a\u00e7\u00f5es direcionadas \u00e0 valoriza\u00e7\u00e3o de produtos sustent\u00e1veis brasileiros e ao fortalecimento da imagem do pa\u00eds como protagonista na transi\u00e7\u00e3o verde. A COP30 ocorre entre os dias 10 e 21 de novembro, em Bel\u00e9m (PA).<\/p>\n<p><a href=\"https:\/\/brasil61.com\/n\/mapa-lidera-agenda-do-agro-sustentavel-na-cop-30-mapa250016\" target=\"_blank\" rel=\"noopener\">Mapa lidera agenda do agro sustent\u00e1vel na COP 30<\/a><\/p>\n<p><a href=\"https:\/\/brasil61.com\/n\/cop30-valorizacao-da-bioeconomia-na-amazonia-guia-discussoes-para-fomentar-desenvolvimento-regional-sustentavel-basa250118\" target=\"_blank\" rel=\"noopener\">COP30: valoriza\u00e7\u00e3o da bioeconomia na Amaz\u00f4nia guia discuss\u00f5es para fomentar desenvolvimento regional sustent\u00e1vel<\/a><\/p>\n<p>Para o presidente da ApexBrasil, Jorge Viana, al\u00e9m de contribu\u00edrem para o desenvolvimento sustent\u00e1vel e econ\u00f4mico, os resultados da COP30 precisam ser efetivados para, assim, darem um retorno positivo \u00e0 popula\u00e7\u00e3o de todo o planeta, sobretudo \u00e0 que vive na Regi\u00e3o Amaz\u00f4nica.<\/p>\n<p>\u201cJ\u00e1 tivemos muitas ideias de enfrentar a crise clim\u00e1tica, a inseguran\u00e7a clim\u00e1tica, as mudan\u00e7as clim\u00e1ticas que afetam tanto quem vive nas cidades como quem trabalha nas \u00e1reas rurais e florestais. Mas essa COP talvez seja a \u00faltima oportunidade que a gente tem e, se der certo, quem mais vai se beneficiar \u00e9 a popula\u00e7\u00e3o que vive na Amaz\u00f4nia\u201d, destaca.<\/p>\n<p>\u201cHoje, o mundo movimenta cerca de 300 bilh\u00f5es de d\u00f3lares em produtos compat\u00edveis com a floresta. E o Brasil, que tem a maior floresta tropical do planeta, participa com apenas 1% desse total. Isso mostra o tamanho da oportunidade que temos. Se conseguirmos ampliar a presen\u00e7a dos nossos produtos da biosocioeconomia e da floresta, podemos transformar a realidade da Amaz\u00f4nia. Em vez de movimentar cerca de 300 milh\u00f5es de d\u00f3lares, poder\u00edamos gerar mais de 2 bilh\u00f5es de d\u00f3lares aqui na regi\u00e3o\u201d, complementa.<\/p>\n<p>Entre as iniciativas, est\u00e1 a apresenta\u00e7\u00e3o do projeto setorial <a href=\"https:\/\/www.bsca.com.br\/projeto-setorial\/#:~:text=O%20projeto%20setorial%20%E2%80%9CBrazil.,e%20acesso%20a%20novos%20mercados.\" target=\"_blank\" rel=\"noopener\">\u201cBrazil. The Coffee Nation\u201d<\/a>. Nesse caso, o intuito da ApexBrasil \u00e9 promover a internacionaliza\u00e7\u00e3o do setor e consolidar o pa\u00eds como l\u00edder mundial na produ\u00e7\u00e3o de caf\u00e9s especiais. A ideia \u00e9 dar um destaque para ideias de sustentabilidade e para a qualidade que o segmento disp\u00f5e. \u00a0<\/p>\n<p>Uma das atividades em quest\u00e3o \u00e9 a degusta\u00e7\u00e3o sensorial de caf\u00e9s especiais nos espa\u00e7os oficiais da COP30 &#8211; Pavilh\u00f5es Brasil, zonas Azul e Verde.<\/p>\n<p>A a\u00e7\u00e3o \u00e9 desenvolvida pela Ag\u00eancia em parceria com a Associa\u00e7\u00e3o Brasileira de Caf\u00e9s Especiais <a href=\"https:\/\/www.bsca.com.br\/\" target=\"_blank\" rel=\"noopener\">(BSCA)<\/a>, com apoio do Conselho dos Exportadores de Caf\u00e9 do Brasil <a href=\"https:\/\/www.cecafe.com.br\/\" target=\"_blank\" rel=\"noopener\">(Cecaf\u00e9)<\/a>, a Associa\u00e7\u00e3o Brasileira da Ind\u00fastria de Caf\u00e9 <a href=\"https:\/\/www.abic.com.br\/\" target=\"_blank\" rel=\"noopener\">(ABIC)<\/a> e a Associa\u00e7\u00e3o Brasileira da Ind\u00fastria de Caf\u00e9 Sol\u00favel <a href=\"https:\/\/abics.com.br\/\" target=\"_blank\" rel=\"noopener\">(ABICS)<\/a>.<\/p>\n<p>As exporta\u00e7\u00f5es do caf\u00e9 amaz\u00f4nico superam US$ 130 milh\u00f5es. Os estados de Rond\u00f4nia e Acre lideram o avan\u00e7o desse produto, que alia tecnologia, sustentabilidade e alto potencial no mercado de caf\u00e9s especiais.<\/p>\n<p>\u201cA Amaz\u00f4nia passa a ter um papel de protagonista nos caf\u00e9s especiais. Entramos de vez no mapa mundial desse setor e, na COP, vamos mostrar isso para o mundo, levar caf\u00e9 \u00e9 tamb\u00e9m levar o sabor e a riqueza da Amaz\u00f4nia\u201d, pontua Viana.<\/p>\n<h2>Outros projetos<\/h2>\n<p>Outra iniciativa da Ag\u00eancia em destaque \u00e9 o programa <a href=\"https:\/\/apexbrasil.com.br\/content\/apexbrasil\/br\/pt\/eventos\/exporta-mais-amazonia.html\" target=\"_blank\" rel=\"noopener\">Exporta Mais Amaz\u00f4nia<\/a> \u2013 com a terceira edi\u00e7\u00e3o realizada em outubro de 2025, em Rio Branco (AC). Ao todo, o evento contou com 25 compradores internacionais de 18 pa\u00edses e 76 empresas amaz\u00f4nicas de setores como a\u00e7a\u00ed, caf\u00e9 robusta amaz\u00f4nico, castanha-do-Brasil, frutas processadas, carnes e artesanato.<\/p>\n<p>No total, foram efetivadas 337 reuni\u00f5es bilaterais. Os encontros foram respons\u00e1veis por uma expectativa de neg\u00f3cios de R$ 101,5 milh\u00f5es. Nas duas edi\u00e7\u00f5es anteriores, o montante movimentado chegou a R$ 85 milh\u00f5es.<\/p>\n<p>Em novembro, o estado tamb\u00e9m recebeu a fase \u201cRobusta Amaz\u00f4nico\u201d do Exporta Mais Brasil: Caf\u00e9s Especiais. O projeto somou 9 compradores, 34 produtores rurais vendedores, 47 amostras de caf\u00e9 e R$ 14 milh\u00f5es em neg\u00f3cios gerados. Desse valor, R$ 4,4 milh\u00f5es foram realizados no pr\u00f3prio evento e R$ 9,4 milh\u00f5es est\u00e3o previstos para os pr\u00f3ximos 12 meses.<\/p>\n<h2>Produtos em destaque<\/h2>\n<p>Al\u00e9m do caf\u00e9, outros produtos se destacam como itens com potencial para agregar valores econ\u00f4micos e sustent\u00e1veis para a Amaz\u00f4nia, como \u00e9 o caso do a\u00e7a\u00ed e do cacau.<\/p>\n<p>Presente em toda a regi\u00e3o, o a\u00e7a\u00ed, por exemplo, movimenta cadeias produtivas que envolvem milhares de fam\u00edlias, principalmente no Par\u00e1 e no Amap\u00e1. O item tamb\u00e9m tem papel estrat\u00e9gico na recupera\u00e7\u00e3o de \u00e1reas degradadas e na consolida\u00e7\u00e3o de sistemas agroflorestais (SAFs), que combinam produ\u00e7\u00e3o e conserva\u00e7\u00e3o.<\/p>\n<p>Na avalia\u00e7\u00e3o de Jorge Viana, o a\u00e7a\u00ed \u00e9 um produto fundamental na agenda clim\u00e1tica: \u201cCom a COP30 no Brasil, teremos recursos in\u00e9ditos para restaura\u00e7\u00e3o florestal e sistemas agroflorestais. O a\u00e7a\u00ed precisa estar no centro dessas pol\u00edticas\u201d, afirma.<br \/>\n\u00a0<\/p>\n<p>\t\t\t\t\t\t\t\t\t\t<img decoding=\"async\" src=\"https:\/\/brasil61.com\/api\/v1\/serve_pixel\/22254\/85811\" alt=\"Pixel Brasil 61\" class=\"b61_pixel\" width=\"0\" height=\"0\"><\/p>\n<div class=\"br61_backlink\">\n<p>\n\t\t\t\tFonte: <a href=\"https:\/\/brasil61.com\/cop30-acoes-promovidas-pela-apexbrasil-dao-visibilidade-global-a-produtos-compativeis-com-a-floresta-apex250083\" title=\"Artigo Original: COP30: a\u00e7\u00f5es promovidas pela ApexBrasil d\u00e3o visibilidade global a produtos compat\u00edveis com a floresta\" target=\"_blank\" rel=\"noopener\">Brasil 61<\/a>\n\t\t\t<\/p>\n<\/p><\/div>\n<input type=\"hidden\" id=\"baseurl\" value=\"https:\/\/noticiasregionais.com.br\"><input type=\"hidden\" id=\"audio_nonce\" value=\"3cdc555a10\">","protected":false},"excerpt":{"rendered":"<p>A Ag\u00eancia Brasileira de Promo\u00e7\u00e3o de Exporta\u00e7\u00f5es e Investimentos explica que o intuito \u00e9 dar destaque para ideias voltadas \u00e0 sustentabilidade e \u00e0 qualidade que o setor disp\u00f5e<\/p>\n","protected":false},"author":1,"featured_media":10965,"comment_status":"","ping_status":"open","sticky":false,"template":"","format":"standard","meta":{"sfsi_plus_gutenberg_text_before_share":"","sfsi_plus_gutenberg_show_text_before_share":"","sfsi_plus_gutenberg_icon_type":"","sfsi_plus_gutenberg_icon_alignemt":"","sfsi_plus_gutenburg_max_per_row":"","footnotes":""},"categories":[8],"tags":[],"class_list":["post-10964","post","type-post","status-publish","format-standard","has-post-thumbnail","hentry","category-brasil"],"_links":{"self":[{"href":"https:\/\/noticiasregionais.com.br\/index.php?rest_route=\/wp\/v2\/posts\/10964","targetHints":{"allow":["GET"]}}],"collection":[{"href":"https:\/\/noticiasregionais.com.br\/index.php?rest_route=\/wp\/v2\/posts"}],"about":[{"href":"https:\/\/noticiasregionais.com.br\/index.php?rest_route=\/wp\/v2\/types\/post"}],"author":[{"embeddable":true,"href":"https:\/\/noticiasregionais.com.br\/index.php?rest_route=\/wp\/v2\/users\/1"}],"replies":[{"embeddable":true,"href":"https:\/\/noticiasregionais.com.br\/index.php?rest_route=%2Fwp%2Fv2%2Fcomments&post=10964"}],"version-history":[{"count":0,"href":"https:\/\/noticiasregionais.com.br\/index.php?rest_route=\/wp\/v2\/posts\/10964\/revisions"}],"wp:featuredmedia":[{"embeddable":true,"href":"https:\/\/noticiasregionais.com.br\/index.php?rest_route=\/wp\/v2\/media\/10965"}],"wp:attachment":[{"href":"https:\/\/noticiasregionais.com.br\/index.php?rest_route=%2Fwp%2Fv2%2Fmedia&parent=10964"}],"wp:term":[{"taxonomy":"category","embeddable":true,"href":"https:\/\/noticiasregionais.com.br\/index.php?rest_route=%2Fwp%2Fv2%2Fcategories&post=10964"},{"taxonomy":"post_tag","embeddable":true,"href":"https:\/\/noticiasregionais.com.br\/index.php?rest_route=%2Fwp%2Fv2%2Ftags&post=10964"}],"curies":[{"name":"wp","href":"https:\/\/api.w.org\/{rel}","templated":true}]}}