{"id":10966,"date":"2025-11-13T16:00:00","date_gmt":"2025-11-13T19:00:00","guid":{"rendered":"https:\/\/noticiasregionais.com.br\/?p=10966"},"modified":"2025-11-13T22:31:32","modified_gmt":"2025-11-14T01:31:32","slug":"projeto-de-lei-do-oceano-sem-plastico-esta-parado-no-senado-ha-mais-de-600-dias","status":"publish","type":"post","link":"https:\/\/noticiasregionais.com.br\/?p=10966","title":{"rendered":"Projeto de Lei do Oceano Sem Pl\u00e1stico est\u00e1 parado no Senado h\u00e1 mais de 600 dias"},"content":{"rendered":"<p>\t\t\t\t\t\t\t\t\t\t<audio controls class=\"b61_audio_player\" data-noticia=\"85779\" src=\"https:\/\/brasil61.com\/rails\/active_storage\/blobs\/eyJfcmFpbHMiOnsibWVzc2FnZSI6IkJBaHBBOSsrQXc9PSIsImV4cCI6bnVsbCwicHVyIjoiYmxvYl9pZCJ9fQ==--37d55a82cbd9a628461b83053abe69c27969f005\/BRAS2515127B\"><\/audio><\/p>\n<p>A <strong>polui\u00e7\u00e3o por pl\u00e1stico \u00e9 considerada a segunda maior amea\u00e7a ambiental<\/strong> ao planeta, atr\u00e1s apenas da emerg\u00eancia clim\u00e1tica, segundo a Organiza\u00e7\u00e3o das Na\u00e7\u00f5es Unidas (<a href=\"https:\/\/brasil.un.org\/pt-br\" target=\"_blank\" rel=\"noopener\">ONU<\/a>). Mais de <a href=\"https:\/\/brasil.oceana.org\/blog\/decreto-enop-publicado\/\" target=\"_blank\" rel=\"noopener\"><strong>140 pa\u00edses j\u00e1 adotaram medidas regulat\u00f3rias<\/strong><\/a> <strong>para<\/strong> <strong>reduzir ou restringir a produ\u00e7\u00e3o de pl\u00e1sticos descart\u00e1veis<\/strong> como forma de conter a polui\u00e7\u00e3o. O <strong>Brasil<\/strong>, no entanto,<strong> segue sem uma legisla\u00e7\u00e3o nacional<\/strong> sobre o tema.<\/p>\n<p>O <strong><a href=\"https:\/\/www25.senado.leg.br\/web\/atividade\/materias\/-\/materia\/154790\" target=\"_blank\" rel=\"noopener\">Projeto de Lei (PL) 2524\/2022<\/a><\/strong>, que<strong> institui medidas para a implementa\u00e7\u00e3o de uma Economia Circular do Pl\u00e1stico no pa\u00eds<\/strong>, permanece<strong> sem avan\u00e7o<\/strong> na Comiss\u00e3o de Assuntos Econ\u00f4micos (<a href=\"https:\/\/legis.senado.leg.br\/atividade\/comissoes\/comissao\/38\/\" target=\"_blank\" rel=\"noopener\">CAE<\/a>) do <strong>Senado<\/strong>. H\u00e1 <strong>mais de 600 dias<\/strong>, o texto <strong>aguarda parecer do senador<\/strong> <a href=\"https:\/\/www25.senado.leg.br\/web\/senadores\/senador\/-\/perfil\/5523\" target=\"_blank\" rel=\"noopener\">Otto Alencar (PSD-BA)<\/a>, designado relator em mar\u00e7o de 2024.\u00a0<\/p>\n<p>Essa paralisa\u00e7\u00e3o legislativa ocorre em meio a uma <strong>crise ambiental crescente<\/strong>. Um <a href=\"https:\/\/brasil.oceana.org\/wp-content\/uploads\/sites\/23\/2024\/10\/Fragmentos-da-Destruicao_FINAL-FINAL-FINAL_compressed.pdf\" target=\"_blank\" rel=\"noopener\">levantamento<\/a> da organiza\u00e7\u00e3o <a href=\"https:\/\/brasil.oceana.org\/\" target=\"_blank\" rel=\"noopener\">Oceana<\/a> aponta que o <strong>Brasil despeja cerca de 1,3 milh\u00e3o de toneladas de pl\u00e1stico por ano nos oceanos<\/strong>, o equivalente a 8% do total mundial. <strong>O pa\u00eds ocupa a oitava posi\u00e7\u00e3o entre os maiores poluidores do planeta e lidera o ranking na Am\u00e9rica Latina<\/strong>.<\/p>\n<p>A contribui\u00e7\u00e3o brasileira para o agravamento desse cen\u00e1rio <strong>refor\u00e7a a necessidade de medidas como as propostas no Projeto de Lei do Oceano Sem Pl\u00e1stico<\/strong>. De acordo com Lara Iwanicki, diretora de Estrat\u00e9gia e Advocacy da Oceana, \u201cesse projeto se tornar\u00e1 uma pol\u00edtica de Estado, n\u00e3o de governo. A polui\u00e7\u00e3o por pl\u00e1sticos independe de quem est\u00e1 no poder. Ela continuar\u00e1 acontecendo e \u00e9 por isso que precisamos de uma pol\u00edtica de longo prazo e est\u00e1vel.\u201d<\/p>\n<h2>O que prop\u00f5e o PL 2524\/2022?<\/h2>\n<p>Alinhado aos princ\u00edpios da Economia Circular, o <strong>Projeto de Lei prop\u00f5e uma mudan\u00e7a estrutural<\/strong> na forma como o pl\u00e1stico \u00e9 produzido, consumido e descartado no Brasil.\u00a0<\/p>\n<p>O modelo <strong>parte da n\u00e3o gera\u00e7\u00e3o de res\u00edduos e prioriza a elimina\u00e7\u00e3o progressiva de itens de uso \u00fanico<\/strong>, como canudos, copos, pratos e talheres que n\u00e3o possuem reciclabilidade. <strong>O texto prev\u00ea<\/strong>:<\/p>\n<ul>\n<li><strong>Proibi\u00e7\u00e3o<\/strong>, de tr\u00eas a quatro anos ap\u00f3s a san\u00e7\u00e3o, de produtos pl\u00e1sticos de uso \u00fanico problem\u00e1ticos e desnecess\u00e1rios e de micropl\u00e1sticos em cosm\u00e9ticos e itens de higiene;<\/li>\n<li><strong>Obrigatoriedade<\/strong>, a partir de 31 de dezembro de 2029, de que todas as embalagens pl\u00e1sticas sejam retorn\u00e1veis, comprovadamente recicl\u00e1veis ou compost\u00e1veis;<\/li>\n<li><strong>Inclus\u00e3o<\/strong> dos catadores e catadoras no programa de Pagamento por Servi\u00e7o Ambiental, com remunera\u00e7\u00e3o pelo relevante trabalho prestado.<\/li>\n<\/ul>\n<h2>Tr\u00e2mite<\/h2>\n<p>Em<strong> tramita\u00e7\u00e3o desde 2022<\/strong>, o PL do Oceano Sem Pl\u00e1stico foi aprovado pela Comiss\u00e3o de Assuntos Sociais (<a href=\"https:\/\/legis.senado.leg.br\/atividade\/comissoes\/comissao\/40\/\" target=\"_blank\" rel=\"noopener\">CAS<\/a>) do Senado, ap\u00f3s audi\u00eancia p\u00fablica e parecer favor\u00e1vel da Senadora Zenaide Maia. Em outubro de 2023, no entanto, a proposta estagnou na CAE, Comiss\u00e3o de Assuntos Econ\u00f4micos, sob relatoria do senador Otto Alencar (PSD-BA).<\/p>\n<p>A reportagem procurou o parlamentar, mas n\u00e3o obteve retorno at\u00e9 a data desta publica\u00e7\u00e3o.<\/p>\n<p><strong>LINHA DO TEMPO<\/strong><\/p>\n<table>\n<tbody>\n<tr>\n<th>Data<\/th>\n<th>Tr\u00e2mite<\/th>\n<\/tr>\n<tr>\n<td>27\/09\/2022<\/td>\n<td>In\u00edcio da tramita\u00e7\u00e3o no Senado<\/td>\n<\/tr>\n<tr>\n<td>30\/05\/2023<\/td>\n<td>Relat\u00f3rio favor\u00e1vel na Comiss\u00e3o de Assuntos Sociais (CAS)<\/td>\n<\/tr>\n<tr>\n<td>11\/10\/2023<\/td>\n<td>Audi\u00eancia p\u00fablica realizada<\/td>\n<\/tr>\n<tr>\n<td>18\/10\/2023<\/td>\n<td>Aprova\u00e7\u00e3o do parecer na CAS e envio para a Comiss\u00e3o de Assuntos Econ\u00f4micos (CAE)<\/td>\n<\/tr>\n<tr>\n<td>05\/03\/2024<\/td>\n<td>Distribui\u00e7\u00e3o ao relator na CAE (senador Otto Alencar)<\/td>\n<\/tr>\n<\/tbody>\n<\/table>\n<p><a href=\"https:\/\/www25.senado.leg.br\/web\/atividade\/materias\/-\/materia\/154790\" target=\"_blank\" rel=\"noopener\"><span style=\"font-size:10px\"><em>Fonte: Senado<\/em><\/span><\/a><\/p>\n<p>Segundo Iwanicki,<strong> o principal entrave \u00e0 tramita\u00e7\u00e3o do Projeto de Lei \u00e9 pol\u00edtico<\/strong>. Apesar da ampla base de evid\u00eancias cient\u00edficas sobre os impactos dos micropl\u00e1sticos na sa\u00fade humana e no meio ambiente, especialmente nos oceanos, <strong>setores da ind\u00fastria qu\u00edmica e do pl\u00e1stico resistem \u00e0 proposta<\/strong> e alegam amea\u00e7a \u00e0 sobreviv\u00eancia do setor. \u201cIsso n\u00e3o \u00e9 verdade\u201d, destaca a diretora.<\/p>\n<p>\u201cO projeto trata da circula\u00e7\u00e3o de embalagens e da redu\u00e7\u00e3o progressiva de <strong>itens que representam apenas 1,83% da produ\u00e7\u00e3o<\/strong>.\u201d Para ela, h\u00e1 distor\u00e7\u00e3o nos dados e rea\u00e7\u00e3o desproporcional de um setor que j\u00e1 perdeu espa\u00e7o no mercado. \u201cEsse avan\u00e7o j\u00e1 \u00e9 uma realidade nas legisla\u00e7\u00f5es de v\u00e1rios pa\u00edses e nas negocia\u00e7\u00f5es do Tratado Global Contra a Polui\u00e7\u00e3o por Pl\u00e1sticos, iniciativa da ONU em busca de solu\u00e7\u00f5es efetivas para essa crise mundial. Ent\u00e3o, \u00e9 um caminho sem volta\u201d, evidencia.<\/p>\n<p>Atualmente, <strong>mais de 90 organiza\u00e7\u00f5es<\/strong> da sociedade civil, que integram a campanha <a href=\"https:\/\/pareotsunamideplastico.org\/\" target=\"_blank\" rel=\"noopener\">Pare o Tsunami de Pl\u00e1stico<\/a>, <strong>pressionam pela aprova\u00e7\u00e3o<\/strong> do Projeto de Lei.\u00a0<\/p>\n<p>Iwanicki refor\u00e7a ainda que o impasse pol\u00edtico exige mobiliza\u00e7\u00e3o social: \u201cA sociedade precisa cobrar dos parlamentares a aprova\u00e7\u00e3o do projeto. Sem press\u00e3o, ele n\u00e3o avan\u00e7a\u201d.<\/p>\n<h2>Risco \u00e0 sa\u00fade<\/h2>\n<p>Enquanto o projeto permanece travado no Senado, <strong>micropl\u00e1sticos j\u00e1 foram identificados em \u00f3rg\u00e3os humanos<\/strong>, como pulm\u00f5es, cora\u00e7\u00e3o, leite materno e placenta. Uma pesquisa da Faculdade de Medicina da Universidade de S\u00e3o Paulo (<a href=\"https:\/\/www3.fm.usp.br\/fmusp\/portal\/\" target=\"_blank\" rel=\"noopener\">FMUSP<\/a>), em parceria com a Universidade Livre de Berlim, tamb\u00e9m <strong>detectou <a href=\"https:\/\/www.fm.usp.br\/fmusp\/noticias\/pesquisa-da-faculdade-de-medicina-da-usp-detecta-microplasticos-no-cerebro\" target=\"_blank\" rel=\"noopener\">part\u00edculas do material sint\u00e9tico no c\u00e9rebro<\/a><\/strong>.<\/p>\n<p>Outro <a href=\"https:\/\/www.nejm.org\/doi\/full\/10.1056\/NEJMoa2309822\" target=\"_blank\" rel=\"noopener\">estudo<\/a>, conduzido por cientistas em N\u00e1poles, revelou que <strong>micropl\u00e1sticos presentes nos vasos sangu\u00edneos podem estar associados a riscos graves \u00e0 sa\u00fade<\/strong>. Os pesquisadores analisaram placas de gordura retiradas de pacientes com doen\u00e7as arteriais e descobriram que mais da metade continha part\u00edculas de polietileno ou PVC.<\/p>\n<p>Pessoas contaminadas apresentaram quase cinco vezes mais chances de sofrer acidente vascular cerebral, infarto ou morte por qualquer causa nos 34 meses seguintes. Embora o estudo n\u00e3o comprove uma rela\u00e7\u00e3o direta de causa e efeito, evid\u00eancias em testes com animais e c\u00e9lulas humanas sugerem que essas part\u00edculas podem contribuir para o agravamento de doen\u00e7as cardiovasculares.<\/p>\n<h2>Impacto ecol\u00f3gico<\/h2>\n<p>Segundo o relat\u00f3rio <a href=\"https:\/\/brasil.oceana.org\/wp-content\/uploads\/sites\/23\/2024\/10\/Fragmentos-da-Destruicao_FINAL-FINAL-FINAL_compressed.pdf\" target=\"_blank\" rel=\"noopener\"><em>Fragmentos da Destrui\u00e7\u00e3o: impactos do pl\u00e1stico na biodiversidade marinha<\/em><\/a>, publicado pela Oceana em outubro de 2024, a <strong>contamina\u00e7\u00e3o afetou cerca de 200 esp\u00e9cies no Brasil<\/strong>. O estudo revela que, entre tartarugas, aves e mam\u00edferos que ingerem pl\u00e1stico, <strong>um em cada dez n\u00e3o sobrevive<\/strong>.<\/p>\n<p>\u201cN\u00e3o se trata apenas do ambiente marinho, mas de todas as bacias hidrogr\u00e1ficas e do caminho que esse res\u00edduo percorre at\u00e9 chegar ao mar\u201d, pontua Iwanicki.<\/p>\n<p><img decoding=\"async\" style=\"width:100%\" alt=\"\" src=\"\/\/s3-sa-east-1.amazonaws.com\/agencia-radio-arb\/6604\/content_INFORGRAFICO-OCEANA.jpg\" \/><\/p>\n<p><a href=\"https:\/\/brasil.oceana.org\/wp-content\/uploads\/sites\/23\/2024\/10\/Fragmentos-da-Destruicao_FINAL-FINAL-FINAL_compressed.pdf\" target=\"_blank\" rel=\"noopener\"><em><span style=\"font-size:10px\">Fonte: Oceana<\/span><\/em><\/a><\/p>\n<p>Al\u00e9m de enfrentar a crise ambiental, a diretora ressalta que o <strong>Projeto de Lei abre caminho para um novo ciclo econ\u00f4mico<\/strong>. \u201cO projeto prop\u00f5e medidas concretas e necess\u00e1rias para enfrentar esse cen\u00e1rio, impulsionando a economia ao fomentar materiais alternativos e embalagens sustent\u00e1veis. Isso gera emprego, inova\u00e7\u00e3o, tecnologia\u201d, afirma.<\/p>\n<p>Iwanicki destaca que \u201co <strong>Brasil ainda tem condi\u00e7\u00f5es de liderar esse processo<\/strong>, em vez de apostar num modelo ultrapassado que diversos outros pa\u00edses j\u00e1 deixaram para tr\u00e1s. Mas, para isso, \u00e9 preciso agir agora\u201d.<\/p>\n<p>\t\t\t\t\t\t\t\t\t<img decoding=\"async\" src=\"https:\/\/brasil61.com\/api\/v1\/serve_pixel\/22254\/85779\" alt=\"Pixel Brasil 61\" class=\"b61_pixel\" width=\"0\" height=\"0\"><\/p>\n<div class=\"br61_backlink\">\n<p>\n\t\t\t\tFonte: <a href=\"https:\/\/brasil61.com\/projeto-de-lei-do-oceano-sem-plastico-esta-parado-no-senado-ha-mais-de-600-dias-bras2515127\" title=\"Artigo Original: Projeto de Lei do Oceano Sem Pl\u00e1stico est\u00e1 parado no Senado h\u00e1 mais de 600 dias\" target=\"_blank\" rel=\"noopener\">Brasil 61<\/a>\n\t\t\t<\/p>\n<\/p><\/div>\n<input type=\"hidden\" id=\"baseurl\" value=\"https:\/\/noticiasregionais.com.br\"><input type=\"hidden\" id=\"audio_nonce\" value=\"533fbb67b1\">","protected":false},"excerpt":{"rendered":"<p>Segundo dados da Oceana, o Brasil lidera a polui\u00e7\u00e3o por pl\u00e1stico na Am\u00e9rica Latina; Projeto de Lei 2524\/2022 enfrenta resist\u00eancia da ind\u00fastria<\/p>\n","protected":false},"author":1,"featured_media":10983,"comment_status":"closed","ping_status":"open","sticky":false,"template":"","format":"standard","meta":{"sfsi_plus_gutenberg_text_before_share":"","sfsi_plus_gutenberg_show_text_before_share":"","sfsi_plus_gutenberg_icon_type":"","sfsi_plus_gutenberg_icon_alignemt":"","sfsi_plus_gutenburg_max_per_row":"","footnotes":""},"categories":[8],"tags":[],"class_list":["post-10966","post","type-post","status-publish","format-standard","has-post-thumbnail","hentry","category-brasil"],"_links":{"self":[{"href":"https:\/\/noticiasregionais.com.br\/index.php?rest_route=\/wp\/v2\/posts\/10966","targetHints":{"allow":["GET"]}}],"collection":[{"href":"https:\/\/noticiasregionais.com.br\/index.php?rest_route=\/wp\/v2\/posts"}],"about":[{"href":"https:\/\/noticiasregionais.com.br\/index.php?rest_route=\/wp\/v2\/types\/post"}],"author":[{"embeddable":true,"href":"https:\/\/noticiasregionais.com.br\/index.php?rest_route=\/wp\/v2\/users\/1"}],"replies":[{"embeddable":true,"href":"https:\/\/noticiasregionais.com.br\/index.php?rest_route=%2Fwp%2Fv2%2Fcomments&post=10966"}],"version-history":[{"count":1,"href":"https:\/\/noticiasregionais.com.br\/index.php?rest_route=\/wp\/v2\/posts\/10966\/revisions"}],"predecessor-version":[{"id":10982,"href":"https:\/\/noticiasregionais.com.br\/index.php?rest_route=\/wp\/v2\/posts\/10966\/revisions\/10982"}],"wp:featuredmedia":[{"embeddable":true,"href":"https:\/\/noticiasregionais.com.br\/index.php?rest_route=\/wp\/v2\/media\/10983"}],"wp:attachment":[{"href":"https:\/\/noticiasregionais.com.br\/index.php?rest_route=%2Fwp%2Fv2%2Fmedia&parent=10966"}],"wp:term":[{"taxonomy":"category","embeddable":true,"href":"https:\/\/noticiasregionais.com.br\/index.php?rest_route=%2Fwp%2Fv2%2Fcategories&post=10966"},{"taxonomy":"post_tag","embeddable":true,"href":"https:\/\/noticiasregionais.com.br\/index.php?rest_route=%2Fwp%2Fv2%2Ftags&post=10966"}],"curies":[{"name":"wp","href":"https:\/\/api.w.org\/{rel}","templated":true}]}}