{"id":10984,"date":"2025-11-14T04:20:00","date_gmt":"2025-11-14T07:20:00","guid":{"rendered":"https:\/\/noticiasregionais.com.br\/?p=10984"},"modified":"2025-11-15T22:35:42","modified_gmt":"2025-11-16T01:35:42","slug":"postos-de-trabalho-de-enfermagem-crescem-46-no-centro-oeste-em-cinco-anos-diz-estudo","status":"publish","type":"post","link":"https:\/\/noticiasregionais.com.br\/?p=10984","title":{"rendered":"Postos de trabalho de enfermagem crescem 46% no Centro-Oeste em cinco anos, diz estudo"},"content":{"rendered":"<p>\t\t\t\t\t\t\t\t\t\t<audio controls class=\"b61_audio_player\" data-noticia=\"85828\" src=\"https:\/\/brasil61.com\/rails\/active_storage\/blobs\/eyJfcmFpbHMiOnsibWVzc2FnZSI6IkJBaHBBeGEvQXc9PSIsImV4cCI6bnVsbCwicHVyIjoiYmxvYl9pZCJ9fQ==--e3b0b5f5688737931cf4351a8bdd12ceaef2affe\/BRAS2515138A\"><\/audio><\/p>\n<p>Lan\u00e7ado pelo <strong>Minist\u00e9rio da Sa\u00fade<\/strong> na \u00faltima ter\u00e7a-feira (11), o estudo in\u00e9dito <strong><a href=\"https:\/\/bvsms.saude.gov.br\/bvs\/publicacoes\/demografia_enfermagem_mercado_trabalho_v1.pdf\" target=\"_blank\" rel=\"noopener\">Demografia da Enfermagem do Brasil<\/a><\/strong> mostrou que o n\u00famero de <strong>postos de trabalho<\/strong> no <strong>setor da enfermagem<\/strong> <strong>aumentou em 46,3%<\/strong> na Regi\u00e3o <strong>Centro-Oeste<\/strong> em cinco anos \u2014 de <strong>76,1 mil<\/strong> v\u00ednculos em <strong>2017<\/strong> para <strong>119,7<\/strong> <strong>mil<\/strong> em <strong>2022<\/strong>. Contudo, o n\u00famero <strong>n\u00e3o equivale<\/strong> \u00e0 quantidade de <strong>profissionais empregados<\/strong> na regi\u00e3o, uma vez que um mesmo trabalhador <strong>pode ocupar mais de um v\u00ednculo<\/strong> empregat\u00edcio.<\/p>\n<p>Financiada com <strong>recursos do Minist\u00e9rio da Sa\u00fade<\/strong> e <strong>realizada<\/strong> em parceria com a <strong>Universidade do Estado do Rio de Janeiro<\/strong> (UERJ), a pesquisa <strong>Demografia e Mercado de Trabalho em Enfermagem no Brasil<\/strong> mapeou o <strong>panorama do mercado de trabalho<\/strong> da enfermagem \u2014 setor que concentra o maior n\u00famero de postos na \u00e1rea da sa\u00fade \u2014 e detalhou o <strong>perfil dos profissionais do Brasil<\/strong>, considerando enfermeiros, t\u00e9cnicos e auxiliares de enfermagem. O estudo teve o <strong>objetivo de fornecer uma ampla base de dados<\/strong> para que gestores e entidades de sa\u00fade possam elaborar a\u00e7\u00f5es espec\u00edficas e implementar pol\u00edticas voltadas ao provimento, gest\u00e3o e valoriza\u00e7\u00e3o da enfermagem no pa\u00eds.<\/p>\n<p>Os <strong>resultados<\/strong> <strong>apontaram<\/strong> que, assim como a Regi\u00e3o Nordeste, o <strong>Centro-Oeste apresentou o maior crescimento proporcional no per\u00edodo<\/strong> em alguns n\u00edveis. A <strong>aten\u00e7\u00e3o prim\u00e1ria<\/strong> (b\u00e1sica) do Centro-Oeste respondeu por <strong>7,1%<\/strong> do total de <strong>285.052 v\u00ednculos<\/strong> em 2022. A aten\u00e7\u00e3o <strong>secund\u00e1ria <\/strong>(m\u00e9dia complexidade) da regi\u00e3o manteve <strong>crescimento<\/strong> est\u00e1vel de <strong>9,2%<\/strong> dos <strong>238,5 mil postos<\/strong><strong> <\/strong>do pa\u00eds em 2022. J\u00e1 na <strong>terci\u00e1ria<\/strong> (alta complexidade), que apresentou a <strong>maior expans\u00e3o absoluta e percentual<\/strong> entre os n\u00edveis de aten\u00e7\u00e3o, a regi\u00e3o concentrou <strong>8,1% dos 899,5 mil postos<\/strong> em todo o pa\u00eds. O <strong>total<\/strong> de <strong>vinculados<\/strong> em enfermagem no pa\u00eds <strong>aumentou em 44%<\/strong> no per\u00edodo.<\/p>\n<p>Chama a aten\u00e7\u00e3o que, de <strong>2020 em diante<\/strong>, os <strong>n\u00fameros<\/strong> <strong>de contrata\u00e7\u00e3o<\/strong> de enfermeiros e t\u00e9cnicos <strong>sofreram aumentos significativos<\/strong>, sobretudo no setor p\u00fablico, o que se encaixa no <strong>aumento da demanda trazida pela pandemia de covid-19<\/strong>. Segundo o minist\u00e9rio, o crescimento do n\u00famero desses profissionais nesse per\u00edodo, especialmente no Sistema \u00danico de Sa\u00fade (SUS), reflete o fortalecimento das pol\u00edticas de expans\u00e3o e qualifica\u00e7\u00e3o da sa\u00fade de 2017 a 2022.<\/p>\n<h2>Regimes de trabalho e presen\u00e7a no SUS<\/h2>\n<p>O estudo <strong>destacou<\/strong> a <strong>predomin\u00e2ncia<\/strong> de <strong>v\u00ednculos formais de trabalho<\/strong>\u00a0e constatou que <strong>67%<\/strong> dos <strong>contratos<\/strong> est\u00e3o registrados sob o <strong>regime celetista (CLT)<\/strong>. Os <strong>demais<\/strong> profissionais <strong>(33%)<\/strong> atuam por meio de <strong>contratos estatut\u00e1rios e outras formas de v\u00ednculo, como tempor\u00e1rios e aut\u00f4nomos<\/strong>. Segundo o minist\u00e9rio, essa diversidade reflete a <strong>heterogeneidade<\/strong> do <strong>mercado<\/strong> de trabalho no setor, abrangendo tanto servidores p\u00fablicos quanto empregados da iniciativa privada.<\/p>\n<p>Al\u00e9m disso, a pesquisa mostrou que os profissionais da enfermagem representam a <strong>maior parte da for\u00e7a de trabalho no SUS<\/strong>. Segundo o minist\u00e9rio, a presen\u00e7a desses profissionais \u00e9 indispens\u00e1vel em todos os n\u00edveis de aten\u00e7\u00e3o, desde a aten\u00e7\u00e3o b\u00e1sica at\u00e9 os servi\u00e7os de alta complexidade.<\/p>\n<p>A for\u00e7a de trabalho, ainda segundo o estudo, permaneceu <strong>majoritariamente feminina<\/strong> \u2014 cerca de <strong>85% do total<\/strong>\u00a0\u2014, com um <strong>predom\u00ednio de jornadas com dura\u00e7\u00f5es entre 31 e 40 horas semanais<\/strong> e com <strong>remunera\u00e7\u00e3o m\u00e9dia<\/strong> entre <strong>dois e tr\u00eas sal\u00e1rios m\u00ednimos<\/strong>.<\/p>\n<p>\t\t\t\t\t\t\t\t\t<img decoding=\"async\" src=\"https:\/\/brasil61.com\/api\/v1\/serve_pixel\/22254\/85828\" alt=\"Pixel Brasil 61\" class=\"b61_pixel\" width=\"0\" height=\"0\"><\/p>\n<div class=\"br61_backlink\">\n<p>\n\t\t\t\tFonte: <a href=\"https:\/\/brasil61.com\/postos-de-trabalho-de-enfermagem-crescem-46-no-centro-oeste-em-cinco-anos-diz-estudo-bras2515138\" title=\"Artigo Original: Postos de trabalho de enfermagem crescem 46% no Centro-Oeste em cinco anos, diz estudo \" target=\"_blank\" rel=\"noopener\">Brasil 61<\/a>\n\t\t\t<\/p>\n<\/p><\/div>\n<input type=\"hidden\" id=\"baseurl\" value=\"https:\/\/noticiasregionais.com.br\"><input type=\"hidden\" id=\"audio_nonce\" value=\"5c13e0637f\">","protected":false},"excerpt":{"rendered":"<p>Pesquisa do Minist\u00e9rio da Sa\u00fade mostrou que a regi\u00e3o teve o maior crescimento proporcional nos n\u00edveis de baixa, m\u00e9dia e alta complexidade<\/p>\n","protected":false},"author":1,"featured_media":11049,"comment_status":"closed","ping_status":"open","sticky":false,"template":"","format":"standard","meta":{"sfsi_plus_gutenberg_text_before_share":"","sfsi_plus_gutenberg_show_text_before_share":"","sfsi_plus_gutenberg_icon_type":"","sfsi_plus_gutenberg_icon_alignemt":"","sfsi_plus_gutenburg_max_per_row":"","footnotes":""},"categories":[8],"tags":[],"class_list":["post-10984","post","type-post","status-publish","format-standard","has-post-thumbnail","hentry","category-brasil"],"_links":{"self":[{"href":"https:\/\/noticiasregionais.com.br\/index.php?rest_route=\/wp\/v2\/posts\/10984","targetHints":{"allow":["GET"]}}],"collection":[{"href":"https:\/\/noticiasregionais.com.br\/index.php?rest_route=\/wp\/v2\/posts"}],"about":[{"href":"https:\/\/noticiasregionais.com.br\/index.php?rest_route=\/wp\/v2\/types\/post"}],"author":[{"embeddable":true,"href":"https:\/\/noticiasregionais.com.br\/index.php?rest_route=\/wp\/v2\/users\/1"}],"replies":[{"embeddable":true,"href":"https:\/\/noticiasregionais.com.br\/index.php?rest_route=%2Fwp%2Fv2%2Fcomments&post=10984"}],"version-history":[{"count":1,"href":"https:\/\/noticiasregionais.com.br\/index.php?rest_route=\/wp\/v2\/posts\/10984\/revisions"}],"predecessor-version":[{"id":10990,"href":"https:\/\/noticiasregionais.com.br\/index.php?rest_route=\/wp\/v2\/posts\/10984\/revisions\/10990"}],"wp:featuredmedia":[{"embeddable":true,"href":"https:\/\/noticiasregionais.com.br\/index.php?rest_route=\/wp\/v2\/media\/11049"}],"wp:attachment":[{"href":"https:\/\/noticiasregionais.com.br\/index.php?rest_route=%2Fwp%2Fv2%2Fmedia&parent=10984"}],"wp:term":[{"taxonomy":"category","embeddable":true,"href":"https:\/\/noticiasregionais.com.br\/index.php?rest_route=%2Fwp%2Fv2%2Fcategories&post=10984"},{"taxonomy":"post_tag","embeddable":true,"href":"https:\/\/noticiasregionais.com.br\/index.php?rest_route=%2Fwp%2Fv2%2Ftags&post=10984"}],"curies":[{"name":"wp","href":"https:\/\/api.w.org\/{rel}","templated":true}]}}