{"id":10988,"date":"2025-11-14T04:45:00","date_gmt":"2025-11-14T07:45:00","guid":{"rendered":"https:\/\/noticiasregionais.com.br\/?p=10988"},"modified":"2025-11-15T23:02:04","modified_gmt":"2025-11-16T02:02:04","slug":"estudo-da-cni-apresenta-acoes-para-destravar-us-13-trilhao-em-financiamento-climatico","status":"publish","type":"post","link":"https:\/\/noticiasregionais.com.br\/?p=10988","title":{"rendered":"Estudo apresenta a\u00e7\u00f5es para destravar US$ 1,3 trilh\u00e3o em financiamento clim\u00e1tico"},"content":{"rendered":"<p>\t\t\t\t\t\t\t\t\t\t<audio controls class=\"b61_audio_player\" data-noticia=\"85826\" src=\"https:\/\/brasil61.com\/rails\/active_storage\/blobs\/eyJfcmFpbHMiOnsibWVzc2FnZSI6IkJBaHBBeHUvQXc9PSIsImV4cCI6bnVsbCwicHVyIjoiYmxvYl9pZCJ9fQ==--50cdada47109098845921224ee272314869a1048\/PIND254678A\"><\/audio><\/p>\n<p>Em meio \u00e0 programa\u00e7\u00e3o da 30\u00aa Confer\u00eancia das Na\u00e7\u00f5es Unidas sobre as Mudan\u00e7as Clim\u00e1ticas (COP30), a Confedera\u00e7\u00e3o Nacional da Ind\u00fastria <a href=\"https:\/\/cni.portaldaindustria.com.br\/pt\/\" target=\"_blank\" rel=\"noopener\">(CNI)<\/a> lan\u00e7ou, nesta quinta-feira (13), um estudo que elenca a\u00e7\u00f5es para viabilizar a nova meta global de financiamento clim\u00e1tico (NCQG). O compromisso foi aprovado na COP29, no Azerbaij\u00e3o, e prev\u00ea a mobiliza\u00e7\u00e3o de US$300 bilh\u00f5es por ano at\u00e9 2035. H\u00e1 a possibilidade de esse valor chegar a US$1,3 trilh\u00e3o anualmente a partir de fontes p\u00fablicas, privadas, bilaterais e multilaterais.<\/p>\n<p>Denominado \u201cNova arquitetura do financiamento clim\u00e1tico: mobiliza\u00e7\u00e3o de recursos para a mitiga\u00e7\u00e3o e adapta\u00e7\u00e3o\u201d, o levantamento da CNI defende a reforma da arquitetura financeira internacional, com a disponibilidade de instrumentos mais atrativos, acess\u00edveis e de menor custo de capital.<br \/>\nEntre outros pontos, o estudo recomenda o fortalecimento de pol\u00edticas p\u00fablicas e mecanismos nacionais, como por exemplo, a Pol\u00edtica Nacional sobre Mudan\u00e7a do Clima, o Plano Clima e o programa Eco Invest Brasil.<\/p>\n<p>O superintendente de Meio Ambiente e Sustentabilidade da CNI, Davi Bomtempo, explica que o estudo retrata uma realidade do financiamento no \u00e2mbito nacional e no internacional. Na avalia\u00e7\u00e3o dele, o progresso das metas depender\u00e1 da cria\u00e7\u00e3o de ambientes regulat\u00f3rios favor\u00e1veis, com instrumentos financeiros eficazes.<\/p>\n<p>\u201cFinanciamento \u00e9 um tema transversal que toca v\u00e1rias tem\u00e1ticas que v\u00eam sendo discutidas aqui na COP, como transi\u00e7\u00e3o energ\u00e9tica, bioeconomia, economia circular, o papel das cidades sustent\u00e1veis. Ent\u00e3o, todos esses temas precisam ter um alicerce do financiamento, porque fazer uma transi\u00e7\u00e3o custa e custa caro e a gente precisa identificar quais seriam aquelas linhas mais competitivas para que as empresas possam fazer a sua transi\u00e7\u00e3o para baixo carbono dentro das suas plantas, dentro dos seus empreendimentos\u201d, destaca.\u00a0<\/p>\n<h2>Desigualdades no acesso aos recursos<\/h2>\n<p>Apesar de os aportes globais apresentarem crescimento, o estudo revela que h\u00e1 desigualdades no acesso aos recursos. Entre 2021 e 2022, o financiamento clim\u00e1tico do mundo registrou uma m\u00e9dia anual de US$ 1,3 trilh\u00e3o. Esse valor equivale um salto de 63%, na compara\u00e7\u00e3o com o bi\u00eanio anterior.<\/p>\n<p>Por\u00e9m, a maior parte dos fluxos \u2013 que corresponde a 89% &#8211; foi destinada \u00e0 mitiga\u00e7\u00e3o. Para as atividades de adapta\u00e7\u00e3o, s\u00f3 foram destinados 11%. Outro fator de alerta \u00e9 que os pa\u00edses menos desenvolvidos e pequenos estados insulares receberam somente 2,6% e 1%, respectivamente, do total mobilizado.<\/p>\n<p><a href=\"https:\/\/brasil61.com\/n\/cop30-acoes-promovidas-pela-apexbrasil-dao-visibilidade-global-a-produtos-compativeis-com-a-floresta-apex250083\" target=\"_blank\" rel=\"noopener\">COP30: a\u00e7\u00f5es promovidas pela ApexBrasil d\u00e3o visibilidade global a produtos compat\u00edveis com a floresta<\/a><\/p>\n<p><a href=\"https:\/\/brasil61.com\/n\/mapa-lidera-agenda-do-agro-sustentavel-na-cop-30-mapa250016\" target=\"_blank\" rel=\"noopener\">Mapa lidera agenda do agro sustent\u00e1vel na COP 30<\/a><\/p>\n<p>Entre os principais problemas relacionados a esse cen\u00e1rio est\u00e3o o alto custo do capital, o espa\u00e7o fiscal limitado, a volatilidade cambial e a aus\u00eancia de incentivos concretos para projetos clim\u00e1ticos, sobretudo nas na\u00e7\u00f5es em desenvolvimento.<\/p>\n<p>\u201c\u00c9 nesse esp\u00edrito que a CNI vem contribuindo para divulgar um estudo onde elenca a realidade, mas tamb\u00e9m mostra como fazer uma melhoria no sistema de financiamento global para que a gente possa cada vez mais acessar financiamentos competitivos, n\u00e3o s\u00f3 para grandes empresas, mas tamb\u00e9m considerando micro, pequenas e m\u00e9dias empresas, essas que t\u00eam mais dificuldades em termos de garantia e tamb\u00e9m de acesso a esse financiamento clim\u00e1tico\u201d, pontua Bomtempo.<br \/>\nCom o intuito de enfrentar esses desafios e promover maior equidade na distribui\u00e7\u00e3o dos recursos, a CNI estruturou 24 a\u00e7\u00f5es, organizadas em 11 temas priorit\u00e1rios. As medidas apresentadas abordam iniciativas como aprimoramento de pol\u00edticas clim\u00e1ticas nacionais e cria\u00e7\u00e3o de arranjos inovadores de garantia e incentivo \u00e0 participa\u00e7\u00e3o privada. Confira:<\/p>\n<p>\u00a0<\/p>\n<table>\n<thead>\n<tr>\n<th>Tema<\/th>\n<th>A\u00e7\u00f5es<\/th>\n<\/tr>\n<\/thead>\n<tbody>\n<tr>\n<td>Ampliar a ado\u00e7\u00e3o de pol\u00edticas clim\u00e1ticas alinhadas ao financiamento clim\u00e1tico<\/td>\n<td>1. Manuten\u00e7\u00e3o e atualiza\u00e7\u00e3o das NDCs, considerando a participa\u00e7\u00e3o da ind\u00fastria na formula\u00e7\u00e3o das metas, incluindo o Plano Clima e a Pol\u00edtica Nacional sobre Mudan\u00e7a do Clima.<br \/>\n\t\t\t2. Pol\u00edticas espec\u00edficas de financiamento voltadas para promover a\u00e7\u00f5es clim\u00e1ticas.<br \/>\n\t\t\t3. Exist\u00eancia de taxonomias ou pol\u00edticas verdes.<\/td>\n<\/tr>\n<tr>\n<td>Papel dos pa\u00edses desenvolvidos na mobiliza\u00e7\u00e3o de recursos para financiamento clim\u00e1tico<\/td>\n<td>1. Manter o papel dos pa\u00edses desenvolvidos na lideran\u00e7a da mobiliza\u00e7\u00e3o de recursos, visando \u00e0 meta de USD 300 bilh\u00f5es por ano.<br \/>\n\t\t\t2. Doa\u00e7\u00f5es de pa\u00edses desenvolvidos podem ser prioritariamente usadas para determinados tipos de projetos, como adapta\u00e7\u00e3o e perdas e danos.<\/td>\n<\/tr>\n<tr>\n<td>Assegurar a capta\u00e7\u00e3o de financiamento nos BMD com recursos p\u00fablicos e privados<\/td>\n<td>1. Estimular que os BMD garantam a capta\u00e7\u00e3o p\u00fablica para projetos clim\u00e1ticos.<br \/>\n\t\t\t2. Aprimorar a governan\u00e7a dedicada a financiamento clim\u00e1tico e para biodiversidade.<br \/>\n\t\t\t3. Definir quotas de refer\u00eancia para capital p\u00fablico e privado.<br \/>\n\t\t\t4. Aumentar a capacidade de empr\u00e9stimo.<\/td>\n<\/tr>\n<tr>\n<td>Abordar os riscos para o financiamento clim\u00e1tico<\/td>\n<td>1. Riscos regulat\u00f3rios e riscos institucionais.<br \/>\n\t\t\t2. Barreiras devido aos altos custos de empr\u00e9stimos, resultantes dos riscos da d\u00edvida soberana dos pa\u00edses.<br \/>\n\t\t\t3. Endividamento dos pa\u00edses e espa\u00e7o fiscal limitado e volatilidade cambial.<\/td>\n<\/tr>\n<tr>\n<td>Fortalecer arranjos para garantia que viabilizem projetos de forma efetiva<\/td>\n<td>1. Aprimorar modelos e arranjos de garantia customizados por tipos de projeto (mitiga\u00e7\u00e3o ou adapta\u00e7\u00e3o).<br \/>\n\t\t\t2. Definir diferenciais de garantia para projetos de adapta\u00e7\u00e3o em pa\u00edses de menor desenvolvimento relativo e pa\u00edses em desenvolvimento que envolvam determinados tipos de objetivos (ex.: saneamento, infraestrutura urbana, transporte).<\/td>\n<\/tr>\n<tr>\n<td>Ampliar o acesso a seguros<\/td>\n<td>1. Integrar riscos clim\u00e1ticos como par\u00e2metros para orientar financiamento associado a instrumentos de seguros.<br \/>\n\t\t\t2. Estimular seguros clim\u00e1ticos para setores, como ind\u00fastria e agropecu\u00e1ria.<\/td>\n<\/tr>\n<tr>\n<td>Viabilizar a inclus\u00e3o de valores n\u00e3o reembols\u00e1veis no contexto de instrumentos financeiros<\/td>\n<td>1. Definir orienta\u00e7\u00f5es que promovam a inclus\u00e3o de recursos n\u00e3o reembols\u00e1veis em certos tipos de projeto.<br \/>\n\t\t\t2. Garantir que recursos p\u00fablicos na forma de doa\u00e7\u00f5es possam integrar instrumentos de blended finance customizados para apoiar projetos.<\/td>\n<\/tr>\n<tr>\n<td>Aprimorar os diferenciais de financiamento clim\u00e1tico vis-\u00e0-vis outros tipos de projeto<\/td>\n<td>1. Definir orienta\u00e7\u00f5es que devem ser consideradas como base para projetos de financiamento clim\u00e1tico, visando garantir diferenciais ligados \u00e0 taxa de juros, \u00e0s garantias, aos prazos de pagamento, ao volume de recursos eleg\u00edveis, entre outros.<br \/>\n\t\t\t2. Avaliar op\u00e7\u00f5es que permitam reduzir os custos de tomada de cr\u00e9dito para financiamentos clim\u00e1ticos.<\/td>\n<\/tr>\n<tr>\n<td>Capacita\u00e7\u00e3o para o desenvolvimento de projetos<\/td>\n<td>1. Expandir plataformas que forne\u00e7am liquidez \u00e0s PMEs para investimentos clim\u00e1ticos.<br \/>\n\t\t\t2. Aprimorar o suporte a pa\u00edses para o desenvolvimento de projetos financeiros.<\/td>\n<\/tr>\n<tr>\n<td>Financiamento para projetos em pa\u00edses que tenham esquemas de precifica\u00e7\u00e3o de carbono<\/td>\n<td>1. Definir orienta\u00e7\u00f5es que incentivem financiamento de projetos que viabilizem a gera\u00e7\u00e3o de cr\u00e9ditos de carbono segundo as decis\u00f5es dos mecanismos do artigo 6 do Acordo de Paris.<\/td>\n<\/tr>\n<tr>\n<td>Definir regras de reporting para todos os atores do ecossistema de financiamento clim\u00e1tico<\/td>\n<td>1. \u00c9 essencial que a UNFCCC e o Acordo de Paris definam regras de como reportar financiamento clim\u00e1tico no contexto da NCQG.<\/td>\n<\/tr>\n<\/tbody>\n<\/table>\n<p>Fonte: Ag\u00eancia de Not\u00edcias da Ind\u00fastria<\/p>\n<h2>Expectativas positivas para capta\u00e7\u00e3o de recursos<\/h2>\n<p>O estudo divulgado pela CNI tamb\u00e9m destaca oportunidades para o Brasil no novo cen\u00e1rio global. Em 2025, o Fundo Clima conta com or\u00e7amento de R$ 21,2 bilh\u00f5es \u2013 valor recorde \u2013 representando uma janela importante para financiar projetos nacionais.<\/p>\n<p>No ambiente externo, o pa\u00eds j\u00e1 conta com recursos do Fundo Global para o Meio Ambiente (GEF). Nesse caso, a aloca\u00e7\u00e3o chega a US$79,83 milh\u00f5es no atual ciclo; al\u00e9m do Fundo Verde para o Clima (GCF), com US$12,8 bilh\u00f5es mobilizados mundialmente.<\/p>\n<p>Outra possibilidade \u00e9 o fundo Alterra, lan\u00e7ado em Dubai, durante a COP28, com aporte inicial de US$30 bilh\u00f5es. O Alterra d\u00e1 prioridade a projetos de inova\u00e7\u00e3o tecnol\u00f3gica e solu\u00e7\u00f5es sustent\u00e1veis relacionadas \u00e0 transi\u00e7\u00e3o para uma economia de baixo carbono, com foco em startups e iniciativas escal\u00e1veis em setores como descarboniza\u00e7\u00e3o industrial, tecnologias limpas, economia circular e transi\u00e7\u00e3o energ\u00e9tica.<br \/>\n\u00a0<\/p>\n<p>\t\t\t\t\t\t\t\t\t<img decoding=\"async\" src=\"https:\/\/brasil61.com\/api\/v1\/serve_pixel\/22254\/85826\" alt=\"Pixel Brasil 61\" class=\"b61_pixel\" width=\"0\" height=\"0\"><\/p>\n<div class=\"br61_backlink\">\n<p>\n\t\t\t\tFonte: <a href=\"https:\/\/brasil61.com\/estudo-da-cni-apresenta-acoes-para-destravar-us-1-3-trilhao-em-financiamento-climatico-pind254678\" title=\"Artigo Original: Estudo apresenta a\u00e7\u00f5es para destravar US$ 1,3 trilh\u00e3o em financiamento clim\u00e1tico\" target=\"_blank\" rel=\"noopener\">Brasil 61<\/a>\n\t\t\t<\/p>\n<\/p><\/div>\n<input type=\"hidden\" id=\"baseurl\" value=\"https:\/\/noticiasregionais.com.br\"><input type=\"hidden\" id=\"audio_nonce\" value=\"533fbb67b1\">","protected":false},"excerpt":{"rendered":"<p>Entre outros pontos, o levantamento aborda temas como Riscos para o financiamento clim\u00e1tico; Amplia\u00e7\u00e3o do acesso a seguros e Capacita\u00e7\u00e3o para o desenvolvimento de projetos<\/p>\n","protected":false},"author":1,"featured_media":11053,"comment_status":"closed","ping_status":"open","sticky":false,"template":"","format":"standard","meta":{"sfsi_plus_gutenberg_text_before_share":"","sfsi_plus_gutenberg_show_text_before_share":"","sfsi_plus_gutenberg_icon_type":"","sfsi_plus_gutenberg_icon_alignemt":"","sfsi_plus_gutenburg_max_per_row":"","footnotes":""},"categories":[8],"tags":[],"class_list":["post-10988","post","type-post","status-publish","format-standard","has-post-thumbnail","hentry","category-brasil"],"_links":{"self":[{"href":"https:\/\/noticiasregionais.com.br\/index.php?rest_route=\/wp\/v2\/posts\/10988","targetHints":{"allow":["GET"]}}],"collection":[{"href":"https:\/\/noticiasregionais.com.br\/index.php?rest_route=\/wp\/v2\/posts"}],"about":[{"href":"https:\/\/noticiasregionais.com.br\/index.php?rest_route=\/wp\/v2\/types\/post"}],"author":[{"embeddable":true,"href":"https:\/\/noticiasregionais.com.br\/index.php?rest_route=\/wp\/v2\/users\/1"}],"replies":[{"embeddable":true,"href":"https:\/\/noticiasregionais.com.br\/index.php?rest_route=%2Fwp%2Fv2%2Fcomments&post=10988"}],"version-history":[{"count":1,"href":"https:\/\/noticiasregionais.com.br\/index.php?rest_route=\/wp\/v2\/posts\/10988\/revisions"}],"predecessor-version":[{"id":11052,"href":"https:\/\/noticiasregionais.com.br\/index.php?rest_route=\/wp\/v2\/posts\/10988\/revisions\/11052"}],"wp:featuredmedia":[{"embeddable":true,"href":"https:\/\/noticiasregionais.com.br\/index.php?rest_route=\/wp\/v2\/media\/11053"}],"wp:attachment":[{"href":"https:\/\/noticiasregionais.com.br\/index.php?rest_route=%2Fwp%2Fv2%2Fmedia&parent=10988"}],"wp:term":[{"taxonomy":"category","embeddable":true,"href":"https:\/\/noticiasregionais.com.br\/index.php?rest_route=%2Fwp%2Fv2%2Fcategories&post=10988"},{"taxonomy":"post_tag","embeddable":true,"href":"https:\/\/noticiasregionais.com.br\/index.php?rest_route=%2Fwp%2Fv2%2Ftags&post=10988"}],"curies":[{"name":"wp","href":"https:\/\/api.w.org\/{rel}","templated":true}]}}