{"id":1099,"date":"2023-11-08T20:09:53","date_gmt":"2023-11-08T23:09:53","guid":{"rendered":"https:\/\/noticiasregionais.com.br\/?p=1099"},"modified":"2023-11-08T20:10:05","modified_gmt":"2023-11-08T23:10:05","slug":"prefeitura-ira-oferecer-transporte-para-pessoas-com-deficiencia-prestigiarem-o-festival-danca-ourinhos","status":"publish","type":"post","link":"https:\/\/noticiasregionais.com.br\/?p=1099","title":{"rendered":"Prefeitura ir\u00e1 oferecer transporte para pessoas com defici\u00eancia prestigiarem o Festival Dan\u00e7a Ourinhos"},"content":{"rendered":"\n<p>A Prefeitura de Ourinhos, por meio da Secretaria de Inclus\u00e3o, est\u00e1 promovendo uma iniciativa inclusiva que vai tornar o acesso ao 16\u00ba Festival Dan\u00e7a Ourinhos ainda mais f\u00e1cil para pessoas com defici\u00eancia. Entre os dias 09 e 15 de novembro, ser\u00e1 disponibilizado transporte adaptado para garantir que todos possam prestigiar o evento.<\/p>\n\n\n\n<p>As pessoas interessadas em acompanhar as apresenta\u00e7\u00f5es do Festival, bastam entrar em contato pelo WhatsApp (14) 99708-3365 e agendar o hor\u00e1rio. A Van adaptada da Secretaria de Inclus\u00e3o estar\u00e1 pronta para buscar e levar as pessoas com defici\u00eancia at\u00e9 o local do evento.<\/p>\n\n\n\n<p>De acordo com o secret\u00e1rio de Inclus\u00e3o, Professor Robson Sanches, essa iniciativa visa promover a inclus\u00e3o e facilitar a participa\u00e7\u00e3o de todos os cidad\u00e3os neste evento cultural, proporcionando uma experi\u00eancia enriquecedora em especial as pessoas com defici\u00eancia.<\/p>\n<input type=\"hidden\" id=\"baseurl\" value=\"https:\/\/noticiasregionais.com.br\"><input type=\"hidden\" id=\"audio_nonce\" value=\"679821641e\">","protected":false},"excerpt":{"rendered":"<p>A Prefeitura de Ourinhos, por meio da Secretaria de Inclus\u00e3o, est\u00e1 promovendo uma iniciativa inclusiva que vai tornar o acesso&hellip;<\/p>\n","protected":false},"author":1,"featured_media":1100,"comment_status":"closed","ping_status":"open","sticky":false,"template":"","format":"standard","meta":{"sfsi_plus_gutenberg_text_before_share":"","sfsi_plus_gutenberg_show_text_before_share":"","sfsi_plus_gutenberg_icon_type":"","sfsi_plus_gutenberg_icon_alignemt":"","sfsi_plus_gutenburg_max_per_row":"","footnotes":""},"categories":[5,10,1],"tags":[],"class_list":["post-1099","post","type-post","status-publish","format-standard","has-post-thumbnail","hentry","category-ourinhos","category-destaques","category-noticias"],"_links":{"self":[{"href":"https:\/\/noticiasregionais.com.br\/index.php?rest_route=\/wp\/v2\/posts\/1099","targetHints":{"allow":["GET"]}}],"collection":[{"href":"https:\/\/noticiasregionais.com.br\/index.php?rest_route=\/wp\/v2\/posts"}],"about":[{"href":"https:\/\/noticiasregionais.com.br\/index.php?rest_route=\/wp\/v2\/types\/post"}],"author":[{"embeddable":true,"href":"https:\/\/noticiasregionais.com.br\/index.php?rest_route=\/wp\/v2\/users\/1"}],"replies":[{"embeddable":true,"href":"https:\/\/noticiasregionais.com.br\/index.php?rest_route=%2Fwp%2Fv2%2Fcomments&post=1099"}],"version-history":[{"count":1,"href":"https:\/\/noticiasregionais.com.br\/index.php?rest_route=\/wp\/v2\/posts\/1099\/revisions"}],"predecessor-version":[{"id":1101,"href":"https:\/\/noticiasregionais.com.br\/index.php?rest_route=\/wp\/v2\/posts\/1099\/revisions\/1101"}],"wp:featuredmedia":[{"embeddable":true,"href":"https:\/\/noticiasregionais.com.br\/index.php?rest_route=\/wp\/v2\/media\/1100"}],"wp:attachment":[{"href":"https:\/\/noticiasregionais.com.br\/index.php?rest_route=%2Fwp%2Fv2%2Fmedia&parent=1099"}],"wp:term":[{"taxonomy":"category","embeddable":true,"href":"https:\/\/noticiasregionais.com.br\/index.php?rest_route=%2Fwp%2Fv2%2Fcategories&post=1099"},{"taxonomy":"post_tag","embeddable":true,"href":"https:\/\/noticiasregionais.com.br\/index.php?rest_route=%2Fwp%2Fv2%2Ftags&post=1099"}],"curies":[{"name":"wp","href":"https:\/\/api.w.org\/{rel}","templated":true}]}}