{"id":10998,"date":"2025-11-11T04:05:00","date_gmt":"2025-11-11T07:05:00","guid":{"rendered":"https:\/\/noticiasregionais.com.br\/?p=10998"},"modified":"2025-11-11T04:05:00","modified_gmt":"2025-11-11T07:05:00","slug":"cafe-hoje-confira-as-cotacoes-para-terca-feira-11","status":"publish","type":"post","link":"https:\/\/noticiasregionais.com.br\/?p=10998","title":{"rendered":"Caf\u00e9 hoje: confira as cota\u00e7\u00f5es para ter\u00e7a-feira (11)"},"content":{"rendered":"<p>\t\t\t\t\t\t\t\t\t\t\t<audio controls class=\"b61_audio_player\" data-noticia=\"85749\" src=\"https:\/\/brasil61.com\/rails\/active_storage\/blobs\/eyJfcmFpbHMiOnsibWVzc2FnZSI6IkJBaHBBOEc4QXc9PSIsImV4cCI6bnVsbCwicHVyIjoiYmxvYl9pZCJ9fQ==--e84f568a262bfe746dc08401fcbdab68bdc88481\/PAGR255918A\"><\/audio><\/p>\n<p>O pre\u00e7o do caf\u00e9 ar\u00e1bica nesta ter\u00e7a-feira (11) registra alta de 0,03% e a saca de 60 kg \u00e9 negociada por R$2.291,24, na cidade de S\u00e3o Paulo.<\/p>\n<\/p>\n<p>INDICADOR DO CAF\u00c9 AR\u00c1BICA CEPEA\/ESALQ<\/p>\n<table id=\"imagenet-indicador1\">\n<thead>\n<tr>\n<th>Data<\/th>\n<th>Valor R$<\/th>\n<th>Var.\/Dia<\/th>\n<th>Var.\/M\u00eas<\/th>\n<th>Valor US$<\/th>\n<\/tr>\n<\/thead>\n<tbody>\n<tr>\n<td>10\/11\/2025<\/td>\n<td>2.291,24<\/td>\n<td>0,03%<\/td>\n<td>3,84%<\/td>\n<td>431,74<\/td>\n<\/tr>\n<tr>\n<td>07\/11\/2025<\/td>\n<td>2.290,64<\/td>\n<td>1,81%<\/td>\n<td>3,81%<\/td>\n<td>429,12<\/td>\n<\/tr>\n<tr>\n<td>06\/11\/2025<\/td>\n<td>2.250,02<\/td>\n<td>-2,42%<\/td>\n<td>1,97%<\/td>\n<td>420,72<\/td>\n<\/tr>\n<tr>\n<td>05\/11\/2025<\/td>\n<td>2.305,83<\/td>\n<td>1,46%<\/td>\n<td>4,50%<\/td>\n<td>430,27<\/td>\n<\/tr>\n<tr>\n<td>04\/11\/2025<\/td>\n<td>2.272,55<\/td>\n<td>0,85%<\/td>\n<td>2,99%<\/td>\n<td>421,00<\/td>\n<\/tr>\n<\/tbody>\n<\/table>\n<p>O caf\u00e9 robusta apresentou queda de 1,10% e est\u00e1 sendo negociado a R$ 1.393,99.<\/p>\n<\/p>\n<p>\u00a0<\/p>\n<p>INDICADOR DO CAF\u00c9 ROBUSTA CEPEA\/ESALQ<\/p>\n<table id=\"imagenet-indicador2\">\n<thead>\n<tr>\n<th>Data<\/th>\n<th>Valor R$<\/th>\n<th>Var.\/Dia<\/th>\n<th>Var.\/M\u00eas<\/th>\n<th>Valor US$<\/th>\n<\/tr>\n<\/thead>\n<tbody>\n<tr>\n<td>10\/11\/2025<\/td>\n<td>1.393,99<\/td>\n<td>-1,10%<\/td>\n<td>-0,85%<\/td>\n<td>262,67<\/td>\n<\/tr>\n<tr>\n<td>07\/11\/2025<\/td>\n<td>1.409,48<\/td>\n<td>1,18%<\/td>\n<td>0,25%<\/td>\n<td>264,05<\/td>\n<\/tr>\n<tr>\n<td>06\/11\/2025<\/td>\n<td>1.392,99<\/td>\n<td>-2,71%<\/td>\n<td>-0,92%<\/td>\n<td>260,47<\/td>\n<\/tr>\n<tr>\n<td>05\/11\/2025<\/td>\n<td>1.431,75<\/td>\n<td>-0,22%<\/td>\n<td>1,84%<\/td>\n<td>267,17<\/td>\n<\/tr>\n<tr>\n<td>04\/11\/2025<\/td>\n<td>1.434,97<\/td>\n<td>1,56%<\/td>\n<td>2,07%<\/td>\n<td>265,83<\/td>\n<\/tr>\n<\/tbody>\n<\/table>\n<h2>A\u00e7\u00facar<\/h2>\n<p>O pre\u00e7o do a\u00e7\u00facar cristal apresenta alta nas principais pra\u00e7as do estado de S\u00e3o Paulo. Na capital, a saca de 50 kg apresenta queda de 0,63%, cotada a R$107,84.<\/p>\n<p>INDICADOR DO A\u00c7\u00daCAR CRISTAL BRANCO CEPEA\/ESALQ &#8211; S\u00c3O PAULO<br \/>\n\u00a0<\/p>\n<table id=\"imagenet-indicador3\">\n<thead>\n<tr>\n<th>Data<\/th>\n<th>Valor R$*<\/th>\n<th>Var.\/Dia<\/th>\n<th>Var.\/M\u00eas<\/th>\n<th>Valor US$*<\/th>\n<\/tr>\n<\/thead>\n<tbody>\n<tr>\n<td>10\/11\/2025<\/td>\n<td>107,84<\/td>\n<td>0,63%<\/td>\n<td>-5,11%<\/td>\n<td>20,32<\/td>\n<\/tr>\n<tr>\n<td>07\/11\/2025<\/td>\n<td>107,16<\/td>\n<td>-1,07%<\/td>\n<td>-5,71%<\/td>\n<td>20,07<\/td>\n<\/tr>\n<tr>\n<td>06\/11\/2025<\/td>\n<td>108,32<\/td>\n<td>-0,60%<\/td>\n<td>-4,69%<\/td>\n<td>20,25<\/td>\n<\/tr>\n<tr>\n<td>05\/11\/2025<\/td>\n<td>108,97<\/td>\n<td>-0,65%<\/td>\n<td>-4,12%<\/td>\n<td>20,33<\/td>\n<\/tr>\n<tr>\n<td>04\/11\/2025<\/td>\n<td>109,68<\/td>\n<td>-2,37%<\/td>\n<td>-3,49%<\/td>\n<td>20,32<\/td>\n<\/tr>\n<\/tbody>\n<\/table>\n<p>Em Santos (SP), a mercadoria \u00e9 negociada a R$ 108,05; a cota\u00e7\u00e3o m\u00e9dia registra baixa de 0,01%.<\/p>\n<p>INDICADOR A\u00c7\u00daCAR CRISTAL &#8211; SANTOS\u00a0<\/p>\n<table id=\"imagenet-indicador4\">\n<thead>\n<tr>\n<th>Data<\/th>\n<th>Valor R$*<\/th>\n<th>Var.\/Dia<\/th>\n<th>Var.\/M\u00eas<\/th>\n<th>Valor US$*<\/th>\n<\/tr>\n<\/thead>\n<tbody>\n<tr>\n<td>10\/11\/2025<\/td>\n<td>108,05<\/td>\n<td>0,01%<\/td>\n<td>-0,78%<\/td>\n<td>20,32<\/td>\n<\/tr>\n<tr>\n<td>07\/11\/2025<\/td>\n<td>108,04<\/td>\n<td>-0,30%<\/td>\n<td>-0,79%<\/td>\n<td>20,17<\/td>\n<\/tr>\n<tr>\n<td>06\/11\/2025<\/td>\n<td>108,37<\/td>\n<td>0,45%<\/td>\n<td>-0,49%<\/td>\n<td>20,28<\/td>\n<\/tr>\n<tr>\n<td>05\/11\/2025<\/td>\n<td>107,88<\/td>\n<td>-0,20%<\/td>\n<td>-0,94%<\/td>\n<td>20,05<\/td>\n<\/tr>\n<tr>\n<td>04\/11\/2025<\/td>\n<td>108,10<\/td>\n<td>-1,15%<\/td>\n<td>-0,73%<\/td>\n<td>20,07<\/td>\n<\/tr>\n<\/tbody>\n<\/table>\n<h2>Milho<\/h2>\n<p>A saca de 60 kg do milho \u00e9 negociada a R$67,31, com alta de 0,34%.<\/p>\n<p>INDICADOR DO MILHO ESALQ\/BM&amp;FBOVESPA<\/p>\n<table id=\"imagenet-indicador5\">\n<thead>\n<tr>\n<th>Data<\/th>\n<th>Valor R$*<\/th>\n<th>Var.\/Dia<\/th>\n<th>Var.\/M\u00eas<\/th>\n<th>Valor US$*<\/th>\n<\/tr>\n<\/thead>\n<tbody>\n<tr>\n<td>10\/11\/2025<\/td>\n<td>67,31<\/td>\n<td>0,34%<\/td>\n<td>1,75%<\/td>\n<td>12,68<\/td>\n<\/tr>\n<tr>\n<td>07\/11\/2025<\/td>\n<td>67,08<\/td>\n<td>0,34%<\/td>\n<td>1,41%<\/td>\n<td>12,57<\/td>\n<\/tr>\n<tr>\n<td>06\/11\/2025<\/td>\n<td>66,85<\/td>\n<td>0,07%<\/td>\n<td>1,06%<\/td>\n<td>12,50<\/td>\n<\/tr>\n<tr>\n<td>05\/11\/2025<\/td>\n<td>66,80<\/td>\n<td>0,16%<\/td>\n<td>0,98%<\/td>\n<td>12,46<\/td>\n<\/tr>\n<tr>\n<td>04\/11\/2025<\/td>\n<td>66,69<\/td>\n<td>0,39%<\/td>\n<td>0,82%<\/td>\n<td>12,35<\/td>\n<\/tr>\n<\/tbody>\n<\/table>\n<p>Os dados s\u00e3o do <a href=\"https:\/\/www.cepea.org.br\/br\/indicador\/milho.aspx\" target=\"_blank\" rel=\"noopener\">Cepea<\/a>.<\/p>\n<h2>Diferen\u00e7a entre caf\u00e9 ar\u00e1bica e caf\u00e9 robusta: caracter\u00edsticas, uso e regi\u00f5es produtoras<\/h2>\n<p>Caf\u00e9 ar\u00e1bica e caf\u00e9 robusta s\u00e3o as duas principais variedades cultivadas e comercializadas no Brasil, ambas medidas em sacas de 60 kg.<\/p>\n<ul>\n<li>O caf\u00e9 ar\u00e1bica (conhecido tamb\u00e9m como caf\u00e9 Conilon, em algumas regi\u00f5es) tem sabor mais suave, menor teor de cafe\u00edna e alta qualidade sensorial, sendo preferido em cafeterias especializadas e nas exporta\u00e7\u00f5es de caf\u00e9s premium. Representa cerca de 70% da produ\u00e7\u00e3o brasileira, com destaque para estados como Minas Gerais e S\u00e3o Paulo.<\/li>\n<li>O caf\u00e9 robusta, por sua vez, possui sabor mais amargo, maior concentra\u00e7\u00e3o de cafe\u00edna e corpo mais intenso. \u00c9 amplamente utilizado na produ\u00e7\u00e3o de caf\u00e9 sol\u00favel e blends comerciais. Seus principais polos produtores s\u00e3o o Esp\u00edrito Santo e Rond\u00f4nia, e seu pre\u00e7o costuma ser mais baixo em compara\u00e7\u00e3o ao ar\u00e1bica, por conta do perfil mais industrial.<\/li>\n<\/ul>\n<h2>Como \u00e9 calculada a saca de a\u00e7\u00facar cristal?<\/h2>\n<p>A saca de a\u00e7\u00facar cristal no Brasil \u00e9 padronizada em 50 quilos, especialmente para comercializa\u00e7\u00e3o no mercado atacadista e para uso na ind\u00fastria aliment\u00edcia. Essa unidade de medida \u00e9 adotada pelo Cepea\/Esalq-USP, principal fonte de cota\u00e7\u00f5es di\u00e1rias do a\u00e7\u00facar cristal no pa\u00eds.<\/p>\n<h2>Qual o peso da saca de milho no Brasil?<\/h2>\n<p>A saca de milho equivale a 60 kg de gr\u00e3os, mesmo padr\u00e3o utilizado para soja e trigo. Essa medida \u00e9 oficializada por institui\u00e7\u00f5es como a Companhia Nacional de Abastecimento (Conab), o Minist\u00e9rio da Agricultura (MAPA) e o Cepea, sendo amplamente usada em negocia\u00e7\u00f5es e relat\u00f3rios de pre\u00e7o do milho.<\/p>\n<p>\u00a0<\/p>\n<p>\t\t\t\t\t\t\t\t\t\t<img decoding=\"async\" src=\"https:\/\/brasil61.com\/api\/v1\/serve_pixel\/22254\/85749\" alt=\"Pixel Brasil 61\" class=\"b61_pixel\" width=\"0\" height=\"0\"><\/p>\n<div class=\"br61_backlink\">\n<p>\n\t\t\t\tFonte: <a href=\"https:\/\/brasil61.com\/cafe-hoje-confira-as-cotacoes-para-terca-feira-11-pagr255918\" title=\"Artigo Original: Caf\u00e9 hoje: confira as cota\u00e7\u00f5es para ter\u00e7a-feira (11)\" target=\"_blank\" rel=\"noopener\">Brasil 61<\/a>\n\t\t\t<\/p>\n<\/p><\/div>\n<input type=\"hidden\" id=\"baseurl\" value=\"https:\/\/noticiasregionais.com.br\"><input type=\"hidden\" id=\"audio_nonce\" value=\"5c13e0637f\">","protected":false},"excerpt":{"rendered":"<p>Veja os valores do caf\u00e9 ar\u00e1bica, caf\u00e9 robusta, a\u00e7\u00facar cristal e do milho no mercado<\/p>\n","protected":false},"author":1,"featured_media":10999,"comment_status":"","ping_status":"open","sticky":false,"template":"","format":"standard","meta":{"sfsi_plus_gutenberg_text_before_share":"","sfsi_plus_gutenberg_show_text_before_share":"","sfsi_plus_gutenberg_icon_type":"","sfsi_plus_gutenberg_icon_alignemt":"","sfsi_plus_gutenburg_max_per_row":"","footnotes":""},"categories":[8],"tags":[],"class_list":["post-10998","post","type-post","status-publish","format-standard","has-post-thumbnail","hentry","category-brasil"],"_links":{"self":[{"href":"https:\/\/noticiasregionais.com.br\/index.php?rest_route=\/wp\/v2\/posts\/10998","targetHints":{"allow":["GET"]}}],"collection":[{"href":"https:\/\/noticiasregionais.com.br\/index.php?rest_route=\/wp\/v2\/posts"}],"about":[{"href":"https:\/\/noticiasregionais.com.br\/index.php?rest_route=\/wp\/v2\/types\/post"}],"author":[{"embeddable":true,"href":"https:\/\/noticiasregionais.com.br\/index.php?rest_route=\/wp\/v2\/users\/1"}],"replies":[{"embeddable":true,"href":"https:\/\/noticiasregionais.com.br\/index.php?rest_route=%2Fwp%2Fv2%2Fcomments&post=10998"}],"version-history":[{"count":0,"href":"https:\/\/noticiasregionais.com.br\/index.php?rest_route=\/wp\/v2\/posts\/10998\/revisions"}],"wp:featuredmedia":[{"embeddable":true,"href":"https:\/\/noticiasregionais.com.br\/index.php?rest_route=\/wp\/v2\/media\/10999"}],"wp:attachment":[{"href":"https:\/\/noticiasregionais.com.br\/index.php?rest_route=%2Fwp%2Fv2%2Fmedia&parent=10998"}],"wp:term":[{"taxonomy":"category","embeddable":true,"href":"https:\/\/noticiasregionais.com.br\/index.php?rest_route=%2Fwp%2Fv2%2Fcategories&post=10998"},{"taxonomy":"post_tag","embeddable":true,"href":"https:\/\/noticiasregionais.com.br\/index.php?rest_route=%2Fwp%2Fv2%2Ftags&post=10998"}],"curies":[{"name":"wp","href":"https:\/\/api.w.org\/{rel}","templated":true}]}}