{"id":11000,"date":"2025-11-11T04:10:00","date_gmt":"2025-11-11T07:10:00","guid":{"rendered":"https:\/\/noticiasregionais.com.br\/?p=11000"},"modified":"2025-11-11T04:10:00","modified_gmt":"2025-11-11T07:10:00","slug":"soja-e-trigo-confira-as-cotacoes-de-preco-para-esta-terca-feira-11","status":"publish","type":"post","link":"https:\/\/noticiasregionais.com.br\/?p=11000","title":{"rendered":"Soja e trigo: confira as cota\u00e7\u00f5es de pre\u00e7o para esta ter\u00e7a-feira (11)"},"content":{"rendered":"<p>\t\t\t\t\t\t\t\t\t\t\t<audio controls class=\"b61_audio_player\" data-noticia=\"85748\" src=\"https:\/\/brasil61.com\/rails\/active_storage\/blobs\/eyJfcmFpbHMiOnsibWVzc2FnZSI6IkJBaHBBOEM4QXc9PSIsImV4cCI6bnVsbCwicHVyIjoiYmxvYl9pZCJ9fQ==--474f5429d9ce0778803fc181372ee8fd2b1bffe1\/PAGR255917A\"><\/audio><\/p>\n<p>A saca de 60 kg da soja, nesta ter\u00e7a-feira (11), registra alta no interior do Paran\u00e1 e no litoral do estado, em Paranagu\u00e1. Na primeira regi\u00e3o, o gr\u00e3o \u00e9 negociado a R$ 133,98, com aumento de 0,20%, enquanto no litoral a cota\u00e7\u00e3o teve alta de 0,62%, chegando a R$ 139,72.<\/p>\n<\/p>\n<p>\nINDICADOR DA SOJA CEPEA\/ESALQ &#8211; PARAN\u00c1<\/p>\n<table id=\"imagenet-indicador2\">\n<thead>\n<tr>\n<th>Data<\/th>\n<th>Valor R$*<\/th>\n<th>Var.\/Dia<\/th>\n<th>Var.\/M\u00eas<\/th>\n<th>Valor US$*<\/th>\n<\/tr>\n<\/thead>\n<tbody>\n<tr>\n<td>10\/11\/2025<\/td>\n<td>133,98<\/td>\n<td>0,20%<\/td>\n<td>0,30%<\/td>\n<td>25,25<\/td>\n<\/tr>\n<tr>\n<td>07\/11\/2025<\/td>\n<td>133,71<\/td>\n<td>0,07%<\/td>\n<td>0,10%<\/td>\n<td>25,05<\/td>\n<\/tr>\n<tr>\n<td>06\/11\/2025<\/td>\n<td>133,61<\/td>\n<td>-0,42%<\/td>\n<td>0,02%<\/td>\n<td>24,98<\/td>\n<\/tr>\n<tr>\n<td>05\/11\/2025<\/td>\n<td>134,17<\/td>\n<td>-0,22%<\/td>\n<td>0,44%<\/td>\n<td>25,04<\/td>\n<\/tr>\n<tr>\n<td>04\/11\/2025<\/td>\n<td>134,47<\/td>\n<td>0,30%<\/td>\n<td>0,67%<\/td>\n<td>24,91<\/td>\n<\/tr>\n<\/tbody>\n<\/table>\n<p>\u00a0<\/p>\n<\/p>\n<p dir=\"ltr\">INDICADOR DA SOJA CEPEA\/ESALQ &#8211; PARANAGU\u00c1<\/p>\n<table id=\"imagenet-indicador1\">\n<thead>\n<tr>\n<th>Data<\/th>\n<th>Valor R$*<\/th>\n<th>Var.\/Dia<\/th>\n<th>Var.\/M\u00eas<\/th>\n<th>Valor US$*<\/th>\n<\/tr>\n<\/thead>\n<tbody>\n<tr>\n<td>10\/11\/2025<\/td>\n<td>139,72<\/td>\n<td>0,62%<\/td>\n<td>-0,11%<\/td>\n<td>26,33<\/td>\n<\/tr>\n<tr>\n<td>07\/11\/2025<\/td>\n<td>138,86<\/td>\n<td>-0,32%<\/td>\n<td>-0,73%<\/td>\n<td>26,01<\/td>\n<\/tr>\n<tr>\n<td>06\/11\/2025<\/td>\n<td>139,31<\/td>\n<td>-0,65%<\/td>\n<td>-0,41%<\/td>\n<td>26,05<\/td>\n<\/tr>\n<tr>\n<td>05\/11\/2025<\/td>\n<td>140,22<\/td>\n<td>-0,11%<\/td>\n<td>0,24%<\/td>\n<td>26,17<\/td>\n<\/tr>\n<tr>\n<td>04\/11\/2025<\/td>\n<td>140,38<\/td>\n<td>0,13%<\/td>\n<td>0,36%<\/td>\n<td>26,01<\/td>\n<\/tr>\n<\/tbody>\n<\/table>\n<h2>Trigo<\/h2>\n<p>O pre\u00e7o do trigo apresenta alta de 0,36% no Paran\u00e1 e a tonelada \u00e9 negociada a R$ 1.201,88. E no Rio Grande do Sul, a tonelada do gr\u00e3o registra desvaloriza\u00e7\u00e3o de 0,13%, sendo cotada a R$ 1.041,30.<\/p>\n<p>\nPRE\u00c7O M\u00c9DIO DO TRIGO CEPEA\/ESALQ &#8211; PARAN\u00c1<\/p>\n<table id=\"imagenet-indicador3\">\n<thead>\n<tr>\n<th>Data<\/th>\n<th>Valor R$\/t*<\/th>\n<th>Var.\/Dia<\/th>\n<th>Var.\/M\u00eas<\/th>\n<th>Valor US$\/t*<\/th>\n<\/tr>\n<\/thead>\n<tbody>\n<tr>\n<td>10\/11\/2025<\/td>\n<td>1.201,88<\/td>\n<td>0,36%<\/td>\n<td>0,69%<\/td>\n<td>226,47<\/td>\n<\/tr>\n<tr>\n<td>07\/11\/2025<\/td>\n<td>1.197,58<\/td>\n<td>-0,01%<\/td>\n<td>0,33%<\/td>\n<td>224,35<\/td>\n<\/tr>\n<tr>\n<td>06\/11\/2025<\/td>\n<td>1.197,67<\/td>\n<td>-0,24%<\/td>\n<td>0,34%<\/td>\n<td>223,95<\/td>\n<\/tr>\n<tr>\n<td>05\/11\/2025<\/td>\n<td>1.200,52<\/td>\n<td>0,28%<\/td>\n<td>0,58%<\/td>\n<td>224,02<\/td>\n<\/tr>\n<tr>\n<td>04\/11\/2025<\/td>\n<td>1.197,19<\/td>\n<td>0,21%<\/td>\n<td>0,30%<\/td>\n<td>221,78<\/td>\n<\/tr>\n<\/tbody>\n<\/table>\n<p>\u00a0<\/p>\n<\/p>\n<p dir=\"ltr\">PRE\u00c7O M\u00c9DIO DO TRIGO CEPEA\/ESALQ &#8211; RIO GRANDE DO SUL<\/p>\n<table id=\"imagenet-indicador4\">\n<thead>\n<tr>\n<th>Data<\/th>\n<th>Valor R$\/t*<\/th>\n<th>Var.\/Dia<\/th>\n<th>Var.\/M\u00eas<\/th>\n<th>Valor US$\/t*<\/th>\n<\/tr>\n<\/thead>\n<tbody>\n<tr>\n<td>10\/11\/2025<\/td>\n<td>1.041,30<\/td>\n<td>-0,13%<\/td>\n<td>-3,57%<\/td>\n<td>196,21<\/td>\n<\/tr>\n<tr>\n<td>07\/11\/2025<\/td>\n<td>1.042,62<\/td>\n<td>-1,09%<\/td>\n<td>-3,45%<\/td>\n<td>195,32<\/td>\n<\/tr>\n<tr>\n<td>06\/11\/2025<\/td>\n<td>1.054,15<\/td>\n<td>0,00%<\/td>\n<td>-2,38%<\/td>\n<td>197,11<\/td>\n<\/tr>\n<tr>\n<td>05\/11\/2025<\/td>\n<td>1.054,15<\/td>\n<td>-1,59%<\/td>\n<td>-2,38%<\/td>\n<td>196,71<\/td>\n<\/tr>\n<tr>\n<td>04\/11\/2025<\/td>\n<td>1.071,21<\/td>\n<td>-0,92%<\/td>\n<td>-0,80%<\/td>\n<td>198,45<\/td>\n<\/tr>\n<\/tbody>\n<\/table>\n<p>Os dados s\u00e3o do <a href=\"https:\/\/www.cepea.org.br\/br\/indicador\/trigo.aspx\" target=\"_blank\" rel=\"noopener\">Cepea<\/a>.<\/p>\n<h2>O que \u00e9 uma saca de soja ou de trigo? Entenda a unidade de medida no mercado de gr\u00e3os<\/h2>\n<p>A saca de soja e a saca de trigo s\u00e3o as principais unidades de comercializa\u00e7\u00e3o de gr\u00e3os no Brasil. Cada saca equivale a 60 quilos, padr\u00e3o adotado por \u00f3rg\u00e3os oficiais como a Companhia Nacional de Abastecimento (Conab), o Minist\u00e9rio da Agricultura (MAPA) e o Centro de Estudos Avan\u00e7ados em Economia Aplicada (Cepea).<\/p>\n<p>Esse formato padronizado facilita o com\u00e9rcio da soja e do trigo, al\u00e9m de permitir um acompanhamento mais preciso das cota\u00e7\u00f5es e varia\u00e7\u00f5es de pre\u00e7os no mercado nacional.<br \/>\n\u00a0<\/p>\n<p>\t\t\t\t\t\t\t\t\t\t<img decoding=\"async\" src=\"https:\/\/brasil61.com\/api\/v1\/serve_pixel\/22254\/85748\" alt=\"Pixel Brasil 61\" class=\"b61_pixel\" width=\"0\" height=\"0\"><\/p>\n<div class=\"br61_backlink\">\n<p>\n\t\t\t\tFonte: <a href=\"https:\/\/brasil61.com\/soja-e-trigo-confira-as-cotacoes-de-preco-para-esta-terca-feira-11-pagr255917\" title=\"Artigo Original: Soja e trigo: confira as cota\u00e7\u00f5es de pre\u00e7o para esta ter\u00e7a-feira (11)\" target=\"_blank\" rel=\"noopener\">Brasil 61<\/a>\n\t\t\t<\/p>\n<\/p><\/div>\n<input type=\"hidden\" id=\"baseurl\" value=\"https:\/\/noticiasregionais.com.br\"><input type=\"hidden\" id=\"audio_nonce\" value=\"5c13e0637f\">","protected":false},"excerpt":{"rendered":"<p> Cota\u00e7\u00f5es da soja caem em Paranagu\u00e1; trigo registra queda no Rio Grande do Sul<\/p>\n","protected":false},"author":1,"featured_media":11001,"comment_status":"","ping_status":"open","sticky":false,"template":"","format":"standard","meta":{"sfsi_plus_gutenberg_text_before_share":"","sfsi_plus_gutenberg_show_text_before_share":"","sfsi_plus_gutenberg_icon_type":"","sfsi_plus_gutenberg_icon_alignemt":"","sfsi_plus_gutenburg_max_per_row":"","footnotes":""},"categories":[8],"tags":[],"class_list":["post-11000","post","type-post","status-publish","format-standard","has-post-thumbnail","hentry","category-brasil"],"_links":{"self":[{"href":"https:\/\/noticiasregionais.com.br\/index.php?rest_route=\/wp\/v2\/posts\/11000","targetHints":{"allow":["GET"]}}],"collection":[{"href":"https:\/\/noticiasregionais.com.br\/index.php?rest_route=\/wp\/v2\/posts"}],"about":[{"href":"https:\/\/noticiasregionais.com.br\/index.php?rest_route=\/wp\/v2\/types\/post"}],"author":[{"embeddable":true,"href":"https:\/\/noticiasregionais.com.br\/index.php?rest_route=\/wp\/v2\/users\/1"}],"replies":[{"embeddable":true,"href":"https:\/\/noticiasregionais.com.br\/index.php?rest_route=%2Fwp%2Fv2%2Fcomments&post=11000"}],"version-history":[{"count":0,"href":"https:\/\/noticiasregionais.com.br\/index.php?rest_route=\/wp\/v2\/posts\/11000\/revisions"}],"wp:featuredmedia":[{"embeddable":true,"href":"https:\/\/noticiasregionais.com.br\/index.php?rest_route=\/wp\/v2\/media\/11001"}],"wp:attachment":[{"href":"https:\/\/noticiasregionais.com.br\/index.php?rest_route=%2Fwp%2Fv2%2Fmedia&parent=11000"}],"wp:term":[{"taxonomy":"category","embeddable":true,"href":"https:\/\/noticiasregionais.com.br\/index.php?rest_route=%2Fwp%2Fv2%2Fcategories&post=11000"},{"taxonomy":"post_tag","embeddable":true,"href":"https:\/\/noticiasregionais.com.br\/index.php?rest_route=%2Fwp%2Fv2%2Ftags&post=11000"}],"curies":[{"name":"wp","href":"https:\/\/api.w.org\/{rel}","templated":true}]}}