{"id":11004,"date":"2025-11-11T04:45:00","date_gmt":"2025-11-11T07:45:00","guid":{"rendered":"https:\/\/noticiasregionais.com.br\/?p=11004"},"modified":"2025-11-11T04:45:00","modified_gmt":"2025-11-11T07:45:00","slug":"brasil-e-argentina-fortalecem-cooperacao-sanitaria-para-o-comercio-avicola","status":"publish","type":"post","link":"https:\/\/noticiasregionais.com.br\/?p=11004","title":{"rendered":"Brasil e Argentina fortalecem coopera\u00e7\u00e3o sanit\u00e1ria para o com\u00e9rcio av\u00edcola"},"content":{"rendered":"<p>\t\t\t\t\t\t\t\t\t\t\t<audio controls class=\"b61_audio_player\" data-noticia=\"85746\" src=\"https:\/\/brasil61.com\/rails\/active_storage\/blobs\/eyJfcmFpbHMiOnsibWVzc2FnZSI6IkJBaHBBN084QXc9PSIsImV4cCI6bnVsbCwicHVyIjoiYmxvYl9pZCJ9fQ==--e27a6ed70bd9016dbdd5c1005026ec6621356a82\/MAPA250015A\"><\/audio><\/p>\n<p><strong>Brasil e Argentina firmaram<\/strong>, na \u00faltima sexta-feira (7) em Buenos Aires,<strong> um acordo de reconhecimento m\u00fatuo para os sistemas oficiais de zonifica\u00e7\u00e3o e compartimenta\u00e7\u00e3o<\/strong> para a Influenza Avi\u00e1ria de Alta Patogenicidade (<a href=\"https:\/\/www.gov.br\/agricultura\/pt-br\/assuntos\/sanidade-animal-e-vegetal\/saude-animal\/programas-de-saude-animal\/pnsa\/influenza-aviaria\" target=\"_blank\" rel=\"noopener\">IAAP<\/a>) e a Doen\u00e7a de Newcastle (<a href=\"https:\/\/www.gov.br\/agricultura\/pt-br\/assuntos\/sanidade-animal-e-vegetal\/saude-animal\/programas-de-saude-animal\/pnsa\/doenca-de-newcastle\" target=\"_blank\" rel=\"noopener\">DNC<\/a>).\u00a0<\/p>\n<p>O entendimento, assinado pelo ministro da Agricultura e Pecu\u00e1ria, Carlos F\u00e1varo, e o secret\u00e1rio de Agricultura, Pecu\u00e1ria e Pesca da Argentina, Sergio Iraeta, estabelece que, em <strong>caso de ocorr\u00eancia de foco<\/strong> de uma dessas doen\u00e7as, <strong>as restri\u00e7\u00f5es comerciais ser\u00e3o aplicadas em um raio de 10 km<\/strong> ao redor da \u00e1rea afetada.<\/p>\n<p>Segundo F\u00e1varo, \u201co Brasil tem um sistema de defesa sanit\u00e1ria robusto, reconhecido internacionalmente, e esse acordo com a Argentina \u00e9 um importante reconhecimento dessa solidez. \u00c9 uma <strong>parceria que tem base em crit\u00e9rios t\u00e9cnicos<\/strong>\u201d.<\/p>\n<p>Para o secret\u00e1rio Sergio Iraeta, \u201co acordo alcan\u00e7ado representa um passo fundamental para proporcionar maior previsibilidade e estabilidade ao com\u00e9rcio bilateral de produtos av\u00edcolas diante do desafio representado pela influenza avi\u00e1ria de alta patogenicidade. Ao mesmo tempo,<strong> reafirma o compromisso de ambos os pa\u00edses com os mais altos padr\u00f5es sanit\u00e1rios<\/strong>, em conson\u00e2ncia com as recomenda\u00e7\u00f5es da Organiza\u00e7\u00e3o Mundial da Sa\u00fade Animal (<a href=\"https:\/\/www.woah.org\/en\/home\/\" target=\"_blank\" rel=\"noopener\">OMSA<\/a>)\u201d.<\/p>\n<h2>Acordo<\/h2>\n<p>A medida tem como base avalia\u00e7\u00f5es t\u00e9cnicas realizadas entre dezembro de 2024 e mar\u00e7o de 2025, que <strong>conclu\u00edram que os sistemas de vigil\u00e2ncia, zonifica\u00e7\u00e3o e biosseguridade dos dois pa\u00edses s\u00e3o equivalentes<\/strong> e seguem as diretrizes da OMSA.<\/p>\n<p>De acordo com os certificados e protocolos sanit\u00e1rios vigentes em cada pa\u00eds, <strong>o acordo contempla<\/strong>:<\/p>\n<ul>\n<li>aves vivas;<\/li>\n<li>ovos f\u00e9rteis;<\/li>\n<li>pintos de um dia;<\/li>\n<li>carne de aves;<\/li>\n<li>ovos;<\/li>\n<li>ovoprodutos.<\/li>\n<\/ul>\n<p>Com a assinatura do entendimento, os <strong>servi\u00e7os veterin\u00e1rios dos dois pa\u00edses<\/strong> (<a href=\"https:\/\/www.gov.br\/agricultura\/pt-br\" target=\"_blank\" rel=\"noopener\">Mapa<\/a>\u00a0e <a href=\"https:\/\/www.argentina.gob.ar\/senasa\" target=\"_blank\" rel=\"noopener\">Senasa<\/a>) <strong>devem atualizar os certificados sanit\u00e1rios internacionais<\/strong> e estabelecer canais permanentes de comunica\u00e7\u00e3o para a notifica\u00e7\u00e3o e acompanhamento de eventuais ocorr\u00eancias sanit\u00e1rias.<\/p>\n<h2>Importa\u00e7\u00f5es<\/h2>\n<p>Em 2025, o <strong>Brasil consolidou a lideran\u00e7a como principal fornecedor de carne de frango para a Argentina<\/strong>, com um crescimento de 295% nas exporta\u00e7\u00f5es em rela\u00e7\u00e3o a 2024. Entre janeiro e julho, foram exportadas 12.951 toneladas.<\/p>\n<p><b>VEJA MAIS:<\/b><\/p>\n<ul>\n<li><a href=\"https:\/\/brasil61.com\/n\/mapa-homenageia-mariangela-hungria-por-contribuicao-a-agricultura-sustentavel-mapa250014\" target=\"_blank\" rel=\"noopener\">Mapa homenageia Mariangela Hungria por contribui\u00e7\u00e3o \u00e0 agricultura sustent\u00e1vel<\/a><\/li>\n<li><a href=\"https:\/\/brasil61.com\/n\/brasil-assume-presidencia-da-junta-interamericana-de-agricultura-mapa250013\" target=\"_blank\" rel=\"noopener\">Brasil assume presid\u00eancia da Junta Interamericana de Agricultura<\/a><\/li>\n<\/ul>\n<p>\t\t\t\t\t\t\t\t\t\t<img decoding=\"async\" src=\"https:\/\/brasil61.com\/api\/v1\/serve_pixel\/22254\/85746\" alt=\"Pixel Brasil 61\" class=\"b61_pixel\" width=\"0\" height=\"0\"><\/p>\n<div class=\"br61_backlink\">\n<p>\n\t\t\t\tFonte: <a href=\"https:\/\/brasil61.com\/brasil-e-argentina-fortalecem-cooperacao-sanitaria-para-o-comercio-avicola-mapa250015\" title=\"Artigo Original: Brasil e Argentina fortalecem coopera\u00e7\u00e3o sanit\u00e1ria para o com\u00e9rcio av\u00edcola\" target=\"_blank\" rel=\"noopener\">Brasil 61<\/a>\n\t\t\t<\/p>\n<\/p><\/div>\n<input type=\"hidden\" id=\"baseurl\" value=\"https:\/\/noticiasregionais.com.br\"><input type=\"hidden\" id=\"audio_nonce\" value=\"5c13e0637f\">","protected":false},"excerpt":{"rendered":"<p>Acordo firmado em Buenos Aires reconhece padr\u00f5es equivalentes de biosseguran\u00e7a e cria protocolos conjuntos de resposta a surtos de doen\u00e7as avi\u00e1rias<\/p>\n","protected":false},"author":1,"featured_media":11005,"comment_status":"","ping_status":"open","sticky":false,"template":"","format":"standard","meta":{"sfsi_plus_gutenberg_text_before_share":"","sfsi_plus_gutenberg_show_text_before_share":"","sfsi_plus_gutenberg_icon_type":"","sfsi_plus_gutenberg_icon_alignemt":"","sfsi_plus_gutenburg_max_per_row":"","footnotes":""},"categories":[8],"tags":[],"class_list":["post-11004","post","type-post","status-publish","format-standard","has-post-thumbnail","hentry","category-brasil"],"_links":{"self":[{"href":"https:\/\/noticiasregionais.com.br\/index.php?rest_route=\/wp\/v2\/posts\/11004","targetHints":{"allow":["GET"]}}],"collection":[{"href":"https:\/\/noticiasregionais.com.br\/index.php?rest_route=\/wp\/v2\/posts"}],"about":[{"href":"https:\/\/noticiasregionais.com.br\/index.php?rest_route=\/wp\/v2\/types\/post"}],"author":[{"embeddable":true,"href":"https:\/\/noticiasregionais.com.br\/index.php?rest_route=\/wp\/v2\/users\/1"}],"replies":[{"embeddable":true,"href":"https:\/\/noticiasregionais.com.br\/index.php?rest_route=%2Fwp%2Fv2%2Fcomments&post=11004"}],"version-history":[{"count":0,"href":"https:\/\/noticiasregionais.com.br\/index.php?rest_route=\/wp\/v2\/posts\/11004\/revisions"}],"wp:featuredmedia":[{"embeddable":true,"href":"https:\/\/noticiasregionais.com.br\/index.php?rest_route=\/wp\/v2\/media\/11005"}],"wp:attachment":[{"href":"https:\/\/noticiasregionais.com.br\/index.php?rest_route=%2Fwp%2Fv2%2Fmedia&parent=11004"}],"wp:term":[{"taxonomy":"category","embeddable":true,"href":"https:\/\/noticiasregionais.com.br\/index.php?rest_route=%2Fwp%2Fv2%2Fcategories&post=11004"},{"taxonomy":"post_tag","embeddable":true,"href":"https:\/\/noticiasregionais.com.br\/index.php?rest_route=%2Fwp%2Fv2%2Ftags&post=11004"}],"curies":[{"name":"wp","href":"https:\/\/api.w.org\/{rel}","templated":true}]}}