{"id":11012,"date":"2025-11-13T04:00:00","date_gmt":"2025-11-13T07:00:00","guid":{"rendered":"https:\/\/noticiasregionais.com.br\/?p=11012"},"modified":"2025-11-13T04:00:00","modified_gmt":"2025-11-13T07:00:00","slug":"soja-e-trigo-hoje-confira-as-cotacoes-para-quinta-13","status":"publish","type":"post","link":"https:\/\/noticiasregionais.com.br\/?p=11012","title":{"rendered":"Soja e trigo hoje: confira as cota\u00e7\u00f5es para quinta (13)"},"content":{"rendered":"<p>\t\t\t\t\t\t\t\t\t\t\t<audio controls class=\"b61_audio_player\" data-noticia=\"85790\" src=\"https:\/\/brasil61.com\/rails\/active_storage\/blobs\/eyJfcmFpbHMiOnsibWVzc2FnZSI6IkJBaHBBd2UrQXc9PSIsImV4cCI6bnVsbCwicHVyIjoiYmxvYl9pZCJ9fQ==--e867c151ae582893d27fbf3bb25c98a0ba2932c1\/PAGR255925A\"><\/audio><\/p>\n<p>O valor da saca de 60 kg da <strong>soja <\/strong>abre esta quinta-feira (13) em <strong>lev\u00edssima baixa<\/strong>\u00a0no interior do Paran\u00e1, enquanto no litoral do estado, em Paranagu\u00e1, o valor apresenta <strong>alta<\/strong>.\u00a0<\/p>\n<p>Na primeira regi\u00e3o, o gr\u00e3o teve <strong>reajuste de 0,01%<\/strong> e \u00e9 negociado a <strong>R$ 133,94<\/strong>; na segunda, o\u00a0<strong>ajuste <\/strong>foi <strong>de 0,83%<\/strong>, com a mercadoria cotada a <strong>R$ 140,09<\/strong>.<\/p>\n<p><strong>INDICADOR DA SOJA CEPEA\/ESALQ &#8211; PARAN\u00c1<\/strong><\/p>\n<table>\n<thead>\n<tr>\n<th scope=\"col\">Data<\/th>\n<th scope=\"col\">Valor R$*<\/th>\n<th scope=\"col\">Var.\/Dia<\/th>\n<th scope=\"col\">Var.\/M\u00eas<\/th>\n<th scope=\"col\">Valor US$*<\/th>\n<\/tr>\n<\/thead>\n<tbody>\n<tr>\n<td>12\/11\/2025<\/td>\n<td>133,94<\/td>\n<td>-0,01%<\/td>\n<td>0,27%<\/td>\n<td>25,30<\/td>\n<\/tr>\n<tr>\n<td>11\/11\/2025<\/td>\n<td>133,95<\/td>\n<td>-0,02%<\/td>\n<td>0,28%<\/td>\n<td>25,42<\/td>\n<\/tr>\n<tr>\n<td>10\/11\/2025<\/td>\n<td>133,98<\/td>\n<td>0,20%<\/td>\n<td>0,30%<\/td>\n<td>25,25<\/td>\n<\/tr>\n<tr>\n<td>07\/11\/2025<\/td>\n<td>133,71<\/td>\n<td>0,07%<\/td>\n<td>0,10%<\/td>\n<td>25,05<\/td>\n<\/tr>\n<tr>\n<td>06\/11\/2025<\/td>\n<td>133,61<\/td>\n<td>-0,42%<\/td>\n<td>0,02%<\/td>\n<td>24,98<\/td>\n<\/tr>\n<\/tbody>\n<\/table>\n<p><strong>INDICADOR DA SOJA CEPEA\/ESALQ &#8211; PARANAGU\u00c1<\/strong><\/p>\n<table>\n<thead>\n<tr>\n<th scope=\"col\">Data<\/th>\n<th scope=\"col\">Valor R$*<\/th>\n<th scope=\"col\">Var.\/Dia<\/th>\n<th scope=\"col\">Var.\/M\u00eas<\/th>\n<th scope=\"col\">Valor US$*<\/th>\n<\/tr>\n<\/thead>\n<tbody>\n<tr>\n<td>12\/11\/2025<\/td>\n<td>140,09<\/td>\n<td>0,83%<\/td>\n<td>0,15%<\/td>\n<td>26,47<\/td>\n<\/tr>\n<tr>\n<td>11\/11\/2025<\/td>\n<td>138,93<\/td>\n<td>-0,57%<\/td>\n<td>-0,68%<\/td>\n<td>26,36<\/td>\n<\/tr>\n<tr>\n<td>10\/11\/2025<\/td>\n<td>139,72<\/td>\n<td>0,62%<\/td>\n<td>-0,11%<\/td>\n<td>26,33<\/td>\n<\/tr>\n<tr>\n<td>07\/11\/2025<\/td>\n<td>138,86<\/td>\n<td>-0,32%<\/td>\n<td>-0,73%<\/td>\n<td>26,01<\/td>\n<\/tr>\n<tr>\n<td>06\/11\/2025<\/td>\n<td>139,31<\/td>\n<td>-0,65%<\/td>\n<td>-0,41%<\/td>\n<td>26,05<\/td>\n<\/tr>\n<\/tbody>\n<\/table>\n<h2>Trigo<\/h2>\n<p>O pre\u00e7o do <strong>trigo<\/strong>, por sua vez, registra <strong>baixa de 0,23% no Paran\u00e1 <\/strong>e<strong>\u00a0alta de 0,06% no Rio Grande do Sul<\/strong>.<strong>\u00a0<\/strong>No primeiro estado, a tonelada\u00a0\u00e9 vendida a<strong> R$ 1.193,55<\/strong>, enquanto no segundo \u00e9 comercializada a<strong> R$ 1.041,73<\/strong>.<\/p>\n<p><strong>PRE\u00c7O M\u00c9DIO DO TRIGO CEPEA\/ESALQ &#8211; PARAN\u00c1<\/strong><\/p>\n<table>\n<thead>\n<tr>\n<th scope=\"col\">Data<\/th>\n<th scope=\"col\">Valor R$\/t*<\/th>\n<th scope=\"col\">Var.\/Dia<\/th>\n<th scope=\"col\">Var.\/M\u00eas<\/th>\n<th scope=\"col\">Valor US$\/t*<\/th>\n<\/tr>\n<\/thead>\n<tbody>\n<tr>\n<td>12\/11\/2025<\/td>\n<td>1.193,55<\/td>\n<td>-0,23%<\/td>\n<td>-0,01%<\/td>\n<td>225,50<\/td>\n<\/tr>\n<tr>\n<td>11\/11\/2025<\/td>\n<td>1.196,25<\/td>\n<td>-0,47%<\/td>\n<td>0,22%<\/td>\n<td>226,99<\/td>\n<\/tr>\n<tr>\n<td>10\/11\/2025<\/td>\n<td>1.201,88<\/td>\n<td>0,36%<\/td>\n<td>0,69%<\/td>\n<td>226,47<\/td>\n<\/tr>\n<tr>\n<td>07\/11\/2025<\/td>\n<td>1.197,58<\/td>\n<td>-0,01%<\/td>\n<td>0,33%<\/td>\n<td>224,35<\/td>\n<\/tr>\n<tr>\n<td>06\/11\/2025<\/td>\n<td>1.197,67<\/td>\n<td>-0,24%<\/td>\n<td>0,34%<\/td>\n<td>223,95<\/td>\n<\/tr>\n<\/tbody>\n<\/table>\n<p><strong>PRE\u00c7O M\u00c9DIO DO TRIGO CEPEA\/ESALQ &#8211; RIO GRANDE DO SUL<\/strong><\/p>\n<table>\n<thead>\n<tr>\n<th scope=\"col\">Data<\/th>\n<th scope=\"col\">Valor R$\/t*<\/th>\n<th scope=\"col\">Var.\/Dia<\/th>\n<th scope=\"col\">Var.\/M\u00eas<\/th>\n<th scope=\"col\">Valor US$\/t*<\/th>\n<\/tr>\n<\/thead>\n<tbody>\n<tr>\n<td>12\/11\/2025<\/td>\n<td>1.041,73<\/td>\n<td>0,06%<\/td>\n<td>-3,53%<\/td>\n<td>196,81<\/td>\n<\/tr>\n<tr>\n<td>11\/11\/2025<\/td>\n<td>1.041,07<\/td>\n<td>-0,02%<\/td>\n<td>-3,59%<\/td>\n<td>197,55<\/td>\n<\/tr>\n<tr>\n<td>10\/11\/2025<\/td>\n<td>1.041,30<\/td>\n<td>-0,13%<\/td>\n<td>-3,57%<\/td>\n<td>196,21<\/td>\n<\/tr>\n<tr>\n<td>07\/11\/2025<\/td>\n<td>1.042,62<\/td>\n<td>-1,09%<\/td>\n<td>-3,45%<\/td>\n<td>195,32<\/td>\n<\/tr>\n<tr>\n<td>06\/11\/2025<\/td>\n<td>1.054,15<\/td>\n<td>0,00%<\/td>\n<td>-2,38%<\/td>\n<td>197,11<\/td>\n<\/tr>\n<\/tbody>\n<\/table>\n<p>Os valores s\u00e3o do <a href=\"http:\/\/www.cepea.org.br\" target=\"_blank\" rel=\"noopener\">Cepea<\/a>.<\/p>\n<h2>O que \u00e9 uma saca de soja ou de trigo? Entenda a unidade de medida no mercado de gr\u00e3os<\/h2>\n<p>A saca de soja e a saca de trigo s\u00e3o as principais unidades de comercializa\u00e7\u00e3o de gr\u00e3os no Brasil. Cada saca equivale a 60 quilos, padr\u00e3o adotado por \u00f3rg\u00e3os oficiais como a <strong>Companhia Nacional de Abastecimento (<a href=\"https:\/\/www.gov.br\/conab\/pt-br\" target=\"_blank\" rel=\"noopener\">Conab<\/a>)<\/strong>, o<strong> Minist\u00e9rio da Agricultura (<a href=\"http:\/\/www.gov.br\/agricultura\/pt-br\" target=\"_blank\" rel=\"noopener\">MAPA<\/a>)<\/strong> e o<strong> Centro de Estudos Avan\u00e7ados em Economia Aplicada (<a href=\"http:\/\/www.cepea.org.br\" target=\"_blank\" rel=\"noopener\">Cepea<\/a>)<\/strong>.<\/p>\n<p>Esse formato padronizado facilita o com\u00e9rcio da soja e do trigo, al\u00e9m de permitir um acompanhamento mais preciso das cota\u00e7\u00f5es e varia\u00e7\u00f5es de pre\u00e7os no mercado nacional.<\/p>\n<p>\t\t\t\t\t\t\t\t\t\t<img decoding=\"async\" src=\"https:\/\/brasil61.com\/api\/v1\/serve_pixel\/22254\/85790\" alt=\"Pixel Brasil 61\" class=\"b61_pixel\" width=\"0\" height=\"0\"><\/p>\n<div class=\"br61_backlink\">\n<p>\n\t\t\t\tFonte: <a href=\"https:\/\/brasil61.com\/soja-e-trigo-hoje-confira-as-cotacoes-para-quinta-13-pagr255925\" title=\"Artigo Original: Soja e trigo hoje: confira as cota\u00e7\u00f5es para quinta (13) \" target=\"_blank\" rel=\"noopener\">Brasil 61<\/a>\n\t\t\t<\/p>\n<\/p><\/div>\n<input type=\"hidden\" id=\"baseurl\" value=\"https:\/\/noticiasregionais.com.br\"><input type=\"hidden\" id=\"audio_nonce\" value=\"3cdc555a10\">","protected":false},"excerpt":{"rendered":"<p>A soja apresenta alta em Paranagu\u00e1 e baixa no Paran\u00e1; o trigo, por sua vez, aponta queda no Paran\u00e1 e alta no Rio Grande do Sul<\/p>\n","protected":false},"author":1,"featured_media":11013,"comment_status":"","ping_status":"open","sticky":false,"template":"","format":"standard","meta":{"sfsi_plus_gutenberg_text_before_share":"","sfsi_plus_gutenberg_show_text_before_share":"","sfsi_plus_gutenberg_icon_type":"","sfsi_plus_gutenberg_icon_alignemt":"","sfsi_plus_gutenburg_max_per_row":"","footnotes":""},"categories":[8],"tags":[],"class_list":["post-11012","post","type-post","status-publish","format-standard","has-post-thumbnail","hentry","category-brasil"],"_links":{"self":[{"href":"https:\/\/noticiasregionais.com.br\/index.php?rest_route=\/wp\/v2\/posts\/11012","targetHints":{"allow":["GET"]}}],"collection":[{"href":"https:\/\/noticiasregionais.com.br\/index.php?rest_route=\/wp\/v2\/posts"}],"about":[{"href":"https:\/\/noticiasregionais.com.br\/index.php?rest_route=\/wp\/v2\/types\/post"}],"author":[{"embeddable":true,"href":"https:\/\/noticiasregionais.com.br\/index.php?rest_route=\/wp\/v2\/users\/1"}],"replies":[{"embeddable":true,"href":"https:\/\/noticiasregionais.com.br\/index.php?rest_route=%2Fwp%2Fv2%2Fcomments&post=11012"}],"version-history":[{"count":0,"href":"https:\/\/noticiasregionais.com.br\/index.php?rest_route=\/wp\/v2\/posts\/11012\/revisions"}],"wp:featuredmedia":[{"embeddable":true,"href":"https:\/\/noticiasregionais.com.br\/index.php?rest_route=\/wp\/v2\/media\/11013"}],"wp:attachment":[{"href":"https:\/\/noticiasregionais.com.br\/index.php?rest_route=%2Fwp%2Fv2%2Fmedia&parent=11012"}],"wp:term":[{"taxonomy":"category","embeddable":true,"href":"https:\/\/noticiasregionais.com.br\/index.php?rest_route=%2Fwp%2Fv2%2Fcategories&post=11012"},{"taxonomy":"post_tag","embeddable":true,"href":"https:\/\/noticiasregionais.com.br\/index.php?rest_route=%2Fwp%2Fv2%2Ftags&post=11012"}],"curies":[{"name":"wp","href":"https:\/\/api.w.org\/{rel}","templated":true}]}}