{"id":11018,"date":"2025-11-14T04:00:00","date_gmt":"2025-11-14T07:00:00","guid":{"rendered":"https:\/\/noticiasregionais.com.br\/?p=11018"},"modified":"2025-11-14T04:00:00","modified_gmt":"2025-11-14T07:00:00","slug":"preco-do-boi-gordo-hoje-confira-as-cotacoes-para-sexta-feira-14","status":"publish","type":"post","link":"https:\/\/noticiasregionais.com.br\/?p=11018","title":{"rendered":"Pre\u00e7o do boi gordo hoje: confira as cota\u00e7\u00f5es para sexta-feira (14)"},"content":{"rendered":"<p>\t\t\t\t\t\t\t\t\t\t\t<audio controls class=\"b61_audio_player\" data-noticia=\"85832\" src=\"https:\/\/brasil61.com\/rails\/active_storage\/blobs\/eyJfcmFpbHMiOnsibWVzc2FnZSI6IkJBaHBBeHkvQXc9PSIsImV4cCI6bnVsbCwicHVyIjoiYmxvYl9pZCJ9fQ==--bae60cae50056c2dd8e44279b47fc59cde2a7a37\/PAGR255928A\"><\/audio><\/p>\n<p>O pre\u00e7o do boi gordo nesta sexta-feira (14) apresenta alta de 0,19%; a arroba est\u00e1 sendo negociada a R$ 322,45, no estado de S\u00e3o Paulo.\u00a0<br \/>\n\u00a0<\/p>\n<\/p>\n<p><b>INDICADOR DO BOI GORDO CEPEA\/ESALQ<\/b><\/p>\n<table id=\"imagenet-indicador1\">\n<thead>\n<tr>\n<th>Data<\/th>\n<th>Valor R$*<\/th>\n<th>Var.\/Dia<\/th>\n<th>Var.\/M\u00eas<\/th>\n<th>Valor US$*<\/th>\n<\/tr>\n<\/thead>\n<tbody>\n<tr>\n<td>13\/11\/2025<\/td>\n<td>322,45<\/td>\n<td>0,19%<\/td>\n<td>1,13%<\/td>\n<td>60,87<\/td>\n<\/tr>\n<tr>\n<td>12\/11\/2025<\/td>\n<td>321,85<\/td>\n<td>-0,09%<\/td>\n<td>0,94%<\/td>\n<td>60,81<\/td>\n<\/tr>\n<tr>\n<td>11\/11\/2025<\/td>\n<td>322,15<\/td>\n<td>-0,15%<\/td>\n<td>1,03%<\/td>\n<td>61,13<\/td>\n<\/tr>\n<tr>\n<td>10\/11\/2025<\/td>\n<td>322,65<\/td>\n<td>-0,32%<\/td>\n<td>1,19%<\/td>\n<td>60,80<\/td>\n<\/tr>\n<tr>\n<td>07\/11\/2025<\/td>\n<td>323,70<\/td>\n<td>0,00%<\/td>\n<td>1,52%<\/td>\n<td>60,53<\/td>\n<\/tr>\n<\/tbody>\n<\/table>\n<p>Na Grande S\u00e3o Paulo, S\u00e3o Jos\u00e9 do Rio Preto e Descalvado, o pre\u00e7o do frango congelado e o do resfriado apresentam estabilidade. A primeira op\u00e7\u00e3o est\u00e1 sendo vendida a R$ 8,05. J\u00e1 a segunda \u00e9 comercializada a R$ 8,04.\u00a0<\/p>\n<p>\n<b>PRE\u00c7OS DO FRANGO CONGELADO CEPEA\/ESALQ &#8211; ESTADO SP<\/b><\/p>\n<table id=\"imagenet-indicador2\">\n<thead>\n<tr>\n<th>Data<\/th>\n<th>Valor R$<\/th>\n<th>Var.\/Dia<\/th>\n<th>Var.\/M\u00eas<\/th>\n<\/tr>\n<\/thead>\n<tbody>\n<tr>\n<td>13\/11\/2025<\/td>\n<td>8,05<\/td>\n<td>0,00%<\/td>\n<td>0,50%<\/td>\n<\/tr>\n<tr>\n<td>12\/11\/2025<\/td>\n<td>8,05<\/td>\n<td>0,12%<\/td>\n<td>0,50%<\/td>\n<\/tr>\n<tr>\n<td>11\/11\/2025<\/td>\n<td>8,04<\/td>\n<td>0,00%<\/td>\n<td>0,37%<\/td>\n<\/tr>\n<tr>\n<td>10\/11\/2025<\/td>\n<td>8,04<\/td>\n<td>0,12%<\/td>\n<td>0,37%<\/td>\n<\/tr>\n<tr>\n<td>07\/11\/2025<\/td>\n<td>8,03<\/td>\n<td>0,00%<\/td>\n<td>0,25%<\/td>\n<\/tr>\n<\/tbody>\n<\/table>\n<p><b>PRE\u00c7OS DO FRANGO RESFRIADO CEPEA\/ESALQ &#8211; ESTADO SP<\/b><\/p>\n<table id=\"imagenet-indicador3\">\n<thead>\n<tr>\n<th>Data<\/th>\n<th>Valor R$<\/th>\n<th>Var.\/Dia<\/th>\n<th>Var.\/M\u00eas<\/th>\n<\/tr>\n<\/thead>\n<tbody>\n<tr>\n<td>13\/11\/2025<\/td>\n<td>8,04<\/td>\n<td>0,00%<\/td>\n<td>-0,50%<\/td>\n<\/tr>\n<tr>\n<td>12\/11\/2025<\/td>\n<td>8,04<\/td>\n<td>-0,37%<\/td>\n<td>-0,50%<\/td>\n<\/tr>\n<tr>\n<td>11\/11\/2025<\/td>\n<td>8,07<\/td>\n<td>0,12%<\/td>\n<td>-0,12%<\/td>\n<\/tr>\n<tr>\n<td>10\/11\/2025<\/td>\n<td>8,06<\/td>\n<td>-0,37%<\/td>\n<td>-0,25%<\/td>\n<\/tr>\n<tr>\n<td>07\/11\/2025<\/td>\n<td>8,09<\/td>\n<td>0,12%<\/td>\n<td>0,12%<\/td>\n<\/tr>\n<\/tbody>\n<\/table>\n<h2>Pre\u00e7o da carca\u00e7a su\u00edna especial e su\u00edno vivo<\/h2>\n<p>A carca\u00e7a su\u00edna especial registra estabilidade no pre\u00e7o, com a mercadoria sendo negociada a R$ 12,66, por quilo, nos atacados da Grande S\u00e3o Paulo.\u00a0<\/p>\n<p>O pre\u00e7o do su\u00edno vivo tamb\u00e9m apresenta estabilidade na maior parte dos estados, com destaque para S\u00e3o Paulo, sendo vendido a R$ 8,81.\u00a0<\/p>\n<p>\u00a0<\/p>\n<\/p>\n<p dir=\"ltr\"><b>PRE\u00c7OS DA CARCA\u00c7A SU\u00cdNA ESPECIAL (R$\/kg<\/b><\/p>\n<p>\u00a0<\/p>\n<\/p>\n<table id=\"imagenet-indicador4\">\n<thead>\n<tr>\n<th>Data<\/th>\n<th>M\u00e9dia<\/th>\n<th>Var.\/Dia<\/th>\n<th>Var.\/M\u00eas<\/th>\n<\/tr>\n<\/thead>\n<tbody>\n<tr>\n<td>13\/11\/2025<\/td>\n<td>12,66<\/td>\n<td>0,00%<\/td>\n<td>2,18%<\/td>\n<\/tr>\n<tr>\n<td>12\/11\/2025<\/td>\n<td>12,66<\/td>\n<td>0,16%<\/td>\n<td>2,18%<\/td>\n<\/tr>\n<tr>\n<td>11\/11\/2025<\/td>\n<td>12,64<\/td>\n<td>1,53%<\/td>\n<td>2,02%<\/td>\n<\/tr>\n<tr>\n<td>10\/11\/2025<\/td>\n<td>12,45<\/td>\n<td>0,65%<\/td>\n<td>0,48%<\/td>\n<\/tr>\n<tr>\n<td>07\/11\/2025<\/td>\n<td>12,37<\/td>\n<td>0,00%<\/td>\n<td>-0,16%<\/td>\n<\/tr>\n<\/tbody>\n<\/table>\n<p>\u00a0<\/p>\n<\/p>\n<p dir=\"ltr\"><b id=\"docs-internal-guid-e12216e1-7fff-ad11-69e7-2e84d386721c\">INDICADOR DO SU\u00cdNO VIVO CEPEA\/ESALQ (R$\/kg)<\/b><\/p>\n<table id=\"imagenet-indicador5\">\n<thead>\n<tr>\n<th>Data<\/th>\n<th>Estado<\/th>\n<th>Valor R$*<\/th>\n<th>Var.\/Dia<\/th>\n<th>Var.\/M\u00eas<\/th>\n<\/tr>\n<\/thead>\n<tbody>\n<tr>\n<td>13\/11\/2025<\/td>\n<td>MG &#8211; posto<\/td>\n<td>8,44<\/td>\n<td>0,00%<\/td>\n<td>2,55%<\/td>\n<\/tr>\n<tr>\n<td>13\/11\/2025<\/td>\n<td>PR &#8211; a retirar<\/td>\n<td>8,41<\/td>\n<td>0,00%<\/td>\n<td>0,72%<\/td>\n<\/tr>\n<tr>\n<td>13\/11\/2025<\/td>\n<td>RS &#8211; a retirar<\/td>\n<td>8,37<\/td>\n<td>0,00%<\/td>\n<td>1,09%<\/td>\n<\/tr>\n<tr>\n<td>13\/11\/2025<\/td>\n<td>SC &#8211; a retirar<\/td>\n<td>8,24<\/td>\n<td>-0,24%<\/td>\n<td>-0,12%<\/td>\n<\/tr>\n<tr>\n<td>13\/11\/2025<\/td>\n<td>SP &#8211; posto<\/td>\n<td>8,81<\/td>\n<td>0,00%<\/td>\n<td>0,46%<\/td>\n<\/tr>\n<\/tbody>\n<\/table>\n<p>Os valores s\u00e3o do<a href=\"https:\/\/www.cepea.org.br\/br\/indicador\/suino.aspx\" target=\"_blank\" rel=\"noopener\"> Cepea<\/a>.<\/p>\n<h2>O que \u00e9 o boi gordo? Entenda o termo do mercado bovino<\/h2>\n<p>O boi gordo \u00e9 o bovino macho pronto para o abate, com peso m\u00ednimo de 16 arrobas l\u00edquidas de carca\u00e7a (aproximadamente 240 kg) e at\u00e9 42 meses de idade. Atende aos padr\u00f5es do mercado nacional e internacional, incluindo exporta\u00e7\u00f5es para Europa, China e cota Hilton.<\/p>\n<h2>Diferen\u00e7as entre frango congelado e frango resfriado<\/h2>\n<p>O frango congelado passa por congelamento r\u00e1pido, com temperaturas abaixo de -12\u00b0C, garantindo maior vida \u00fatil para armazenamento e transporte a longas dist\u00e2ncias. J\u00e1 o frango resfriado \u00e9 mantido entre 0\u00b0C e 4\u00b0C, com validade de 5 a 7 dias, oferecendo textura e sabor mais pr\u00f3ximos do fresco, ideal para consumidores exigentes e restaurantes.<\/p>\n<\/p>\n<p>\t\t\t\t\t\t\t\t\t\t<img decoding=\"async\" src=\"https:\/\/brasil61.com\/api\/v1\/serve_pixel\/22254\/85832\" alt=\"Pixel Brasil 61\" class=\"b61_pixel\" width=\"0\" height=\"0\"><\/p>\n<div class=\"br61_backlink\">\n<p>\n\t\t\t\tFonte: <a href=\"https:\/\/brasil61.com\/preco-do-boi-gordo-hoje-confira-as-cotacoes-para-sexta-feira-14-pagr255928\" title=\"Artigo Original: Pre\u00e7o do boi gordo hoje: confira as cota\u00e7\u00f5es para sexta-feira (14)\" target=\"_blank\" rel=\"noopener\">Brasil 61<\/a>\n\t\t\t<\/p>\n<\/p><\/div>\n<input type=\"hidden\" id=\"baseurl\" value=\"https:\/\/noticiasregionais.com.br\"><input type=\"hidden\" id=\"audio_nonce\" value=\"5c13e0637f\">","protected":false},"excerpt":{"rendered":"<p>Frango congelado e carca\u00e7a su\u00edna apresentam estabilidade nos valores<\/p>\n","protected":false},"author":1,"featured_media":11019,"comment_status":"","ping_status":"open","sticky":false,"template":"","format":"standard","meta":{"sfsi_plus_gutenberg_text_before_share":"","sfsi_plus_gutenberg_show_text_before_share":"","sfsi_plus_gutenberg_icon_type":"","sfsi_plus_gutenberg_icon_alignemt":"","sfsi_plus_gutenburg_max_per_row":"","footnotes":""},"categories":[8],"tags":[],"class_list":["post-11018","post","type-post","status-publish","format-standard","has-post-thumbnail","hentry","category-brasil"],"_links":{"self":[{"href":"https:\/\/noticiasregionais.com.br\/index.php?rest_route=\/wp\/v2\/posts\/11018","targetHints":{"allow":["GET"]}}],"collection":[{"href":"https:\/\/noticiasregionais.com.br\/index.php?rest_route=\/wp\/v2\/posts"}],"about":[{"href":"https:\/\/noticiasregionais.com.br\/index.php?rest_route=\/wp\/v2\/types\/post"}],"author":[{"embeddable":true,"href":"https:\/\/noticiasregionais.com.br\/index.php?rest_route=\/wp\/v2\/users\/1"}],"replies":[{"embeddable":true,"href":"https:\/\/noticiasregionais.com.br\/index.php?rest_route=%2Fwp%2Fv2%2Fcomments&post=11018"}],"version-history":[{"count":0,"href":"https:\/\/noticiasregionais.com.br\/index.php?rest_route=\/wp\/v2\/posts\/11018\/revisions"}],"wp:featuredmedia":[{"embeddable":true,"href":"https:\/\/noticiasregionais.com.br\/index.php?rest_route=\/wp\/v2\/media\/11019"}],"wp:attachment":[{"href":"https:\/\/noticiasregionais.com.br\/index.php?rest_route=%2Fwp%2Fv2%2Fmedia&parent=11018"}],"wp:term":[{"taxonomy":"category","embeddable":true,"href":"https:\/\/noticiasregionais.com.br\/index.php?rest_route=%2Fwp%2Fv2%2Fcategories&post=11018"},{"taxonomy":"post_tag","embeddable":true,"href":"https:\/\/noticiasregionais.com.br\/index.php?rest_route=%2Fwp%2Fv2%2Ftags&post=11018"}],"curies":[{"name":"wp","href":"https:\/\/api.w.org\/{rel}","templated":true}]}}