{"id":1102,"date":"2023-11-08T20:14:48","date_gmt":"2023-11-08T23:14:48","guid":{"rendered":"https:\/\/noticiasregionais.com.br\/?p=1102"},"modified":"2023-11-08T20:15:00","modified_gmt":"2023-11-08T23:15:00","slug":"forca-tatica-prende-individuos-por-roubo-e-receptacao-em-ourinhos","status":"publish","type":"post","link":"https:\/\/noticiasregionais.com.br\/?p=1102","title":{"rendered":"For\u00e7a T\u00e1tica prende indiv\u00edduos por roubo e recepta\u00e7\u00e3o em Ourinhos"},"content":{"rendered":"\n<p>Uma equipe de For\u00e7a T\u00e1tica do 31\u00ba BPM\/I prendeu dois indiv\u00edduos por roubo e recepta\u00e7\u00e3o na tarde desta ter\u00e7a-feira (07), na cidade de Ourinhos.<\/p>\n\n\n\n<p>A equipe recebeu a informa\u00e7\u00e3o de um roubo de uma bicicleta ocorrido no Jardim Europa. Com as caracter\u00edsticas do suspeito, os policiais intensificaram o patrulhamento na regi\u00e3o e abordaram um transeunte.<\/p>\n\n\n\n<p>Ap\u00f3s busca pessoal, o homem confessou o roubo da bicicleta e de outra bicicleta, ocorrida em data anterior. Ele tamb\u00e9m informou que as bicicletas estariam escondidas em uma casa abandonada no bairro Vila Boa Esperan\u00e7a.<\/p>\n\n\n\n<p>Os policiais se deslocaram at\u00e9 a casa abandonada e localizaram uma das bicicletas. A outra foi encontrada na posse de um segundo indiv\u00edduo, que confessou ter comprado a bicicleta roubada.<\/p>\n\n\n\n<p>Os dois homens foram encaminhados \u00e0 Central de Pol\u00edcia Judici\u00e1ria (CPJ) de Ourinhos, onde a autoridade policial ratificou a voz de pris\u00e3o. Eles ficaram \u00e0 disposi\u00e7\u00e3o da Justi\u00e7a.<\/p>\n\n\n\n<p><strong>A\u00e7\u00f5es de combate ao crime<\/strong><\/p>\n\n\n\n<p>A Pol\u00edcia Militar de Ourinhos tem realizado a\u00e7\u00f5es de combate ao crime de forma constante na cidade. Em 2023, a corpora\u00e7\u00e3o j\u00e1 prendeu mais de 100 pessoas por roubo, furto e outros crimes.<\/p>\n\n\n\n<p>Os policiais da For\u00e7a T\u00e1tica est\u00e3o sempre atentos \u00e0s ocorr\u00eancias de roubo e recepta\u00e7\u00e3o de bicicletas. Essa \u00e9 uma forma de combater o crime e garantir a seguran\u00e7a da popula\u00e7\u00e3o.<\/p>\n<input type=\"hidden\" id=\"baseurl\" value=\"https:\/\/noticiasregionais.com.br\"><input type=\"hidden\" id=\"audio_nonce\" value=\"533fbb67b1\">","protected":false},"excerpt":{"rendered":"<p>Uma equipe de For\u00e7a T\u00e1tica do 31\u00ba BPM\/I prendeu dois indiv\u00edduos por roubo e recepta\u00e7\u00e3o na tarde desta ter\u00e7a-feira (07),&hellip;<\/p>\n","protected":false},"author":1,"featured_media":1103,"comment_status":"closed","ping_status":"open","sticky":false,"template":"","format":"standard","meta":{"sfsi_plus_gutenberg_text_before_share":"","sfsi_plus_gutenberg_show_text_before_share":"","sfsi_plus_gutenberg_icon_type":"","sfsi_plus_gutenberg_icon_alignemt":"","sfsi_plus_gutenburg_max_per_row":"","footnotes":""},"categories":[5,10,1],"tags":[],"class_list":["post-1102","post","type-post","status-publish","format-standard","has-post-thumbnail","hentry","category-ourinhos","category-destaques","category-noticias"],"_links":{"self":[{"href":"https:\/\/noticiasregionais.com.br\/index.php?rest_route=\/wp\/v2\/posts\/1102","targetHints":{"allow":["GET"]}}],"collection":[{"href":"https:\/\/noticiasregionais.com.br\/index.php?rest_route=\/wp\/v2\/posts"}],"about":[{"href":"https:\/\/noticiasregionais.com.br\/index.php?rest_route=\/wp\/v2\/types\/post"}],"author":[{"embeddable":true,"href":"https:\/\/noticiasregionais.com.br\/index.php?rest_route=\/wp\/v2\/users\/1"}],"replies":[{"embeddable":true,"href":"https:\/\/noticiasregionais.com.br\/index.php?rest_route=%2Fwp%2Fv2%2Fcomments&post=1102"}],"version-history":[{"count":1,"href":"https:\/\/noticiasregionais.com.br\/index.php?rest_route=\/wp\/v2\/posts\/1102\/revisions"}],"predecessor-version":[{"id":1104,"href":"https:\/\/noticiasregionais.com.br\/index.php?rest_route=\/wp\/v2\/posts\/1102\/revisions\/1104"}],"wp:featuredmedia":[{"embeddable":true,"href":"https:\/\/noticiasregionais.com.br\/index.php?rest_route=\/wp\/v2\/media\/1103"}],"wp:attachment":[{"href":"https:\/\/noticiasregionais.com.br\/index.php?rest_route=%2Fwp%2Fv2%2Fmedia&parent=1102"}],"wp:term":[{"taxonomy":"category","embeddable":true,"href":"https:\/\/noticiasregionais.com.br\/index.php?rest_route=%2Fwp%2Fv2%2Fcategories&post=1102"},{"taxonomy":"post_tag","embeddable":true,"href":"https:\/\/noticiasregionais.com.br\/index.php?rest_route=%2Fwp%2Fv2%2Ftags&post=1102"}],"curies":[{"name":"wp","href":"https:\/\/api.w.org\/{rel}","templated":true}]}}