{"id":11024,"date":"2025-11-14T04:15:00","date_gmt":"2025-11-14T07:15:00","guid":{"rendered":"https:\/\/noticiasregionais.com.br\/?p=11024"},"modified":"2025-11-15T22:35:38","modified_gmt":"2025-11-16T01:35:38","slug":"agro-fecha-setembro-com-saldo-positivo-de-25-mil-empregos-puxado-pelo-acucar-e-pela-cana","status":"publish","type":"post","link":"https:\/\/noticiasregionais.com.br\/?p=11024","title":{"rendered":"Agro fecha setembro com saldo positivo de 25 mil empregos, puxado pelo a\u00e7\u00facar e pela cana"},"content":{"rendered":"<p>\t\t\t\t\t\t\t\t\t\t<audio controls class=\"b61_audio_player\" data-noticia=\"85816\" src=\"https:\/\/brasil61.com\/rails\/active_storage\/blobs\/eyJfcmFpbHMiOnsibWVzc2FnZSI6IkJBaHBBd2kvQXc9PSIsImV4cCI6bnVsbCwicHVyIjoiYmxvYl9pZCJ9fQ==--bd02e2543b784e39dd09e250aa260232af7de19e\/BRAS2515135A\"><\/audio><\/p>\n<p><strong>O agroneg\u00f3cio brasileiro encerrou setembro com saldo positivo de 25\u00a0mil vagas com carteira assinada,<\/strong> resultado de 239.320 admiss\u00f5es e 214.310 desligamentos, segundo o Informativo de Trabalho do Agro da <a href=\"https:\/\/cnm.org.br\/biblioteca\/exibe\/16233\" target=\"_blank\" rel=\"noopener\">Confedera\u00e7\u00e3o Nacional de Munic\u00edpios<\/a> (CNM), divulgado nesta quarta-feira (12).<\/p>\n<\/p>\n<p dir=\"ltr\">De acordo com o levantamento, <strong>as pequenas cidades foram respons\u00e1veis por mais da metade dos empregos criados no m\u00eas<\/strong>; cerca de 13,8 mil vagas, o equivalente a 55% do total. Registraram saldo positivo\u00a02.405 munic\u00edpios, enquanto 1.984 tiveram redu\u00e7\u00e3o nas contrata\u00e7\u00f5es.<\/p>\n<p dir=\"ltr\">O <strong>bom desempenho do agro em setembro foi impulsionado, pelo segundo m\u00eas consecutivo, pelas contrata\u00e7\u00f5es na fabrica\u00e7\u00e3o de a\u00e7\u00facar em bruto (+16,1 mil vagas) e pelo cultivo de cana-de-a\u00e7\u00facar <\/strong>(+3 mil vagas). As duas atividades responderam por mais de 75% do saldo positivo no m\u00eas.<\/p>\n<p dir=\"ltr\">As cidades com maior cria\u00e7\u00e3o de empregos foram Rio Largo (AL) e Rio Formoso (PE), ambas com cerca de 1,7 mil novas vagas, seguidas por Campo Alegre (AL), com 1,6 mil.<\/p>\n<p dir=\"ltr\">Por outro lado, <strong>os setores que mais fecharam postos foram o cultivo de caf\u00e9 (-4,9 mil vagas em 457 cidades) e o processamento industrial do fumo (-2,6 mil vagas em 17 cidades). <\/strong>No acumulado do ano, as maiores perdas foram registradas no cultivo de dend\u00ea (-3,6 mil) e na produ\u00e7\u00e3o de sementes certificadas (-1,5 mil).<\/p>\n<p dir=\"ltr\">Apesar das oscila\u00e7\u00f5es, o desempenho do agro em setembro foi melhor que o de 2024, quando o setor havia criado 21,6 mil postos, embora inferior ao de 2023, que havia registrado a cria\u00e7\u00e3o de 31,3 mil vagas.<\/p>\n<p dir=\"ltr\">O estudo <strong>refor\u00e7a o protagonismo dos munic\u00edpios de pequeno porte na gera\u00e7\u00e3o de empregos no campo, especialmente nas cadeias produtivas da cana e do a\u00e7\u00facar. <\/strong>O informativo completo est\u00e1 dispon\u00edvel na Biblioteca Virtual da <a href=\"https:\/\/cnm.org.br\/biblioteca\/exibe\/16233\" target=\"_blank\" rel=\"noopener\">CNM<\/a>.<\/p>\n<p dir=\"ltr\">As informa\u00e7\u00f5es s\u00e3o da <a href=\"https:\/\/cnm.org.br\/biblioteca\/exibe\/16233\" target=\"_blank\" rel=\"noopener\">Confedera\u00e7\u00e3o Nacional de Munic\u00edpios<\/a>.<\/p>\n<p>\t\t\t\t\t\t\t\t\t<img decoding=\"async\" src=\"https:\/\/brasil61.com\/api\/v1\/serve_pixel\/22254\/85816\" alt=\"Pixel Brasil 61\" class=\"b61_pixel\" width=\"0\" height=\"0\"><\/p>\n<div class=\"br61_backlink\">\n<p>\n\t\t\t\tFonte: <a href=\"https:\/\/brasil61.com\/agro-fecha-setembro-com-saldo-positivo-de-25-mil-empregos-puxado-pelo-acucar-e-pela-cana-bras2515135\" title=\"Artigo Original: Agro fecha setembro com saldo positivo de 25 mil empregos, puxado pelo a\u00e7\u00facar e pela cana\" target=\"_blank\" rel=\"noopener\">Brasil 61<\/a>\n\t\t\t<\/p>\n<\/p><\/div>\n<input type=\"hidden\" id=\"baseurl\" value=\"https:\/\/noticiasregionais.com.br\"><input type=\"hidden\" id=\"audio_nonce\" value=\"5c13e0637f\">","protected":false},"excerpt":{"rendered":"<p>Pequenas cidades concentram 55% das vagas criadas; desempenho supera 2024, mas ainda abaixo do registrado em 2023<\/p>\n","protected":false},"author":1,"featured_media":11048,"comment_status":"closed","ping_status":"open","sticky":false,"template":"","format":"standard","meta":{"sfsi_plus_gutenberg_text_before_share":"","sfsi_plus_gutenberg_show_text_before_share":"","sfsi_plus_gutenberg_icon_type":"","sfsi_plus_gutenberg_icon_alignemt":"","sfsi_plus_gutenburg_max_per_row":"","footnotes":""},"categories":[8],"tags":[],"class_list":["post-11024","post","type-post","status-publish","format-standard","has-post-thumbnail","hentry","category-brasil"],"_links":{"self":[{"href":"https:\/\/noticiasregionais.com.br\/index.php?rest_route=\/wp\/v2\/posts\/11024","targetHints":{"allow":["GET"]}}],"collection":[{"href":"https:\/\/noticiasregionais.com.br\/index.php?rest_route=\/wp\/v2\/posts"}],"about":[{"href":"https:\/\/noticiasregionais.com.br\/index.php?rest_route=\/wp\/v2\/types\/post"}],"author":[{"embeddable":true,"href":"https:\/\/noticiasregionais.com.br\/index.php?rest_route=\/wp\/v2\/users\/1"}],"replies":[{"embeddable":true,"href":"https:\/\/noticiasregionais.com.br\/index.php?rest_route=%2Fwp%2Fv2%2Fcomments&post=11024"}],"version-history":[{"count":1,"href":"https:\/\/noticiasregionais.com.br\/index.php?rest_route=\/wp\/v2\/posts\/11024\/revisions"}],"predecessor-version":[{"id":11047,"href":"https:\/\/noticiasregionais.com.br\/index.php?rest_route=\/wp\/v2\/posts\/11024\/revisions\/11047"}],"wp:featuredmedia":[{"embeddable":true,"href":"https:\/\/noticiasregionais.com.br\/index.php?rest_route=\/wp\/v2\/media\/11048"}],"wp:attachment":[{"href":"https:\/\/noticiasregionais.com.br\/index.php?rest_route=%2Fwp%2Fv2%2Fmedia&parent=11024"}],"wp:term":[{"taxonomy":"category","embeddable":true,"href":"https:\/\/noticiasregionais.com.br\/index.php?rest_route=%2Fwp%2Fv2%2Fcategories&post=11024"},{"taxonomy":"post_tag","embeddable":true,"href":"https:\/\/noticiasregionais.com.br\/index.php?rest_route=%2Fwp%2Fv2%2Ftags&post=11024"}],"curies":[{"name":"wp","href":"https:\/\/api.w.org\/{rel}","templated":true}]}}