{"id":11037,"date":"2025-11-15T04:00:00","date_gmt":"2025-11-15T07:00:00","guid":{"rendered":"https:\/\/noticiasregionais.com.br\/?p=11037"},"modified":"2025-11-17T22:31:58","modified_gmt":"2025-11-18T01:31:58","slug":"infogripe-alerta-aumento-de-srag-entre-criancas-em-ms-pa-e-rj","status":"publish","type":"post","link":"https:\/\/noticiasregionais.com.br\/?p=11037","title":{"rendered":"InfoGripe alerta aumento de SRAG entre crian\u00e7as em MS, PA e RJ"},"content":{"rendered":"<p>\t\t\t\t\t\t\t\t\t\t<audio controls class=\"b61_audio_player\" data-noticia=\"85853\" src=\"https:\/\/brasil61.com\/rails\/active_storage\/blobs\/eyJfcmFpbHMiOnsibWVzc2FnZSI6IkJBaHBBK0MvQXc9PSIsImV4cCI6bnVsbCwicHVyIjoiYmxvYl9pZCJ9fQ==--bc7a54df9f321b0d2c9d3f7cc453d5b864cd2ab2\/BRAS2515148A\"><\/audio><\/p>\n<p>O novo Boletim InfoGripe da <a href=\"https:\/\/agencia.fiocruz.br\/infogripe-casos-de-srag-aumentam-em-criancas-no-ms-pa-e-rj\" target=\"_blank\" rel=\"noopener\">Fiocruz<\/a>, divulgado nesta quinta-feira (13), alerta para o aumento de casos de <strong>S\u00edndrome Respirat\u00f3ria Aguda Grave<\/strong> (SRAG) entre crian\u00e7as e adolescentes em Mato Grosso do Sul, Par\u00e1 e Rio de Janeiro. Esses estados apresentam incid\u00eancia de SRAG em n\u00edvel de alerta, risco ou alto risco\u00a0e o crescimento tem sido impulsionado principalmente pelo rinov\u00edrus. A an\u00e1lise se refere \u00e0 Semana Epidemiol\u00f3gica 45, que vai de outubro a 8 de novembro.<\/p>\n<\/p>\n<p dir=\"ltr\">O cen\u00e1rio nacional indica estabilidade nas tend\u00eancias de longo e curto prazo, apesar da manuten\u00e7\u00e3o de altos registros de SRAG entre o p\u00fablico infantil. No Rio de Janeiro, al\u00e9m do rinov\u00edrus, o metapneumov\u00edrus e a influenza A tamb\u00e9m t\u00eam contribu\u00eddo para o aumento das hospitaliza\u00e7\u00f5es entre crian\u00e7as de 0 a 4 anos. Em Mato Grosso do Sul, houve aumento entre adultos de 15 a 49 anos, embora ainda sem confirma\u00e7\u00e3o laboratorial do v\u00edrus predominante.<\/p>\n<p dir=\"ltr\">Al\u00e9m desses estados, outras 11 unidades da Federa\u00e7\u00e3o apresentam incid\u00eancia de SRAG em n\u00edveis de alerta, risco ou alto risco, por\u00e9m sem sinal de crescimento consistente. De acordo com a pesquisadora Tatiana Portella, a maior parte desses locais concentra os casos em crian\u00e7as e adolescentes de at\u00e9 14 anos, com predomin\u00e2ncia do rinov\u00edrus; nos estados do Sul, o metapneumov\u00edrus tamb\u00e9m tem participa\u00e7\u00e3o relevante.<\/p>\n<h2 dir=\"ltr\">Entre os estados monitorados, alguns cen\u00e1rios chamam aten\u00e7\u00e3o:<\/h2>\n<ul dir=\"ltr\">\n<li>Goi\u00e1s mant\u00e9m incid\u00eancia moderada, ap\u00f3s uma onda recente de influenza A, que segue em queda.<\/li>\n<li>Em S\u00e3o Paulo, Rio de Janeiro, Esp\u00edrito Santo e Bahia, as hospitaliza\u00e7\u00f5es por influenza A continuam aumentando. Paran\u00e1, Santa Catarina e S\u00e3o Paulo registram continuidade do aumento de SRAG por Covid-19.<\/li>\n<li>Esp\u00edrito Santo e Mato Grosso do Sul apresentam retomada do crescimento de casos por Covid-19.<\/li>\n<\/ul>\n<p dir=\"ltr\">Entre as capitais, Porto Alegre e S\u00e3o Paulo apresentam n\u00edvel de atividade de <strong>SRAG<\/strong> em alerta, risco ou alto risco, com tend\u00eancia de crescimento nas \u00faltimas quatro semanas. Na capital paulista, o aumento se concentra entre jovens, adultos e idosos, impulsionado pela influenza A e pela Covid-19 entre os idosos.<\/p>\n<p dir=\"ltr\">Em 2025, j\u00e1 foram notificados 207.852 casos de <strong>SRAG<\/strong> no pa\u00eds, sendo 52,7% positivos para algum v\u00edrus respirat\u00f3rio. Entre os positivos, destacam-se VSR, rinov\u00edrus e influenza A. A incid\u00eancia segue maior entre crian\u00e7as, enquanto a mortalidade se mant\u00e9m mais elevada entre idosos. No acumulado do ano, a influenza A responde por quase metade dos \u00f3bitos por SRAG, seguida pela Covid-19, rinov\u00edrus e VSR.<\/p>\n<p dir=\"ltr\">O InfoGripe integra a estrat\u00e9gia do Sistema \u00danico de Sa\u00fade e oferece apoio \u00e0s vigil\u00e2ncias em sa\u00fade, contribuindo para identificar \u00e1reas priorit\u00e1rias e orientar a\u00e7\u00f5es de preven\u00e7\u00e3o e resposta a surtos de doen\u00e7as respirat\u00f3rias.<\/p>\n<p dir=\"ltr\">As informa\u00e7\u00f5es s\u00e3o da <a href=\"https:\/\/agencia.fiocruz.br\/infogripe-casos-de-srag-aumentam-em-criancas-no-ms-pa-e-rj\" target=\"_blank\" rel=\"noopener\">FioCruz<\/a>.<\/p>\n<p>\t\t\t\t\t\t\t\t\t<img decoding=\"async\" src=\"https:\/\/brasil61.com\/api\/v1\/serve_pixel\/22254\/85853\" alt=\"Pixel Brasil 61\" class=\"b61_pixel\" width=\"0\" height=\"0\"><\/p>\n<div class=\"br61_backlink\">\n<p>\n\t\t\t\tFonte: <a href=\"https:\/\/brasil61.com\/infogripe-alerta-aumento-de-srag-entre-criancas-em-ms-pa-e-rj-bras2515148\" title=\"Artigo Original: InfoGripe alerta aumento de SRAG entre crian\u00e7as em MS, PA e RJ\" target=\"_blank\" rel=\"noopener\">Brasil 61<\/a>\n\t\t\t<\/p>\n<\/p><\/div>\n<input type=\"hidden\" id=\"baseurl\" value=\"https:\/\/noticiasregionais.com.br\"><input type=\"hidden\" id=\"audio_nonce\" value=\"533fbb67b1\">","protected":false},"excerpt":{"rendered":"<p>Boletim da Fiocruz mostra incid\u00eancia em n\u00edveis de alerta e crescimento impulsionado principalmente pelo rinov\u00edrus<\/p>\n","protected":false},"author":1,"featured_media":11080,"comment_status":"closed","ping_status":"open","sticky":false,"template":"","format":"standard","meta":{"sfsi_plus_gutenberg_text_before_share":"","sfsi_plus_gutenberg_show_text_before_share":"","sfsi_plus_gutenberg_icon_type":"","sfsi_plus_gutenberg_icon_alignemt":"","sfsi_plus_gutenburg_max_per_row":"","footnotes":""},"categories":[8],"tags":[],"class_list":["post-11037","post","type-post","status-publish","format-standard","has-post-thumbnail","hentry","category-brasil"],"_links":{"self":[{"href":"https:\/\/noticiasregionais.com.br\/index.php?rest_route=\/wp\/v2\/posts\/11037","targetHints":{"allow":["GET"]}}],"collection":[{"href":"https:\/\/noticiasregionais.com.br\/index.php?rest_route=\/wp\/v2\/posts"}],"about":[{"href":"https:\/\/noticiasregionais.com.br\/index.php?rest_route=\/wp\/v2\/types\/post"}],"author":[{"embeddable":true,"href":"https:\/\/noticiasregionais.com.br\/index.php?rest_route=\/wp\/v2\/users\/1"}],"replies":[{"embeddable":true,"href":"https:\/\/noticiasregionais.com.br\/index.php?rest_route=%2Fwp%2Fv2%2Fcomments&post=11037"}],"version-history":[{"count":1,"href":"https:\/\/noticiasregionais.com.br\/index.php?rest_route=\/wp\/v2\/posts\/11037\/revisions"}],"predecessor-version":[{"id":11079,"href":"https:\/\/noticiasregionais.com.br\/index.php?rest_route=\/wp\/v2\/posts\/11037\/revisions\/11079"}],"wp:featuredmedia":[{"embeddable":true,"href":"https:\/\/noticiasregionais.com.br\/index.php?rest_route=\/wp\/v2\/media\/11080"}],"wp:attachment":[{"href":"https:\/\/noticiasregionais.com.br\/index.php?rest_route=%2Fwp%2Fv2%2Fmedia&parent=11037"}],"wp:term":[{"taxonomy":"category","embeddable":true,"href":"https:\/\/noticiasregionais.com.br\/index.php?rest_route=%2Fwp%2Fv2%2Fcategories&post=11037"},{"taxonomy":"post_tag","embeddable":true,"href":"https:\/\/noticiasregionais.com.br\/index.php?rest_route=%2Fwp%2Fv2%2Ftags&post=11037"}],"curies":[{"name":"wp","href":"https:\/\/api.w.org\/{rel}","templated":true}]}}