{"id":11039,"date":"2025-11-15T04:05:00","date_gmt":"2025-11-15T07:05:00","guid":{"rendered":"https:\/\/noticiasregionais.com.br\/?p=11039"},"modified":"2025-11-15T04:05:00","modified_gmt":"2025-11-15T07:05:00","slug":"agro-brasileiro-reduz-vendas-aos-eua-mas-superavit-bate-recorde","status":"publish","type":"post","link":"https:\/\/noticiasregionais.com.br\/?p=11039","title":{"rendered":"Agro brasileiro reduz vendas aos EUA, mas super\u00e1vit bate recorde"},"content":{"rendered":"<p>\t\t\t\t\t\t\t\t\t\t\t<audio controls class=\"b61_audio_player\" data-noticia=\"85874\" src=\"https:\/\/brasil61.com\/rails\/active_storage\/blobs\/eyJfcmFpbHMiOnsibWVzc2FnZSI6IkJBaHBBL0svQXc9PSIsImV4cCI6bnVsbCwicHVyIjoiYmxvYl9pZCJ9fQ==--6fe72a19e06915a170dce6c2758137b8ca5c26a0\/BRAS2515156A\"><\/audio><\/p>\n<p>O <a href=\"https:\/\/brasil61.com\/noticias\/tag\/agronegocio-6e9b704a-27f9-4ddb-bac8-589e9c10a404\" target=\"_blank\" rel=\"noopener\">agroneg\u00f3cio<\/a> brasileiro deixou de vender para os <a href=\"https:\/\/brasil61.com\/noticias\/tag\/estados-unidos\" target=\"_blank\" rel=\"noopener\">Estados Unidos<\/a>, entre agosto e outubro deste ano, US$973 milh\u00f5es como consequ\u00eancia do tarifa\u00e7o unilateral imposto por Donald Trump. O valor representa uma queda de 31,3% nas exporta\u00e7\u00f5es do setor para esse parceiro comercial, em rela\u00e7\u00e3o ao mesmo per\u00edodo de 2024, segundo dados da <a href=\"https:\/\/cnm.org.br\/\" target=\"_blank\" rel=\"noopener\">Confedera\u00e7\u00e3o Nacional de Munic\u00edpios (CNI)<\/a>.<\/p>\n<p>Os produtos mais afetados s\u00e3o:<\/p>\n<ul>\n<li>Caf\u00e9, perda de faturamento de US$ 71 milh\u00f5es, ;<\/li>\n<li>Produtos florestais, US$ 137 milh\u00f5es;<\/li>\n<li>Cana-de-a\u00e7\u00facar, US$ 111 milh\u00f5es;<\/li>\n<li>Carne bovina, ramo mais prejudicado, com perdas de US$ 170 milh\u00f5es.\u00a0<\/li>\n<\/ul>\n<p>O levantamento da CNI traz tamb\u00e9m a lista dos munic\u00edpios com mais perdas:<\/p>\n<ul>\n<li>Imperatriz (MA), US$ 50 milh\u00f5es;<\/li>\n<li>Santa Cruz do Sul (SC), US$ 44 milh\u00f5es;<\/li>\n<li>Tr\u00eas Lagoas (MG), US$ 42 milh\u00f5es;<\/li>\n<li>Campo Grande (MS), US$ 36 milh\u00f5es;\u00a0e<\/li>\n<li>Ituiutaba (MG), US$ 34 milh\u00f5es.<\/li>\n<\/ul>\n<h2>Super\u00e1vit e novos mercados<\/h2>\n<p>Dados do governo federal, no entanto, mostram que os exportadores est\u00e3o conseguindo encontrar diferentes compradores. Em outubro, as exporta\u00e7\u00f5es brasileiras tiveram o melhor desempenho para o m\u00eas na hist\u00f3ria, com US$ 15,49 bilh\u00f5es de receita, 8,5% maior do que em outubro de 2024. No ano, a balan\u00e7a comercial do agroneg\u00f3cio aponta super\u00e1vit de US$124,97 bilh\u00f5es, tamb\u00e9m acima da marca no mesmo per\u00edodo do ano anterior.<br \/>\n\u00a0<\/p>\n<p>\t\t\t\t\t\t\t\t\t\t<img decoding=\"async\" src=\"https:\/\/brasil61.com\/api\/v1\/serve_pixel\/22254\/85874\" alt=\"Pixel Brasil 61\" class=\"b61_pixel\" width=\"0\" height=\"0\"><\/p>\n<div class=\"br61_backlink\">\n<p>\n\t\t\t\tFonte: <a href=\"https:\/\/brasil61.com\/agro-brasileiro-reduz-vendas-aos-eua-mas-superavit-bate-recorde-bras2515156\" title=\"Artigo Original: Agro brasileiro reduz vendas aos EUA, mas super\u00e1vit bate recorde\" target=\"_blank\" rel=\"noopener\">Brasil 61<\/a>\n\t\t\t<\/p>\n<\/p><\/div>\n<input type=\"hidden\" id=\"baseurl\" value=\"https:\/\/noticiasregionais.com.br\"><input type=\"hidden\" id=\"audio_nonce\" value=\"533fbb67b1\">","protected":false},"excerpt":{"rendered":"<p>Setor perde quase US$1 bilh\u00e3o para o tarifa\u00e7o, mas mant\u00e9m saldo positivo ao conquistar novos compradores<\/p>\n","protected":false},"author":1,"featured_media":11040,"comment_status":"","ping_status":"open","sticky":false,"template":"","format":"standard","meta":{"sfsi_plus_gutenberg_text_before_share":"","sfsi_plus_gutenberg_show_text_before_share":"","sfsi_plus_gutenberg_icon_type":"","sfsi_plus_gutenberg_icon_alignemt":"","sfsi_plus_gutenburg_max_per_row":"","footnotes":""},"categories":[8],"tags":[],"class_list":["post-11039","post","type-post","status-publish","format-standard","has-post-thumbnail","hentry","category-brasil"],"_links":{"self":[{"href":"https:\/\/noticiasregionais.com.br\/index.php?rest_route=\/wp\/v2\/posts\/11039","targetHints":{"allow":["GET"]}}],"collection":[{"href":"https:\/\/noticiasregionais.com.br\/index.php?rest_route=\/wp\/v2\/posts"}],"about":[{"href":"https:\/\/noticiasregionais.com.br\/index.php?rest_route=\/wp\/v2\/types\/post"}],"author":[{"embeddable":true,"href":"https:\/\/noticiasregionais.com.br\/index.php?rest_route=\/wp\/v2\/users\/1"}],"replies":[{"embeddable":true,"href":"https:\/\/noticiasregionais.com.br\/index.php?rest_route=%2Fwp%2Fv2%2Fcomments&post=11039"}],"version-history":[{"count":0,"href":"https:\/\/noticiasregionais.com.br\/index.php?rest_route=\/wp\/v2\/posts\/11039\/revisions"}],"wp:featuredmedia":[{"embeddable":true,"href":"https:\/\/noticiasregionais.com.br\/index.php?rest_route=\/wp\/v2\/media\/11040"}],"wp:attachment":[{"href":"https:\/\/noticiasregionais.com.br\/index.php?rest_route=%2Fwp%2Fv2%2Fmedia&parent=11039"}],"wp:term":[{"taxonomy":"category","embeddable":true,"href":"https:\/\/noticiasregionais.com.br\/index.php?rest_route=%2Fwp%2Fv2%2Fcategories&post=11039"},{"taxonomy":"post_tag","embeddable":true,"href":"https:\/\/noticiasregionais.com.br\/index.php?rest_route=%2Fwp%2Fv2%2Ftags&post=11039"}],"curies":[{"name":"wp","href":"https:\/\/api.w.org\/{rel}","templated":true}]}}