{"id":11041,"date":"2025-11-15T04:45:00","date_gmt":"2025-11-15T07:45:00","guid":{"rendered":"https:\/\/noticiasregionais.com.br\/?p=11041"},"modified":"2025-11-17T22:32:02","modified_gmt":"2025-11-18T01:32:02","slug":"cop30-amazonia-precisa-de-regras-previsiveis-para-receber-investimentos-de-grande-porte","status":"publish","type":"post","link":"https:\/\/noticiasregionais.com.br\/?p=11041","title":{"rendered":"COP30: Amaz\u00f4nia precisa de regras previs\u00edveis para receber investimentos de grande porte"},"content":{"rendered":"<p>\t\t\t\t\t\t\t\t\t\t<audio controls class=\"b61_audio_player\" data-noticia=\"85871\" src=\"https:\/\/brasil61.com\/rails\/active_storage\/blobs\/eyJfcmFpbHMiOnsibWVzc2FnZSI6IkJBaHBBODYvQXc9PSIsImV4cCI6bnVsbCwicHVyIjoiYmxvYl9pZCJ9fQ==--ee49aba072414112b4ba5667139ca27f7ba7fa28\/BASA250120A\"><\/audio><\/p>\n<p>Durante a programa\u00e7\u00e3o oficial da COP30, autoridades discutiram os <strong>caminhos da transi\u00e7\u00e3o verde na Amaz\u00f4nia<\/strong>. O encontro ocorrido na \u00faltima quinta-feira (13) deixou claro que<strong> o principal obst\u00e1culo ao desenvolvimento sustent\u00e1vel da regi\u00e3o n\u00e3o \u00e9 a falta de projetos, mas a necessidade de aprimorar a governan\u00e7a. <\/strong>O debate foi promovido pelo <a href=\"https:\/\/www.bancoamazonia.com.br\/\" target=\"_blank\" rel=\"noopener\">Banco da Amaz\u00f4nia<\/a>, em seu pavilh\u00e3o na Green Zone, em Bel\u00e9m (PA).<\/p>\n<p>Em um cen\u00e1rio em que investidores internacionais exigem seguran\u00e7a jur\u00eddica, transpar\u00eancia e regras previs\u00edveis para direcionar recursos \u00e0 floresta, o banco reuniu especialistas no painel \u201cGovernan\u00e7a P\u00fablica como Caminho para o Desenvolvimento Econ\u00f4mico e Social\u201d. Entre os participantes estava o ministro e ex-presidente do Tribunal de Contas da Uni\u00e3o (<a href=\"https:\/\/portal.tcu.gov.br\/\" target=\"_blank\" rel=\"noopener\">TCU<\/a>), Augusto Nardes, convidado de honra da discuss\u00e3o.<\/p>\n<p><strong>O consenso \u00e9 que a governan\u00e7a se tornou pe\u00e7a central para viabilizar financiamentos de grande porte. <\/strong>Para Nardes, fortalecer esse processo \u00e9 o primeiro passo para gerar confian\u00e7a e garantir que os recursos sejam aplicados de forma eficiente e segura.<\/p>\n<p>\u201cA governan\u00e7a \u00e9 direcionar, avaliar e monitorar. A avalia\u00e7\u00e3o do risco, que \u00e9 um dos fundamentos da governan\u00e7a, \u00e9 importante para que se possa aplicar bem o dinheiro que pertence ao povo brasileiro. Ent\u00e3o, a avalia\u00e7\u00e3o do risco \u00e9 um dos temas mais importantes na governan\u00e7a, mas a defini\u00e7\u00e3o \u00e9 direcionar, avaliar e monitorar o tempo todo\u201d, avaliou o ministro.<\/p>\n<p>A discuss\u00e3o partiu do questionamento: como garantir que o dinheiro destinado \u00e0 Amaz\u00f4nia seja aplicado para o real desenvolvimento sustent\u00e1vel, de forma transparente e audit\u00e1vel?<\/p>\n<p>Para esclarecer o cen\u00e1rio e buscar fomentar o desenvolvimento econ\u00f4mico e a socioeconomia, o presidente do Banco da Amaz\u00f4nia, Luiz Lessa, pontuou que a presen\u00e7a do TCU no painel foi crucial para a compreens\u00e3o do papel da governan\u00e7a na Amaz\u00f4nia Legal.<\/p>\n<p>\u201cTudo isso que estamos falando precisa de ter um regramento e uma orienta\u00e7\u00e3o, para que as coisas aconte\u00e7am da forma correta e a nossa \u00faltima inst\u00e2ncia, que cuida da governan\u00e7a para que as coisas aconte\u00e7am da forma correta, \u00e9 o Tribunal de Contas da Uni\u00e3o\u201d, frisou Lessa.<\/p>\n<p>A Controladoria Geral da Uni\u00e3o (CGU) define que a governan\u00e7a envolve mecanismos e princ\u00edpios que auxiliam na tomada de decis\u00e3o e na rela\u00e7\u00e3o das institui\u00e7\u00f5es com a sociedade, alinhando boas pr\u00e1ticas de gest\u00e3o e \u00e9tica.<\/p>\n<h2>Rumo \u00e0 transi\u00e7\u00e3o verde na Amaz\u00f4nia \u00a0<\/h2>\n<p>Ao longo do painel, foram debatidas <strong>ideias voltadas a construir pr\u00e1ticas de investimento que considerem fatores ambientais, sociais e de governan\u00e7a (ESG) na tomada de decis\u00f5es financeiras focadas em finan\u00e7as sustent\u00e1veis.<\/strong><\/p>\n<p>O espa\u00e7o do Banco tamb\u00e9m reuniu outras <strong>discuss\u00f5es aliadas \u00e0 governan\u00e7a<\/strong>, como a ado\u00e7\u00e3o dos padr\u00f5es IFRS S1 (Sustentabilidade Geral) e IFRS S2 (Riscos Clim\u00e1ticos). As normas, que come\u00e7am a se consolidar como refer\u00eancia global, criam uma linguagem comum para empresas e bancos reportarem riscos socioambientais e clim\u00e1ticos.<\/p>\n<p>O Banco da Amaz\u00f4nia \u00e9 uma das principais institui\u00e7\u00f5es de fomento da regi\u00e3o e procura exercer um papel pioneiro nesse processo de implementa\u00e7\u00e3o. Com uma carteira de cr\u00e9dito de R$62,8 bilh\u00f5es, a institui\u00e7\u00e3o avalia que uma maior transpar\u00eancia \u00e9 necess\u00e1ria para ampliar os investimentos.<\/p>\n<h2>Ativos financeiros\u00a0<\/h2>\n<p>Com a ado\u00e7\u00e3o dessa arquitetura de governan\u00e7a, ativos como Fundos Verdes, green bonds e a CPR Verde (C\u00e9dula de Produtor Rural Verde) \u2013 t\u00edtulo voltado ao financiamento de projetos sustent\u00e1veis no campo, regulamentado em 2021 \u2013 passam a ter maior chance de aceita\u00e7\u00e3o no mercado internacional.<\/p>\n<p>A CPR est\u00e1 em fase de estrutura\u00e7\u00e3o no Banco da Amaz\u00f4nia. J\u00e1 o Amazon Bond, por sua vez, \u00e9 desenvolvido pelo Banco Mundial, tendo o Banco da Amaz\u00f4nia como parceiro nas discuss\u00f5es sobre a implementa\u00e7\u00e3o e defini\u00e7\u00e3o das regras para o t\u00edtulo.<br \/>\n\u00a0<\/p>\n<p>\t\t\t\t\t\t\t\t\t<img decoding=\"async\" src=\"https:\/\/brasil61.com\/api\/v1\/serve_pixel\/22254\/85871\" alt=\"Pixel Brasil 61\" class=\"b61_pixel\" width=\"0\" height=\"0\"><\/p>\n<div class=\"br61_backlink\">\n<p>\n\t\t\t\tFonte: <a href=\"https:\/\/brasil61.com\/cop30-amazonia-precisa-de-regras-previsiveis-para-receber-investimentos-de-grande-porte-basa250120\" title=\"Artigo Original: COP30: Amaz\u00f4nia precisa de regras previs\u00edveis para receber investimentos de grande porte\" target=\"_blank\" rel=\"noopener\">Brasil 61<\/a>\n\t\t\t<\/p>\n<\/p><\/div>\n<input type=\"hidden\" id=\"baseurl\" value=\"https:\/\/noticiasregionais.com.br\"><input type=\"hidden\" id=\"audio_nonce\" value=\"533fbb67b1\">","protected":false},"excerpt":{"rendered":"<p>Com presen\u00e7a do TCU, debate promovido pelo Banco da Amaz\u00f4nia mostrou como pr\u00e1ticas ESG e padr\u00f5es internacionais podem abrir caminho a investimentos de grande escala<\/p>\n","protected":false},"author":1,"featured_media":11082,"comment_status":"closed","ping_status":"open","sticky":false,"template":"","format":"standard","meta":{"sfsi_plus_gutenberg_text_before_share":"","sfsi_plus_gutenberg_show_text_before_share":"","sfsi_plus_gutenberg_icon_type":"","sfsi_plus_gutenberg_icon_alignemt":"","sfsi_plus_gutenburg_max_per_row":"","footnotes":""},"categories":[8],"tags":[],"class_list":["post-11041","post","type-post","status-publish","format-standard","has-post-thumbnail","hentry","category-brasil"],"_links":{"self":[{"href":"https:\/\/noticiasregionais.com.br\/index.php?rest_route=\/wp\/v2\/posts\/11041","targetHints":{"allow":["GET"]}}],"collection":[{"href":"https:\/\/noticiasregionais.com.br\/index.php?rest_route=\/wp\/v2\/posts"}],"about":[{"href":"https:\/\/noticiasregionais.com.br\/index.php?rest_route=\/wp\/v2\/types\/post"}],"author":[{"embeddable":true,"href":"https:\/\/noticiasregionais.com.br\/index.php?rest_route=\/wp\/v2\/users\/1"}],"replies":[{"embeddable":true,"href":"https:\/\/noticiasregionais.com.br\/index.php?rest_route=%2Fwp%2Fv2%2Fcomments&post=11041"}],"version-history":[{"count":1,"href":"https:\/\/noticiasregionais.com.br\/index.php?rest_route=\/wp\/v2\/posts\/11041\/revisions"}],"predecessor-version":[{"id":11081,"href":"https:\/\/noticiasregionais.com.br\/index.php?rest_route=\/wp\/v2\/posts\/11041\/revisions\/11081"}],"wp:featuredmedia":[{"embeddable":true,"href":"https:\/\/noticiasregionais.com.br\/index.php?rest_route=\/wp\/v2\/media\/11082"}],"wp:attachment":[{"href":"https:\/\/noticiasregionais.com.br\/index.php?rest_route=%2Fwp%2Fv2%2Fmedia&parent=11041"}],"wp:term":[{"taxonomy":"category","embeddable":true,"href":"https:\/\/noticiasregionais.com.br\/index.php?rest_route=%2Fwp%2Fv2%2Fcategories&post=11041"},{"taxonomy":"post_tag","embeddable":true,"href":"https:\/\/noticiasregionais.com.br\/index.php?rest_route=%2Fwp%2Fv2%2Ftags&post=11041"}],"curies":[{"name":"wp","href":"https:\/\/api.w.org\/{rel}","templated":true}]}}