{"id":11043,"date":"2025-11-15T04:50:00","date_gmt":"2025-11-15T07:50:00","guid":{"rendered":"https:\/\/noticiasregionais.com.br\/?p=11043"},"modified":"2025-11-17T22:32:04","modified_gmt":"2025-11-18T01:32:04","slug":"barco-a-energia-solar-oferta-servicos-de-saude-a-trabalhadores-ribeirinhos-da-amazonia","status":"publish","type":"post","link":"https:\/\/noticiasregionais.com.br\/?p=11043","title":{"rendered":"Barco a energia solar oferta servi\u00e7os de sa\u00fade a trabalhadores ribeirinhos da Amaz\u00f4nia"},"content":{"rendered":"<p>\t\t\t\t\t\t\t\t\t\t<audio controls class=\"b61_audio_player\" data-noticia=\"85866\" src=\"https:\/\/brasil61.com\/rails\/active_storage\/blobs\/eyJfcmFpbHMiOnsibWVzc2FnZSI6IkJBaHBBODIvQXc9PSIsImV4cCI6bnVsbCwicHVyIjoiYmxvYl9pZCJ9fQ==--78a932c1ce4f2c65a0dc88ffbadc2c41813d7bcc\/PIND254680A\"><\/audio><\/p>\n<p>Os trabalhadores industriais que atuam em \u00e1reas ribeirinhas da Amaz\u00f4nia v\u00e3o contar com uma nova estrutura de sa\u00fade. Trata-se da embarca\u00e7\u00e3o Sa\u00fade Conectada \u2013 Copa\u00edba. A unidade vai disponibilizar cuidados priorit\u00e1rios, como doen\u00e7as cr\u00f4nicas, sa\u00fade mental e aux\u00edlio no combate ao tabagismo e \u00e0 obesidade.<\/p>\n<p>O barco \u00e9 movido a energia solar e tem a opera\u00e7\u00e3o neutra em emiss\u00e3o de carbono. A iniciativa foi capitaneada pelo Servi\u00e7o Social da Ind\u00fastria <a href=\"https:\/\/www.portaldaindustria.com.br\/sesi\/\" target=\"_blank\" rel=\"noopener\">(SESI)<\/a>, em parceria com o <a href=\"https:\/\/www.gov.br\/saude\/pt-br\" target=\"_blank\" rel=\"noopener\">Minist\u00e9rio da Sa\u00fade<\/a> e o Conselho Nacional do SESI (CN-SESI). \u00a0<\/p>\n<p>Copa\u00edba \u2013 o nome dado \u00e0 embarca\u00e7\u00e3o \u2013 faz refer\u00eancia \u00e0 \u00e1rvore amaz\u00f4nica medicinal conhecida como \u201cantibi\u00f3tico da mata\u201d. Como disp\u00f5e de conectividade via sat\u00e9lite, a unidade oferece servi\u00e7os como teleconsultas, telediagn\u00f3stico, exames e acompanhamento multiprofissional em fluxo de refer\u00eancia com as redes locais de sa\u00fade.<\/p>\n<p>Os benefici\u00e1rios tamb\u00e9m t\u00eam acesso \u00e0 aten\u00e7\u00e3o prim\u00e1ria, exames laboratoriais, eletrocardiograma, eletroencefalograma, audiometria e espirometria. Entre os profissionais que v\u00e3o atuar no atendimento est\u00e3o m\u00e9dicos, enfermeiros, psic\u00f3logos, nutricionistas, fisioterapeutas e educadores f\u00edsicos.<\/p>\n<p>Para o presidente da Federa\u00e7\u00e3o das Ind\u00fastrias do Estado do Par\u00e1 <a href=\"https:\/\/www.fiepa.org.br\/\" target=\"_blank\" rel=\"noopener\">(FIEPA)<\/a>, Alex Carvalho, a parceria envolvida no projeto contribuiu para um avan\u00e7o relevante na ideia de levar atendimentos de sa\u00fade a localidades mais remotas do pa\u00eds.<\/p>\n<p>\u201c\u00c9 fruto de uma uni\u00e3o, na qual cada um trouxe n\u00e3o s\u00f3 uma parcela de contribui\u00e7\u00e3o t\u00e9cnica, estrutural, mas tamb\u00e9m muita emo\u00e7\u00e3o. Contamos com uma ind\u00fastria genuinamente brasileira, na tecnologia embarcada, nos motores de propuls\u00e3o, energia renov\u00e1vel n\u00e3o poluente. Temos muitas ind\u00fastrias espalhadas ao longo dos nossos rios. Ent\u00e3o, de certo que isso vai cumprir um papel fundamental na chegada de uma sa\u00fade de qualidade\u201d, destaca.<\/p>\n<p><a href=\"https:\/\/brasil61.com\/n\/amazonia-pode-agregar-r-40-bilhoes-ao-pib-e-gerar-312-mil-empregos-com-economia-verde-aponta-cni-pind254674\" target=\"_blank\" rel=\"noopener\">Amaz\u00f4nia pode agregar R$ 40 bilh\u00f5es ao PIB e gerar 312 mil empregos com economia verde, aponta CNI<\/a><\/p>\n<p><a href=\"https:\/\/brasil61.com\/n\/postos-de-trabalho-de-enfermagem-crescem-46-no-centro-oeste-em-cinco-anos-diz-estudo-bras2515138\" target=\"_blank\" rel=\"noopener\">Postos de trabalho de enfermagem crescem 46% no Centro-Oeste em cinco anos, diz estudo<\/a><\/p>\n<p>O SESI-PA ser\u00e1 o operador desses servi\u00e7os. \u201cHaver\u00e1 tanto parcerias com secretarias de estado quanto municipais de sa\u00fade. Tamb\u00e9m haver\u00e1 atua\u00e7\u00e3o das empresas que t\u00eam opera\u00e7\u00f5es junto a essas comunidades\u201d, explica o superintendente de Sa\u00fade e Seguran\u00e7a na Ind\u00fastria do SESI, Emmanuel Lacerda.<\/p>\n<p>A iniciativa foi lan\u00e7ada nesta sexta-feira (14), no Terminal Hidrovi\u00e1rio de Tamandar\u00e9, em Bel\u00e9m, em meio \u00e0s atividades da Confer\u00eancia das Na\u00e7\u00f5es Unidas sobre as Mudan\u00e7as Clim\u00e1ticas de 2025 (COP30).<\/p>\n<p>O evento de lan\u00e7amento tamb\u00e9m contou com a presen\u00e7a do ministro da Sa\u00fade, Alexandre Padilha; do diretor-superintendente do SESI, Paulo M\u00f3l; e do presidente do CN-SESI, Fausto Augusto Junior.<\/p>\n<h2>Foco na realidade da Amaz\u00f4nia<\/h2>\n<p>A unidade foi desenvolvida em parceria com a Universidade Federal do Par\u00e1 <a href=\"https:\/\/ufpa.br\/\" target=\"_blank\" rel=\"noopener\">(UFPA)<\/a>. Constru\u00edda para atuar especificamente na Amaz\u00f4nia, a embarca\u00e7\u00e3o tem 15 metros de comprimento, 6 de largura e duas cabines de atendimento.<\/p>\n<p>A defini\u00e7\u00e3o dessas dimens\u00f5es levou em conta as especificidades da regi\u00e3o, que conta com grandes dist\u00e2ncias, sazonalidade dos rios e dispers\u00e3o geogr\u00e1fica das comunidades.<\/p>\n<p>Na avalia\u00e7\u00e3o do ministro da Sa\u00fade, Alexandre Padilha, a iniciativa \u00e9 estrat\u00e9gica, j\u00e1 que os atendimentos s\u00e3o voltados para popula\u00e7\u00f5es que vivem onde o atendimento \u00e9 historicamente limitado. \u201c\u00c9 um barco adaptado para chegar \u00e0s pequenas comunidades, operando com energia solar, manejo adequado de res\u00edduos e zero emiss\u00e3o de carbono\u201d, afirma.<\/p>\n<p>O diretor superintendente do SESI, Paulo M\u00f3l, considera que esse processo de integra\u00e7\u00e3o fortalece a equidade no acesso \u00e0 sa\u00fade. &#8220;Quando se tem um atendimento por barco, levando atendimento de barco \u00e0s popula\u00e7\u00f5es ribeirinhas, isso \u00e9 dar cidadania, \u00e9 fazer com que, de fato, a sa\u00fade chegue&#8221;.<\/p>\n<h2>12 linhas priorit\u00e1rias de cuidado<\/h2>\n<p>O modelo foi estruturado com o intuito de atender, de forma priorit\u00e1ria, empresas, trabalhadores da ind\u00fastria e seus familiares. Por\u00e9m, h\u00e1 possibilidade de expans\u00e3o para outros setores, como com\u00e9rcio e agroneg\u00f3cio.<\/p>\n<p>Foram identificadas 12 linhas de cuidado priorit\u00e1rias. S\u00e3o elas:<\/p>\n<ol>\n<li>Diabetes<\/li>\n<li>Hipertens\u00e3o<\/li>\n<li>Dor lombar<\/li>\n<li>Eventos cardiovasculares<\/li>\n<li>Acidente Vascular Cerebral (AVC)<\/li>\n<li>Cefaleia<\/li>\n<li>Transtornos de ansiedade,<\/li>\n<li>Transtornos do sono<\/li>\n<li>Obesidade e sobrepeso<\/li>\n<li>Tabagismo<\/li>\n<li>Depress\u00e3o<\/li>\n<li>Preven\u00e7\u00e3o e rastreamento de c\u00e2nceres mais letais ou incapacitantes<\/li>\n<\/ol>\n<p>Vale destacar que essas condi\u00e7\u00f5es poder\u00e3o ser monitoradas \u00e0 dist\u00e2ncia pela plataforma, o que possibilita acompanhamento cont\u00ednuo, interven\u00e7\u00f5es oportunas e manuten\u00e7\u00e3o da capacidade laboral.<\/p>\n<p>Na avalia\u00e7\u00e3o do presidente do Conselho Nacional do SESI, Fausto Augusto Junior, o projeto inaugura uma nova etapa na organiza\u00e7\u00e3o da sa\u00fade na regi\u00e3o. \u201cA proposta \u00e9 ampliar a presen\u00e7a da sa\u00fade nos territ\u00f3rios, fortalecer a preven\u00e7\u00e3o e garantir que o cuidado chegue a quem vive e trabalha em \u00e1reas de dif\u00edcil acesso\u201d, pontua.<\/p>\n<h2>Atendimentos ser\u00e3o feitos em Bel\u00e9m at\u00e9 o fim da COP30<\/h2>\n<p>A embarca\u00e7\u00e3o dever\u00e1 permanecer no P\u00eder Tamandar\u00e9, em Bel\u00e9m, at\u00e9 21 de novembro, das 8h \u00e0s 20h, com atendimentos, exames e a\u00e7\u00f5es de orienta\u00e7\u00e3o em sa\u00fade para trabalhadores da ind\u00fastria e comunidades ribeirinhas selecionadas.<\/p>\n<p>Em seguida, a Sa\u00fade Conectada \u2013 Copa\u00edba seguir\u00e1 roteiros programados pelos parceiros por diferentes localidades da regi\u00e3o amaz\u00f4nica, com monitoramento cont\u00ednuo das condi\u00e7\u00f5es de sa\u00fade pela plataforma digital.<br \/>\n\u00a0<\/p>\n<p>\t\t\t\t\t\t\t\t\t<img decoding=\"async\" src=\"https:\/\/brasil61.com\/api\/v1\/serve_pixel\/22254\/85866\" alt=\"Pixel Brasil 61\" class=\"b61_pixel\" width=\"0\" height=\"0\"><\/p>\n<div class=\"br61_backlink\">\n<p>\n\t\t\t\tFonte: <a href=\"https:\/\/brasil61.com\/barco-a-energia-solar-oferta-servicos-de-saude-a-trabalhadores-ribeirinhos-da-amazonia-pind254680\" title=\"Artigo Original: Barco a energia solar oferta servi\u00e7os de sa\u00fade a trabalhadores ribeirinhos da Amaz\u00f4nia\" target=\"_blank\" rel=\"noopener\">Brasil 61<\/a>\n\t\t\t<\/p>\n<\/p><\/div>\n<input type=\"hidden\" id=\"baseurl\" value=\"https:\/\/noticiasregionais.com.br\"><input type=\"hidden\" id=\"audio_nonce\" value=\"533fbb67b1\">","protected":false},"excerpt":{"rendered":"<p>A unidade foi inaugurada nesta sexta-feira (14), em Bel\u00e9m (PA), em meio \u00e0s atividades da COP30. O projeto conta com parceria do SESI, Minist\u00e9rio da Sa\u00fade e CN-SESI<\/p>\n","protected":false},"author":1,"featured_media":11084,"comment_status":"closed","ping_status":"open","sticky":false,"template":"","format":"standard","meta":{"sfsi_plus_gutenberg_text_before_share":"","sfsi_plus_gutenberg_show_text_before_share":"","sfsi_plus_gutenberg_icon_type":"","sfsi_plus_gutenberg_icon_alignemt":"","sfsi_plus_gutenburg_max_per_row":"","footnotes":""},"categories":[8],"tags":[],"class_list":["post-11043","post","type-post","status-publish","format-standard","has-post-thumbnail","hentry","category-brasil"],"_links":{"self":[{"href":"https:\/\/noticiasregionais.com.br\/index.php?rest_route=\/wp\/v2\/posts\/11043","targetHints":{"allow":["GET"]}}],"collection":[{"href":"https:\/\/noticiasregionais.com.br\/index.php?rest_route=\/wp\/v2\/posts"}],"about":[{"href":"https:\/\/noticiasregionais.com.br\/index.php?rest_route=\/wp\/v2\/types\/post"}],"author":[{"embeddable":true,"href":"https:\/\/noticiasregionais.com.br\/index.php?rest_route=\/wp\/v2\/users\/1"}],"replies":[{"embeddable":true,"href":"https:\/\/noticiasregionais.com.br\/index.php?rest_route=%2Fwp%2Fv2%2Fcomments&post=11043"}],"version-history":[{"count":1,"href":"https:\/\/noticiasregionais.com.br\/index.php?rest_route=\/wp\/v2\/posts\/11043\/revisions"}],"predecessor-version":[{"id":11083,"href":"https:\/\/noticiasregionais.com.br\/index.php?rest_route=\/wp\/v2\/posts\/11043\/revisions\/11083"}],"wp:featuredmedia":[{"embeddable":true,"href":"https:\/\/noticiasregionais.com.br\/index.php?rest_route=\/wp\/v2\/media\/11084"}],"wp:attachment":[{"href":"https:\/\/noticiasregionais.com.br\/index.php?rest_route=%2Fwp%2Fv2%2Fmedia&parent=11043"}],"wp:term":[{"taxonomy":"category","embeddable":true,"href":"https:\/\/noticiasregionais.com.br\/index.php?rest_route=%2Fwp%2Fv2%2Fcategories&post=11043"},{"taxonomy":"post_tag","embeddable":true,"href":"https:\/\/noticiasregionais.com.br\/index.php?rest_route=%2Fwp%2Fv2%2Ftags&post=11043"}],"curies":[{"name":"wp","href":"https:\/\/api.w.org\/{rel}","templated":true}]}}