{"id":1105,"date":"2023-11-08T20:21:48","date_gmt":"2023-11-08T23:21:48","guid":{"rendered":"https:\/\/noticiasregionais.com.br\/?p=1105"},"modified":"2023-11-08T20:26:43","modified_gmt":"2023-11-08T23:26:43","slug":"policia-militar-prende-dois-homens-e-apreende-drogas-e-armas-em-jacarezinho","status":"publish","type":"post","link":"https:\/\/noticiasregionais.com.br\/?p=1105","title":{"rendered":"Pol\u00edcia Militar prende dois homens e apreende drogas e armas em Jacarezinho"},"content":{"rendered":"\n<p>A Pol\u00edcia Militar do Paran\u00e1 (PMPR), por meio do 2\u00ba Comando Regional de Pol\u00edcia Militar (2\u00ba CRPM), 2\u00ba Batalh\u00e3o de Pol\u00edcia Militar (2\u00ba BPM), deflagrou na manh\u00e3 desta ter\u00e7a-feira (07), uma opera\u00e7\u00e3o de combate ao narcotr\u00e1fico no munic\u00edpio de Jacarezinho.<\/p>\n\n\n\n<p>A a\u00e7\u00e3o, que fez parte da Opera\u00e7\u00e3o For\u00e7a Total Brasil, contou com a participa\u00e7\u00e3o de equipes da Ag\u00eancia Local de Intelig\u00eancia (ALI), Rondas Ostensivas T\u00e1tico M\u00f3vel (ROTAM), Rondas Ostensivas com apoio de Motocicletas (ROCAM), Opera\u00e7\u00f5es com C\u00e3es e Patrulha Rural .<\/p>\n\n\n\n<p>Foram cumpridos ao todo sete mandados judiciais de busca e apreens\u00e3o em diversos locais do munic\u00edpio. Durante as buscas, os policiais militares apreenderam:<\/p>\n\n\n\n<ul class=\"wp-block-list\">\n<li>1,215 kg de coca\u00edna;<\/li>\n\n\n\n<li>76 gramas de crack;<\/li>\n\n\n\n<li>235 gramas de maconha;<\/li>\n\n\n\n<li>30 gramas de mesclado;<\/li>\n\n\n\n<li>4 balan\u00e7as;<\/li>\n\n\n\n<li>7 celulares;<\/li>\n\n\n\n<li>12 muni\u00e7\u00f5es calibre 9mm;<\/li>\n\n\n\n<li>39 muni\u00e7\u00f5es calibre .40;<\/li>\n\n\n\n<li>1 muni\u00e7\u00e3o calibre .45;<\/li>\n\n\n\n<li>14 muni\u00e7\u00f5es calibre .32;<\/li>\n\n\n\n<li>1 carregador de pistola calibre 9mm;<\/li>\n\n\n\n<li>2 cadernos de anota\u00e7\u00f5es;<\/li>\n\n\n\n<li>Diversos materiais para acondicionar entorpecentes.<\/li>\n<\/ul>\n\n\n\n<p>Al\u00e9m disso, dois homens foram presos em flagrante por tr\u00e1fico de drogas e porte ilegal de arma de fogo.<\/p>\n\n\n\n<p>O material apreendido foi encaminhado \u00e0 Delegacia da Pol\u00edcia Civil de Jacarezinho, para os procedimentos cab\u00edveis.<\/p>\n\n\n\n<p>A PMPR continuar\u00e1 realizando opera\u00e7\u00f5es de combate ao narcotr\u00e1fico em todo o Estado, com o objetivo de garantir a seguran\u00e7a da popula\u00e7\u00e3o.<\/p>\n<input type=\"hidden\" id=\"baseurl\" value=\"https:\/\/noticiasregionais.com.br\"><input type=\"hidden\" id=\"audio_nonce\" value=\"533fbb67b1\">","protected":false},"excerpt":{"rendered":"<p>A Pol\u00edcia Militar do Paran\u00e1 (PMPR), por meio do 2\u00ba Comando Regional de Pol\u00edcia Militar (2\u00ba CRPM), 2\u00ba Batalh\u00e3o de&hellip;<\/p>\n","protected":false},"author":1,"featured_media":1106,"comment_status":"closed","ping_status":"open","sticky":false,"template":"","format":"standard","meta":{"sfsi_plus_gutenberg_text_before_share":"","sfsi_plus_gutenberg_show_text_before_share":"","sfsi_plus_gutenberg_icon_type":"","sfsi_plus_gutenberg_icon_alignemt":"","sfsi_plus_gutenburg_max_per_row":"","footnotes":""},"categories":[7,10,1],"tags":[],"class_list":["post-1105","post","type-post","status-publish","format-standard","has-post-thumbnail","hentry","category-parana","category-destaques","category-noticias"],"_links":{"self":[{"href":"https:\/\/noticiasregionais.com.br\/index.php?rest_route=\/wp\/v2\/posts\/1105","targetHints":{"allow":["GET"]}}],"collection":[{"href":"https:\/\/noticiasregionais.com.br\/index.php?rest_route=\/wp\/v2\/posts"}],"about":[{"href":"https:\/\/noticiasregionais.com.br\/index.php?rest_route=\/wp\/v2\/types\/post"}],"author":[{"embeddable":true,"href":"https:\/\/noticiasregionais.com.br\/index.php?rest_route=\/wp\/v2\/users\/1"}],"replies":[{"embeddable":true,"href":"https:\/\/noticiasregionais.com.br\/index.php?rest_route=%2Fwp%2Fv2%2Fcomments&post=1105"}],"version-history":[{"count":3,"href":"https:\/\/noticiasregionais.com.br\/index.php?rest_route=\/wp\/v2\/posts\/1105\/revisions"}],"predecessor-version":[{"id":1110,"href":"https:\/\/noticiasregionais.com.br\/index.php?rest_route=\/wp\/v2\/posts\/1105\/revisions\/1110"}],"wp:featuredmedia":[{"embeddable":true,"href":"https:\/\/noticiasregionais.com.br\/index.php?rest_route=\/wp\/v2\/media\/1106"}],"wp:attachment":[{"href":"https:\/\/noticiasregionais.com.br\/index.php?rest_route=%2Fwp%2Fv2%2Fmedia&parent=1105"}],"wp:term":[{"taxonomy":"category","embeddable":true,"href":"https:\/\/noticiasregionais.com.br\/index.php?rest_route=%2Fwp%2Fv2%2Fcategories&post=1105"},{"taxonomy":"post_tag","embeddable":true,"href":"https:\/\/noticiasregionais.com.br\/index.php?rest_route=%2Fwp%2Fv2%2Ftags&post=1105"}],"curies":[{"name":"wp","href":"https:\/\/api.w.org\/{rel}","templated":true}]}}