{"id":11059,"date":"2025-11-16T04:05:00","date_gmt":"2025-11-16T07:05:00","guid":{"rendered":"https:\/\/noticiasregionais.com.br\/?p=11059"},"modified":"2025-11-16T04:05:00","modified_gmt":"2025-11-16T07:05:00","slug":"brasil-lanca-plano-nacional-para-ampliar-areas-verdes-urbanas-ate-2045","status":"publish","type":"post","link":"https:\/\/noticiasregionais.com.br\/?p=11059","title":{"rendered":"Brasil lan\u00e7a plano nacional para ampliar \u00e1reas verdes urbanas at\u00e9 2045"},"content":{"rendered":"<p>\t\t\t\t\t\t\t\t\t\t\t<audio controls class=\"b61_audio_player\" data-noticia=\"85854\" src=\"https:\/\/brasil61.com\/rails\/active_storage\/blobs\/eyJfcmFpbHMiOnsibWVzc2FnZSI6IkJBaHBBK3EvQXc9PSIsImV4cCI6bnVsbCwicHVyIjoiYmxvYl9pZCJ9fQ==--a470358927cd68ae250ef8b4ea6a1010afdb4633\/BRAS2515149A\"><\/audio><\/p>\n<p>O governo federal lan\u00e7ou, durante a COP30 em Bel\u00e9m, o <strong>Plano Nacional de Arboriza\u00e7\u00e3o Urbana (PlaNAU)<\/strong>, iniciativa in\u00e9dita do <strong>Minist\u00e9rio do Meio Ambiente e Mudan\u00e7a do Clima (<a href=\"https:\/\/www.gov.br\/mma\/pt-br\" target=\"_blank\" rel=\"noopener\">MMA<\/a>)<\/strong> que pretende <strong>ampliar a arboriza\u00e7\u00e3o nas cidades brasileiras como estrat\u00e9gia de enfrentamento \u00e0 crise clim\u00e1tica<\/strong>.<\/p>\n<p>Segundo o secret\u00e1rio nacional Adalberto Maluf, o PlaNAU representa um passo essencial para qualificar a gest\u00e3o ambiental urbana e promover justi\u00e7a clim\u00e1tica em \u00e1reas mais vulner\u00e1veis.\u00a0Segundo o minist\u00e9rio, <strong>o documento \u00e9 o primeiro instrumento federal dedicado exclusivamente \u00e0 arboriza\u00e7\u00e3o urbana<\/strong> e destaca o <strong>uso de esp\u00e9cies nativas<\/strong> e a substitui\u00e7\u00e3o gradual das esp\u00e9cies ex\u00f3ticas para promover biodiversidade e <strong>ampliar a cobertura florestal das cidades<\/strong>.<\/p>\n<h2>Entre os objetivos do plano, est\u00e3o:<\/h2>\n<ul>\n<li>aumento da cobertura vegetal urbana;<\/li>\n<li>redu\u00e7\u00e3o das ilhas de calor e melhoria da gest\u00e3o das \u00e1guas pluviais;<\/li>\n<li>fortalecimento da resili\u00eancia dos munic\u00edpios diante de eventos clim\u00e1ticos extremos.<\/li>\n<\/ul>\n<p>Com 93 a\u00e7\u00f5es distribu\u00eddas em seis estrat\u00e9gias, o plano estabelece objetivos de curto, m\u00e9dio e longo prazo, que ser\u00e3o revisados a cada cinco anos. A elabora\u00e7\u00e3o envolveu desde universidades, entidades setoriais a governos e prefeituras.\u00a0\u00a0<\/p>\n<h2>Pontos importantes do PlaNAU<\/h2>\n<ul>\n<li>Aumentar de 45,5% para 65% o n\u00famero de moradores com pelo menos tr\u00eas \u00e1rvores no entorno de suas resid\u00eancias;<\/li>\n<li>Expandir em 360 mil hectares a \u00e1rea verde urbana at\u00e9 2045;<\/li>\n<li>Garantir que 100% dos estados e munic\u00edpios tenham instrumentos de planejamento voltados \u00e0 arboriza\u00e7\u00e3o urbana.<\/li>\n<\/ul>\n<p>As a\u00e7\u00f5es s\u00e3o alinhadas aos <a href=\"https:\/\/brasil.un.org\/pt-br\/sdgs\" target=\"_blank\" rel=\"noopener\">Objetivos de Desenvolvimento Sustent\u00e1vel (ODS) da ONU<\/a>.<\/p>\n<p>As informa\u00e7\u00f5es s\u00e3o do <a href=\"https:\/\/www.gov.br\/mma\/pt-br\/noticias\/brasil-lanca-plano-para-ampliar-arborizacao-em-areas-urbanas\" target=\"_blank\" rel=\"noopener\">Minist\u00e9rio do Meio Ambiente e Mudan\u00e7a do Clima<\/a> (MMA).<\/p>\n<p>\t\t\t\t\t\t\t\t\t\t<img decoding=\"async\" src=\"https:\/\/brasil61.com\/api\/v1\/serve_pixel\/22254\/85854\" alt=\"Pixel Brasil 61\" class=\"b61_pixel\" width=\"0\" height=\"0\"><\/p>\n<div class=\"br61_backlink\">\n<p>\n\t\t\t\tFonte: <a href=\"https:\/\/brasil61.com\/brasil-lanca-plano-nacional-para-ampliar-areas-verdes-urbanas-ate-2045-bras2515149\" title=\"Artigo Original: Brasil lan\u00e7a plano nacional para ampliar \u00e1reas verdes urbanas at\u00e9 2045\" target=\"_blank\" rel=\"noopener\">Brasil 61<\/a>\n\t\t\t<\/p>\n<\/p><\/div>\n<input type=\"hidden\" id=\"baseurl\" value=\"https:\/\/noticiasregionais.com.br\"><input type=\"hidden\" id=\"audio_nonce\" value=\"533fbb67b1\">","protected":false},"excerpt":{"rendered":"<p>PlaNAU prev\u00ea expans\u00e3o de 360 mil hectares de arboriza\u00e7\u00e3o urbana e metas para reduzir ilhas de calor e fortalecer cidades contra eventos clim\u00e1ticos extremos<\/p>\n","protected":false},"author":1,"featured_media":11060,"comment_status":"","ping_status":"open","sticky":false,"template":"","format":"standard","meta":{"sfsi_plus_gutenberg_text_before_share":"","sfsi_plus_gutenberg_show_text_before_share":"","sfsi_plus_gutenberg_icon_type":"","sfsi_plus_gutenberg_icon_alignemt":"","sfsi_plus_gutenburg_max_per_row":"","footnotes":""},"categories":[8],"tags":[],"class_list":["post-11059","post","type-post","status-publish","format-standard","has-post-thumbnail","hentry","category-brasil"],"_links":{"self":[{"href":"https:\/\/noticiasregionais.com.br\/index.php?rest_route=\/wp\/v2\/posts\/11059","targetHints":{"allow":["GET"]}}],"collection":[{"href":"https:\/\/noticiasregionais.com.br\/index.php?rest_route=\/wp\/v2\/posts"}],"about":[{"href":"https:\/\/noticiasregionais.com.br\/index.php?rest_route=\/wp\/v2\/types\/post"}],"author":[{"embeddable":true,"href":"https:\/\/noticiasregionais.com.br\/index.php?rest_route=\/wp\/v2\/users\/1"}],"replies":[{"embeddable":true,"href":"https:\/\/noticiasregionais.com.br\/index.php?rest_route=%2Fwp%2Fv2%2Fcomments&post=11059"}],"version-history":[{"count":0,"href":"https:\/\/noticiasregionais.com.br\/index.php?rest_route=\/wp\/v2\/posts\/11059\/revisions"}],"wp:featuredmedia":[{"embeddable":true,"href":"https:\/\/noticiasregionais.com.br\/index.php?rest_route=\/wp\/v2\/media\/11060"}],"wp:attachment":[{"href":"https:\/\/noticiasregionais.com.br\/index.php?rest_route=%2Fwp%2Fv2%2Fmedia&parent=11059"}],"wp:term":[{"taxonomy":"category","embeddable":true,"href":"https:\/\/noticiasregionais.com.br\/index.php?rest_route=%2Fwp%2Fv2%2Fcategories&post=11059"},{"taxonomy":"post_tag","embeddable":true,"href":"https:\/\/noticiasregionais.com.br\/index.php?rest_route=%2Fwp%2Fv2%2Ftags&post=11059"}],"curies":[{"name":"wp","href":"https:\/\/api.w.org\/{rel}","templated":true}]}}