{"id":11063,"date":"2025-11-17T04:00:00","date_gmt":"2025-11-17T07:00:00","guid":{"rendered":"https:\/\/noticiasregionais.com.br\/?p=11063"},"modified":"2025-11-17T04:00:00","modified_gmt":"2025-11-17T07:00:00","slug":"soja-e-trigo-hoje-confira-as-cotacoes-para-esta-segunda-17","status":"publish","type":"post","link":"https:\/\/noticiasregionais.com.br\/?p=11063","title":{"rendered":"Soja e trigo hoje: confira as cota\u00e7\u00f5es para esta segunda (17)"},"content":{"rendered":"<p>\t\t\t\t\t\t\t\t\t\t\t<audio controls class=\"b61_audio_player\" data-noticia=\"85864\" src=\"https:\/\/brasil61.com\/rails\/active_storage\/blobs\/eyJfcmFpbHMiOnsibWVzc2FnZSI6IkJBaHBBK0cvQXc9PSIsImV4cCI6bnVsbCwicHVyIjoiYmxvYl9pZCJ9fQ==--d1caf3085f6621b3e40533bafacf0270d9c31a13\/PAGR255931A\"><\/audio><\/p>\n<p>O valor da saca de 60 kg da <strong>soja <\/strong>abre este <strong>esta segunda (17)<\/strong> em <strong>queda,\u00a0<\/strong>tanto no interior do Paran\u00e1 quanto no litoral do estado, em Paranagu\u00e1.\u00a0<\/p>\n<p>Na primeira regi\u00e3o, o gr\u00e3o teve <strong>desvaloriza\u00e7\u00e3o de 0,02%<\/strong> e \u00e9 negociado a <strong>R$ 133,95<\/strong>; na segunda, o\u00a0<strong>ajuste <\/strong>foi <strong>de 0,57%<\/strong>, com a mercadoria cotada a <strong>R$ 138,93<\/strong>.<\/p>\n<p><strong>INDICADOR DA SOJA CEPEA\/ESALQ &#8211; PARAN\u00c1<\/strong><\/p>\n<\/p>\n<\/p>\n<\/p>\n<table id=\"imagenet-indicador2\">\n<thead>\n<tr>\n<th>DATA<\/th>\n<th>VALOR R$*<\/th>\n<th>VAR.\/DIA<\/th>\n<th>VAR.\/M\u00caS<\/th>\n<th>VALOR US$*<\/th>\n<\/tr>\n<\/thead>\n<tbody>\n<tr>\n<td>14\/11\/2025<\/td>\n<td>134,57<\/td>\n<td>0,19%<\/td>\n<td>0,74%<\/td>\n<td>25,39<\/td>\n<\/tr>\n<tr>\n<td>13\/11\/2025<\/td>\n<td>134,31<\/td>\n<td>0,28%<\/td>\n<td>0,55%<\/td>\n<td>25,36<\/td>\n<\/tr>\n<tr>\n<td>12\/11\/2025<\/td>\n<td>133,94<\/td>\n<td>-0,01%<\/td>\n<td>0,27%<\/td>\n<td>25,30<\/td>\n<\/tr>\n<tr>\n<td>11\/11\/2025<\/td>\n<td>133,95<\/td>\n<td>-0,02%<\/td>\n<td>0,28%<\/td>\n<td>25,42<\/td>\n<\/tr>\n<tr>\n<td>10\/11\/2025<\/td>\n<td>133,98<\/td>\n<td>0,20%<\/td>\n<td>0,30%<\/td>\n<td>25,25<\/td>\n<\/tr>\n<\/tbody>\n<\/table>\n<p>\u00a0<\/p>\n<p><strong>INDICADOR DA SOJA CEPEA\/ESALQ &#8211; PARANAGU\u00c1<\/strong><\/p>\n<\/p>\n<\/p>\n<\/p>\n<table id=\"imagenet-indicador1\">\n<thead>\n<tr>\n<th>DATA<\/th>\n<th>VALOR R$*<\/th>\n<th>VAR.\/DIA<\/th>\n<th>VAR.\/M\u00caS<\/th>\n<th>VALOR US$*<\/th>\n<\/tr>\n<\/thead>\n<tbody>\n<tr>\n<td>14\/11\/2025<\/td>\n<td>140,08<\/td>\n<td>0,06%<\/td>\n<td>0,14%<\/td>\n<td>26,43<\/td>\n<\/tr>\n<tr>\n<td>13\/11\/2025<\/td>\n<td>139,99<\/td>\n<td>-0,07%<\/td>\n<td>0,08%<\/td>\n<td>26,43<\/td>\n<\/tr>\n<tr>\n<td>12\/11\/2025<\/td>\n<td>140,09<\/td>\n<td>0,83%<\/td>\n<td>0,15%<\/td>\n<td>26,47<\/td>\n<\/tr>\n<tr>\n<td>11\/11\/2025<\/td>\n<td>138,93<\/td>\n<td>-0,57%<\/td>\n<td>-0,68%<\/td>\n<td>26,36<\/td>\n<\/tr>\n<tr>\n<td>10\/11\/2025<\/td>\n<td>139,72<\/td>\n<td>0,62%<\/td>\n<td>-0,11%<\/td>\n<td>26,33<\/td>\n<\/tr>\n<\/tbody>\n<\/table>\n<p>\u00a0<\/p>\n<h2>Trigo<\/h2>\n<p>O pre\u00e7o do <strong>trigo<\/strong>, por sua vez, registra <strong>valoriza\u00e7\u00e3o de 0,06% no Paran\u00e1 <\/strong>e<strong>\u00a0de 0,10% no Rio Grande do Sul<\/strong>.<strong>\u00a0<\/strong>No primeiro estado, a tonelada\u00a0\u00e9 vendida a<strong> R$ 1.192,33<\/strong>, enquanto no segundo\u00a0\u00e9 comercializada a<strong> R$ 1.042,79<\/strong>.<\/p>\n<p><strong>PRE\u00c7O M\u00c9DIO DO TRIGO CEPEA\/ESALQ &#8211; PARAN\u00c1<\/strong><\/p>\n<\/p>\n<\/p>\n<\/p>\n<table id=\"imagenet-indicador1\">\n<thead>\n<tr>\n<th>DATA<\/th>\n<th>VALOR R$\/T*<\/th>\n<th>VAR.\/DIA<\/th>\n<th>VAR.\/M\u00caS<\/th>\n<th>VALOR US$\/T*<\/th>\n<\/tr>\n<\/thead>\n<tbody>\n<tr>\n<td>14\/11\/2025<\/td>\n<td>1.192,33<\/td>\n<td>0,06%<\/td>\n<td>-0,11%<\/td>\n<td>225,01<\/td>\n<\/tr>\n<tr>\n<td>13\/11\/2025<\/td>\n<td>1.191,63<\/td>\n<td>-0,16%<\/td>\n<td>-0,17%<\/td>\n<td>224,96<\/td>\n<\/tr>\n<tr>\n<td>12\/11\/2025<\/td>\n<td>1.193,55<\/td>\n<td>-0,23%<\/td>\n<td>-0,01%<\/td>\n<td>225,50<\/td>\n<\/tr>\n<tr>\n<td>11\/11\/2025<\/td>\n<td>1.196,25<\/td>\n<td>-0,47%<\/td>\n<td>0,22%<\/td>\n<td>226,99<\/td>\n<\/tr>\n<tr>\n<td>10\/11\/2025<\/td>\n<td>1.201,88<\/td>\n<td>0,36%<\/td>\n<td>0,69%<\/td>\n<td>226,47<\/td>\n<\/tr>\n<\/tbody>\n<\/table>\n<p><strong>PRE\u00c7O M\u00c9DIO DO TRIGO CEPEA\/ESALQ &#8211; RIO GRANDE DO SUL<\/strong><\/p>\n<\/p>\n<\/p>\n<\/p>\n<table id=\"imagenet-indicador2\">\n<thead>\n<tr>\n<th>DATA<\/th>\n<th>VALOR R$\/T*<\/th>\n<th>VAR.\/DIA<\/th>\n<th>VAR.\/M\u00caS<\/th>\n<th>VALOR US$\/T*<\/th>\n<\/tr>\n<\/thead>\n<tbody>\n<tr>\n<td>14\/11\/2025<\/td>\n<td>1.042,79<\/td>\n<td>0,10%<\/td>\n<td>-3,43%<\/td>\n<td>196,79<\/td>\n<\/tr>\n<tr>\n<td>13\/11\/2025<\/td>\n<td>1.041,73<\/td>\n<td>0,00%<\/td>\n<td>-3,53%<\/td>\n<td>196,66<\/td>\n<\/tr>\n<tr>\n<td>12\/11\/2025<\/td>\n<td>1.041,73<\/td>\n<td>0,06%<\/td>\n<td>-3,53%<\/td>\n<td>196,81<\/td>\n<\/tr>\n<tr>\n<td>11\/11\/2025<\/td>\n<td>1.041,07<\/td>\n<td>-0,02%<\/td>\n<td>-3,59%<\/td>\n<td>197,55<\/td>\n<\/tr>\n<tr>\n<td>10\/11\/2025<\/td>\n<td>1.041,30<\/td>\n<td>-0,13%<\/td>\n<td>-3,57%<\/td>\n<td>196,21<\/td>\n<\/tr>\n<\/tbody>\n<\/table>\n<p>Os valores s\u00e3o do <a href=\"http:\/\/www.cepea.org.br\" target=\"_blank\" rel=\"noopener\">Cepea<\/a>.<\/p>\n<h2>O que \u00e9 uma saca de soja ou de trigo? Entenda a unidade de medida no mercado de gr\u00e3os<\/h2>\n<p>A saca de soja e a saca de trigo s\u00e3o as principais unidades de comercializa\u00e7\u00e3o de gr\u00e3os no Brasil. Cada saca equivale a 60 quilos, padr\u00e3o adotado por \u00f3rg\u00e3os oficiais como a <strong>Companhia Nacional de Abastecimento (<a href=\"https:\/\/www.gov.br\/conab\/pt-br\" target=\"_blank\" rel=\"noopener\">Conab<\/a>)<\/strong>, o<strong> Minist\u00e9rio da Agricultura (<a href=\"http:\/\/www.gov.br\/agricultura\/pt-br\" target=\"_blank\" rel=\"noopener\">MAPA<\/a>)<\/strong> e o<strong> Centro de Estudos Avan\u00e7ados em Economia Aplicada (<a href=\"http:\/\/www.cepea.org.br\" target=\"_blank\" rel=\"noopener\">Cepea<\/a>)<\/strong>.<\/p>\n<p>Esse formato padronizado facilita o com\u00e9rcio da soja e do trigo, al\u00e9m de permitir um acompanhamento mais preciso das cota\u00e7\u00f5es e varia\u00e7\u00f5es de pre\u00e7os no mercado nacional.<\/p>\n<p>\t\t\t\t\t\t\t\t\t\t<img decoding=\"async\" src=\"https:\/\/brasil61.com\/api\/v1\/serve_pixel\/22254\/85864\" alt=\"Pixel Brasil 61\" class=\"b61_pixel\" width=\"0\" height=\"0\"><\/p>\n<div class=\"br61_backlink\">\n<p>\n\t\t\t\tFonte: <a href=\"https:\/\/brasil61.com\/soja-e-trigo-hoje-confira-as-cotacoes-para-esta-segunda-17-pagr255931\" title=\"Artigo Original: Soja e trigo hoje: confira as cota\u00e7\u00f5es para esta segunda (17)\" target=\"_blank\" rel=\"noopener\">Brasil 61<\/a>\n\t\t\t<\/p>\n<\/p><\/div>\n<input type=\"hidden\" id=\"baseurl\" value=\"https:\/\/noticiasregionais.com.br\"><input type=\"hidden\" id=\"audio_nonce\" value=\"5c13e0637f\">","protected":false},"excerpt":{"rendered":"<p>A soja apresenta queda no Paran\u00e1 e em Paranagu\u00e1; o trigo tem leve subida<\/p>\n","protected":false},"author":1,"featured_media":11064,"comment_status":"","ping_status":"open","sticky":false,"template":"","format":"standard","meta":{"sfsi_plus_gutenberg_text_before_share":"","sfsi_plus_gutenberg_show_text_before_share":"","sfsi_plus_gutenberg_icon_type":"","sfsi_plus_gutenberg_icon_alignemt":"","sfsi_plus_gutenburg_max_per_row":"","footnotes":""},"categories":[8],"tags":[],"class_list":["post-11063","post","type-post","status-publish","format-standard","has-post-thumbnail","hentry","category-brasil"],"_links":{"self":[{"href":"https:\/\/noticiasregionais.com.br\/index.php?rest_route=\/wp\/v2\/posts\/11063","targetHints":{"allow":["GET"]}}],"collection":[{"href":"https:\/\/noticiasregionais.com.br\/index.php?rest_route=\/wp\/v2\/posts"}],"about":[{"href":"https:\/\/noticiasregionais.com.br\/index.php?rest_route=\/wp\/v2\/types\/post"}],"author":[{"embeddable":true,"href":"https:\/\/noticiasregionais.com.br\/index.php?rest_route=\/wp\/v2\/users\/1"}],"replies":[{"embeddable":true,"href":"https:\/\/noticiasregionais.com.br\/index.php?rest_route=%2Fwp%2Fv2%2Fcomments&post=11063"}],"version-history":[{"count":0,"href":"https:\/\/noticiasregionais.com.br\/index.php?rest_route=\/wp\/v2\/posts\/11063\/revisions"}],"wp:featuredmedia":[{"embeddable":true,"href":"https:\/\/noticiasregionais.com.br\/index.php?rest_route=\/wp\/v2\/media\/11064"}],"wp:attachment":[{"href":"https:\/\/noticiasregionais.com.br\/index.php?rest_route=%2Fwp%2Fv2%2Fmedia&parent=11063"}],"wp:term":[{"taxonomy":"category","embeddable":true,"href":"https:\/\/noticiasregionais.com.br\/index.php?rest_route=%2Fwp%2Fv2%2Fcategories&post=11063"},{"taxonomy":"post_tag","embeddable":true,"href":"https:\/\/noticiasregionais.com.br\/index.php?rest_route=%2Fwp%2Fv2%2Ftags&post=11063"}],"curies":[{"name":"wp","href":"https:\/\/api.w.org\/{rel}","templated":true}]}}