{"id":11065,"date":"2025-11-17T04:05:00","date_gmt":"2025-11-17T07:05:00","guid":{"rendered":"https:\/\/noticiasregionais.com.br\/?p=11065"},"modified":"2025-11-17T04:05:00","modified_gmt":"2025-11-17T07:05:00","slug":"cafe-hoje-confira-as-cotacoes-para-esta-segunda-17","status":"publish","type":"post","link":"https:\/\/noticiasregionais.com.br\/?p=11065","title":{"rendered":"Caf\u00e9 hoje: confira as cota\u00e7\u00f5es para esta segunda (17)"},"content":{"rendered":"<p>\t\t\t\t\t\t\t\t\t\t\t<audio controls class=\"b61_audio_player\" data-noticia=\"85863\" src=\"https:\/\/brasil61.com\/rails\/active_storage\/blobs\/eyJfcmFpbHMiOnsibWVzc2FnZSI6IkJBaHBBK0svQXc9PSIsImV4cCI6bnVsbCwicHVyIjoiYmxvYl9pZCJ9fQ==--f2e9a812d9d587541a4724c9c0825dcc4f303ba5\/PAGR255930A\"><\/audio><\/p>\n<p>O pre\u00e7o do <strong>caf\u00e9 ar\u00e1bica<\/strong>\u00a0abre\u00a0esta segunda (17) em\u00a0<strong>baixa de 0,63%<\/strong>, com a saca de 60 kg negociada a <strong>R$ 2.204,71\u00a0<\/strong>na cidade de S\u00e3o Paulo.<\/p>\n<p><strong>INDICADOR DO CAF\u00c9 AR\u00c1BICA CEPEA\/ESALQ<\/strong><\/p>\n<\/p>\n<\/p>\n<table id=\"imagenet-indicador1\">\n<thead>\n<tr>\n<th>DATA<\/th>\n<th>VALOR R$<\/th>\n<th>VAR.\/DIA<\/th>\n<th>VAR.\/M\u00caS<\/th>\n<th>VALOR US$<\/th>\n<\/tr>\n<\/thead>\n<tbody>\n<tr>\n<td>14\/11\/2025<\/td>\n<td>2.204,71<\/td>\n<td>-0,63%<\/td>\n<td>-0,09%<\/td>\n<td>416,06<\/td>\n<\/tr>\n<tr>\n<td>13\/11\/2025<\/td>\n<td>2.218,70<\/td>\n<td>-1,00%<\/td>\n<td>0,55%<\/td>\n<td>418,86<\/td>\n<\/tr>\n<tr>\n<td>12\/11\/2025<\/td>\n<td>2.241,18<\/td>\n<td>-2,32%<\/td>\n<td>1,57%<\/td>\n<td>423,42<\/td>\n<\/tr>\n<tr>\n<td>11\/11\/2025<\/td>\n<td>2.294,47<\/td>\n<td>0,14%<\/td>\n<td>3,98%<\/td>\n<td>435,38<\/td>\n<\/tr>\n<tr>\n<td>10\/11\/2025<\/td>\n<td>2.291,24<\/td>\n<td>0,03%<\/td>\n<td>3,84%<\/td>\n<td>431,74<\/td>\n<\/tr>\n<\/tbody>\n<\/table>\n<p>\u00a0<\/p>\n<p>O <strong>caf\u00e9 robusta<\/strong> teve\u00a0<strong>queda de 2,18%<\/strong> no pre\u00e7o, sendo comercializado a <strong>R$ 1.316,18<\/strong>.<\/p>\n<p><strong>INDICADOR DO CAF\u00c9 ROBUSTA CEPEA\/ESALQ<\/strong><\/p>\n<\/p>\n<\/p>\n<table id=\"imagenet-indicador2\">\n<thead>\n<tr>\n<th>DATA<\/th>\n<th>VALOR R$<\/th>\n<th>VAR.\/DIA<\/th>\n<th>VAR.\/M\u00caS<\/th>\n<th>VALOR US$<\/th>\n<\/tr>\n<\/thead>\n<tbody>\n<tr>\n<td>14\/11\/2025<\/td>\n<td>1.316,18<\/td>\n<td>-2,18%<\/td>\n<td>-6,38%<\/td>\n<td>248,38<\/td>\n<\/tr>\n<tr>\n<td>13\/11\/2025<\/td>\n<td>1.345,51<\/td>\n<td>-0,35%<\/td>\n<td>-4,30%<\/td>\n<td>254,01<\/td>\n<\/tr>\n<tr>\n<td>12\/11\/2025<\/td>\n<td>1.350,22<\/td>\n<td>-2,17%<\/td>\n<td>-3,96%<\/td>\n<td>255,10<\/td>\n<\/tr>\n<tr>\n<td>11\/11\/2025<\/td>\n<td>1.380,12<\/td>\n<td>-0,99%<\/td>\n<td>-1,83%<\/td>\n<td>261,88<\/td>\n<\/tr>\n<tr>\n<td>10\/11\/2025<\/td>\n<td>1.393,99<\/td>\n<td>-1,10%<\/td>\n<td>-0,85%<\/td>\n<td>262,67<\/td>\n<\/tr>\n<\/tbody>\n<\/table>\n<p>\u00a0<\/p>\n<h2>A\u00e7\u00facar<\/h2>\n<p>J\u00e1 o pre\u00e7o do <strong>a\u00e7\u00facar cristal<\/strong> apresenta <strong>varia\u00e7\u00f5es entre as principais pra\u00e7as do estado de S\u00e3o Paulo<\/strong>. Na <strong>capital<\/strong>, a saca de 50 kg aponta <strong>baixa de 0,61%<\/strong>, cotada a <strong>R$ 106,41<\/strong>.<\/p>\n<p><strong>INDICADOR DO A\u00c7\u00daCAR CRISTAL BRANCO CEPEA\/ESALQ &#8211; S\u00c3O PAULO<\/strong><\/p>\n<\/p>\n<\/p>\n<table id=\"imagenet-indicador1\">\n<thead>\n<tr>\n<th>DATA<\/th>\n<th>VALOR R$*<\/th>\n<th>VAR.\/DIA<\/th>\n<th>VAR.\/M\u00caS<\/th>\n<th>VALOR US$*<\/th>\n<\/tr>\n<\/thead>\n<tbody>\n<tr>\n<td>14\/11\/2025<\/td>\n<td>106,41<\/td>\n<td>-0,61%<\/td>\n<td>-6,37%<\/td>\n<td>20,08<\/td>\n<\/tr>\n<tr>\n<td>13\/11\/2025<\/td>\n<td>107,06<\/td>\n<td>-0,07%<\/td>\n<td>-5,80%<\/td>\n<td>20,21<\/td>\n<\/tr>\n<tr>\n<td>12\/11\/2025<\/td>\n<td>107,14<\/td>\n<td>-1,44%<\/td>\n<td>-5,73%<\/td>\n<td>20,24<\/td>\n<\/tr>\n<tr>\n<td>11\/11\/2025<\/td>\n<td>108,71<\/td>\n<td>0,81%<\/td>\n<td>-4,35%<\/td>\n<td>20,63<\/td>\n<\/tr>\n<tr>\n<td>10\/11\/2025<\/td>\n<td>107,84<\/td>\n<td>0,63%<\/td>\n<td>-5,11%<\/td>\n<td>20,32<\/td>\n<\/tr>\n<\/tbody>\n<\/table>\n<p>\u00a0<\/p>\n<p>Em <strong>Santos (SP)<\/strong>, a mercadoria \u00e9 negociada a <strong>R$ 112,94<\/strong>, ap\u00f3s<strong>\u00a0alta de 3,31%<\/strong> na m\u00e9dia de pre\u00e7os sem impostos.<\/p>\n<p><strong>INDICADOR A\u00c7\u00daCAR CRISTAL &#8211; SANTOS (FOB)<\/strong><\/p>\n<\/p>\n<\/p>\n<table id=\"imagenet-indicador2\">\n<thead>\n<tr>\n<th>DATA<\/th>\n<th>VALOR R$*<\/th>\n<th>VAR.\/DIA<\/th>\n<th>VAR.\/M\u00caS<\/th>\n<th>VALOR US$*<\/th>\n<\/tr>\n<\/thead>\n<tbody>\n<tr>\n<td>14\/11\/2025<\/td>\n<td>112,94<\/td>\n<td>3,31%<\/td>\n<td>3,71%<\/td>\n<td>21,33<\/td>\n<\/tr>\n<tr>\n<td>13\/11\/2025<\/td>\n<td>109,32<\/td>\n<td>-0,35%<\/td>\n<td>0,39%<\/td>\n<td>20,70<\/td>\n<\/tr>\n<tr>\n<td>12\/11\/2025<\/td>\n<td>109,70<\/td>\n<td>1,20%<\/td>\n<td>0,73%<\/td>\n<td>20,74<\/td>\n<\/tr>\n<tr>\n<td>11\/11\/2025<\/td>\n<td>108,40<\/td>\n<td>0,32%<\/td>\n<td>-0,46%<\/td>\n<td>20,56<\/td>\n<\/tr>\n<tr>\n<td>10\/11\/2025<\/td>\n<td>108,05<\/td>\n<td>0,01%<\/td>\n<td>-0,78%<\/td>\n<td>20,32<\/td>\n<\/tr>\n<\/tbody>\n<\/table>\n<p>\u00a0<\/p>\n<h2>Milho<\/h2>\n<p>A saca de 60 kg do <strong>milho<\/strong>, por sua vez, \u00e9 vendida a <strong>R$ 67,52<\/strong>, ap\u00f3s<strong>\u00a0alta de 0,09%<\/strong>.<\/p>\n<p><strong>INDICADOR DO MILHO ESALQ\/BM&amp;FBOVESPA<\/strong><\/p>\n<\/p>\n<\/p>\n<table id=\"imagenet-indicador1\">\n<thead>\n<tr>\n<th>DATA<\/th>\n<th>VALOR R$*<\/th>\n<th>VAR.\/DIA<\/th>\n<th>VAR.\/M\u00caS<\/th>\n<th>VALOR US$*<\/th>\n<\/tr>\n<\/thead>\n<tbody>\n<tr>\n<td>14\/11\/2025<\/td>\n<td>67,52<\/td>\n<td>0,09%<\/td>\n<td>2,07%<\/td>\n<td>12,74<\/td>\n<\/tr>\n<tr>\n<td>13\/11\/2025<\/td>\n<td>67,46<\/td>\n<td>0,15%<\/td>\n<td>1,98%<\/td>\n<td>12,73<\/td>\n<\/tr>\n<tr>\n<td>12\/11\/2025<\/td>\n<td>67,36<\/td>\n<td>0,03%<\/td>\n<td>1,83%<\/td>\n<td>12,73<\/td>\n<\/tr>\n<tr>\n<td>11\/11\/2025<\/td>\n<td>67,34<\/td>\n<td>0,04%<\/td>\n<td>1,80%<\/td>\n<td>12,78<\/td>\n<\/tr>\n<tr>\n<td>10\/11\/2025<\/td>\n<td>67,31<\/td>\n<td>0,34%<\/td>\n<td>1,75%<\/td>\n<td>12,68<\/td>\n<\/tr>\n<\/tbody>\n<\/table>\n<p>Os valores s\u00e3o do\u00a0<a href=\"http:\/\/www.cepea.org.br\" target=\"_blank\" rel=\"noopener\"><strong>Cepea<\/strong><\/a>.<\/p>\n<h2>Diferen\u00e7a entre caf\u00e9 ar\u00e1bica e caf\u00e9 robusta: caracter\u00edsticas, uso e regi\u00f5es produtoras<\/h2>\n<p><strong>Caf\u00e9 ar\u00e1bica e caf\u00e9 robusta<\/strong> s\u00e3o as duas principais variedades cultivadas e comercializadas no Brasil, ambas medidas em sacas de 60 kg.<\/p>\n<ul>\n<li>O<strong> caf\u00e9 ar\u00e1bica <\/strong>(conhecido tamb\u00e9m como<strong> caf\u00e9 Conilon<\/strong>, em algumas regi\u00f5es) tem <strong>sabor mais suave, menor teor de cafe\u00edna e alta qualidade sensorial<\/strong>, sendo preferido em cafeterias especializadas e nas exporta\u00e7\u00f5es de caf\u00e9s premium. Representa cerca de 70% da produ\u00e7\u00e3o brasileira, com destaque para estados como Minas Gerais e S\u00e3o Paulo.<\/li>\n<li>O<strong> caf\u00e9 robusta<\/strong>, por sua vez, possui<strong> sabor mais amargo, maior concentra\u00e7\u00e3o de cafe\u00edna e corpo mais intenso<\/strong>. \u00c9 amplamente utilizado na produ\u00e7\u00e3o de caf\u00e9 sol\u00favel e blends comerciais. Seus principais polos produtores s\u00e3o o Esp\u00edrito Santo e Rond\u00f4nia, e seu pre\u00e7o costuma ser mais baixo em compara\u00e7\u00e3o ao ar\u00e1bica, por conta do perfil mais industrial.\u00a0<\/li>\n<\/ul>\n<h2>Como \u00e9 calculada a saca de a\u00e7\u00facar cristal?<\/h2>\n<p>A<strong> saca de a\u00e7\u00facar cristal no Brasil \u00e9 padronizada em 50 quilos<\/strong>, especialmente para comercializa\u00e7\u00e3o no mercado atacadista e para uso na ind\u00fastria aliment\u00edcia. Essa unidade de medida \u00e9 adotada pelo <strong><a href=\"https:\/\/www.cepea.org.br\/br\/indicador\/cafe.aspx\" target=\"_blank\" rel=\"noopener\">Cepea\/Esalq-USP<\/a><\/strong>, principal fonte de cota\u00e7\u00f5es di\u00e1rias do a\u00e7\u00facar cristal no pa\u00eds.<\/p>\n<h2>Qual o peso da saca de milho no Brasil?<\/h2>\n<p>A saca de milho equivale a 60 kg de gr\u00e3os, mesmo padr\u00e3o utilizado para soja e trigo. Essa medida \u00e9 oficializada por institui\u00e7\u00f5es como a<strong> Companhia Nacional de Abastecimento <a href=\"https:\/\/www.gov.br\/conab\/pt-br\" target=\"_blank\" rel=\"noopener\">(Conab)<\/a><\/strong>, o <strong>Minist\u00e9rio da Agricultura <a href=\"https:\/\/www.gov.br\/agricultura\/pt-br\" target=\"_blank\" rel=\"noopener\">(MAPA)<\/a><\/strong> e o <a href=\"http:\/\/www.cepea.org.br\" target=\"_blank\" rel=\"noopener\"><strong>Cepea<\/strong><\/a>, sendo amplamente usada em negocia\u00e7\u00f5es e relat\u00f3rios de pre\u00e7o do milho.<\/p>\n<p>\t\t\t\t\t\t\t\t\t\t<img decoding=\"async\" src=\"https:\/\/brasil61.com\/api\/v1\/serve_pixel\/22254\/85863\" alt=\"Pixel Brasil 61\" class=\"b61_pixel\" width=\"0\" height=\"0\"><\/p>\n<div class=\"br61_backlink\">\n<p>\n\t\t\t\tFonte: <a href=\"https:\/\/brasil61.com\/cafe-hoje-confira-as-cotacoes-para-esta-segunda-17-pagr255930\" title=\"Artigo Original: Caf\u00e9 hoje: confira as cota\u00e7\u00f5es para esta segunda (17)\" target=\"_blank\" rel=\"noopener\">Brasil 61<\/a>\n\t\t\t<\/p>\n<\/p><\/div>\n<input type=\"hidden\" id=\"baseurl\" value=\"https:\/\/noticiasregionais.com.br\"><input type=\"hidden\" id=\"audio_nonce\" value=\"533fbb67b1\">","protected":false},"excerpt":{"rendered":"<p>O pre\u00e7o do caf\u00e9 volta a cair, enquanto o a\u00e7\u00facar sofre reajustes<\/p>\n","protected":false},"author":1,"featured_media":11066,"comment_status":"","ping_status":"open","sticky":false,"template":"","format":"standard","meta":{"sfsi_plus_gutenberg_text_before_share":"","sfsi_plus_gutenberg_show_text_before_share":"","sfsi_plus_gutenberg_icon_type":"","sfsi_plus_gutenberg_icon_alignemt":"","sfsi_plus_gutenburg_max_per_row":"","footnotes":""},"categories":[8],"tags":[],"class_list":["post-11065","post","type-post","status-publish","format-standard","has-post-thumbnail","hentry","category-brasil"],"_links":{"self":[{"href":"https:\/\/noticiasregionais.com.br\/index.php?rest_route=\/wp\/v2\/posts\/11065","targetHints":{"allow":["GET"]}}],"collection":[{"href":"https:\/\/noticiasregionais.com.br\/index.php?rest_route=\/wp\/v2\/posts"}],"about":[{"href":"https:\/\/noticiasregionais.com.br\/index.php?rest_route=\/wp\/v2\/types\/post"}],"author":[{"embeddable":true,"href":"https:\/\/noticiasregionais.com.br\/index.php?rest_route=\/wp\/v2\/users\/1"}],"replies":[{"embeddable":true,"href":"https:\/\/noticiasregionais.com.br\/index.php?rest_route=%2Fwp%2Fv2%2Fcomments&post=11065"}],"version-history":[{"count":0,"href":"https:\/\/noticiasregionais.com.br\/index.php?rest_route=\/wp\/v2\/posts\/11065\/revisions"}],"wp:featuredmedia":[{"embeddable":true,"href":"https:\/\/noticiasregionais.com.br\/index.php?rest_route=\/wp\/v2\/media\/11066"}],"wp:attachment":[{"href":"https:\/\/noticiasregionais.com.br\/index.php?rest_route=%2Fwp%2Fv2%2Fmedia&parent=11065"}],"wp:term":[{"taxonomy":"category","embeddable":true,"href":"https:\/\/noticiasregionais.com.br\/index.php?rest_route=%2Fwp%2Fv2%2Fcategories&post=11065"},{"taxonomy":"post_tag","embeddable":true,"href":"https:\/\/noticiasregionais.com.br\/index.php?rest_route=%2Fwp%2Fv2%2Ftags&post=11065"}],"curies":[{"name":"wp","href":"https:\/\/api.w.org\/{rel}","templated":true}]}}