{"id":11067,"date":"2025-11-17T04:10:00","date_gmt":"2025-11-17T07:10:00","guid":{"rendered":"https:\/\/noticiasregionais.com.br\/?p=11067"},"modified":"2025-11-17T04:10:00","modified_gmt":"2025-11-17T07:10:00","slug":"boi-gordo-hoje-confira-as-cotacoes-para-este-sabado-15","status":"publish","type":"post","link":"https:\/\/noticiasregionais.com.br\/?p=11067","title":{"rendered":"Boi gordo hoje: confira as cota\u00e7\u00f5es para este s\u00e1bado (15)"},"content":{"rendered":"<p>\t\t\t\t\t\t\t\t\t\t\t<audio controls class=\"b61_audio_player\" data-noticia=\"85862\" src=\"https:\/\/brasil61.com\/rails\/active_storage\/blobs\/eyJfcmFpbHMiOnsibWVzc2FnZSI6IkJBaHBBK08vQXc9PSIsImV4cCI6bnVsbCwicHVyIjoiYmxvYl9pZCJ9fQ==--0dabbf1417c71cf673cd5f596a350f6069e02ca6\/PAGR255929A\"><\/audio><\/p>\n<p>O pre\u00e7o do <strong>boi gordo<\/strong> registra <strong>valoriza\u00e7\u00e3o\u00a0de 0,06%<\/strong> neste\u00a0s\u00e1bado (15)\u00a0e a arroba \u00e9 negociada a<strong> R$ 322,65<\/strong>, no estado de S\u00e3o Paulo.<\/p>\n<p><strong>INDICADOR DO BOI GORDO CEPEA\/ESALQ<\/strong><\/p>\n<\/p>\n<\/p>\n<\/p>\n<table id=\"imagenet-indicador1\">\n<thead>\n<tr>\n<th>DATA<\/th>\n<th>VALOR R$*<\/th>\n<th>VAR.\/DIA<\/th>\n<th>VAR.\/M\u00caS<\/th>\n<th>VALOR US$*<\/th>\n<\/tr>\n<\/thead>\n<tbody>\n<tr>\n<td>14\/11\/2025<\/td>\n<td>322,65<\/td>\n<td>0,06%<\/td>\n<td>1,19%<\/td>\n<td>60,89<\/td>\n<\/tr>\n<tr>\n<td>13\/11\/2025<\/td>\n<td>322,45<\/td>\n<td>0,19%<\/td>\n<td>1,13%<\/td>\n<td>60,87<\/td>\n<\/tr>\n<tr>\n<td>12\/11\/2025<\/td>\n<td>321,85<\/td>\n<td>-0,09%<\/td>\n<td>0,94%<\/td>\n<td>60,81<\/td>\n<\/tr>\n<tr>\n<td>11\/11\/2025<\/td>\n<td>322,15<\/td>\n<td>-0,15%<\/td>\n<td>1,03%<\/td>\n<td>61,13<\/td>\n<\/tr>\n<tr>\n<td>10\/11\/2025<\/td>\n<td>322,65<\/td>\n<td>-0,32%<\/td>\n<td>1,19%<\/td>\n<td>60,80<\/td>\n<\/tr>\n<\/tbody>\n<\/table>\n<p>\u00a0<\/p>\n<h2>Pre\u00e7o do frango congelado e resfriado<\/h2>\n<p>Nos atacados da Grande S\u00e3o Paulo, S\u00e3o Jos\u00e9 do Rio Preto e Descalvado, tanto os pre\u00e7os do <strong>frango congelado<\/strong>\u00a0quanto do\u00a0<strong>frango resfriado\u00a0<\/strong>apresentaram <strong>estabilidade<\/strong>. A primeira mercadoria \u00e9 vendida a<strong> R$ 8,05<\/strong>, enquanto a segunda \u00e9 comercializada a <strong>R$ 8,04<\/strong>.<\/p>\n<p>\u00a0<\/p>\n<p><strong>PRE\u00c7OS DO FRANGO CONGELADO CEPEA\/ESALQ &#8211; ESTADO SP\u00a0<\/strong><\/p>\n<\/p>\n<\/p>\n<\/p>\n<table id=\"imagenet-indicador1\">\n<thead>\n<tr>\n<th>DATA<\/th>\n<th>VALOR R$<\/th>\n<th>VAR.\/DIA<\/th>\n<th>VAR.\/M\u00caS<\/th>\n<\/tr>\n<\/thead>\n<tbody>\n<tr>\n<td>14\/11\/2025<\/td>\n<td>8,05<\/td>\n<td>0,00%<\/td>\n<td>0,50%<\/td>\n<\/tr>\n<tr>\n<td>13\/11\/2025<\/td>\n<td>8,05<\/td>\n<td>0,00%<\/td>\n<td>0,50%<\/td>\n<\/tr>\n<tr>\n<td>12\/11\/2025<\/td>\n<td>8,05<\/td>\n<td>0,12%<\/td>\n<td>0,50%<\/td>\n<\/tr>\n<tr>\n<td>11\/11\/2025<\/td>\n<td>8,04<\/td>\n<td>0,00%<\/td>\n<td>0,37%<\/td>\n<\/tr>\n<tr>\n<td>10\/11\/2025<\/td>\n<td>8,04<\/td>\n<td>0,12%<\/td>\n<td>0,37%<\/td>\n<\/tr>\n<\/tbody>\n<\/table>\n<p>\u00a0<\/p>\n<p><strong>PRE\u00c7OS DO FRANGO RESFRIADO CEPEA\/ESALQ &#8211; ESTADO SP<\/strong><\/p>\n<\/p>\n<\/p>\n<\/p>\n<table id=\"imagenet-indicador2\">\n<thead>\n<tr>\n<th>DATA<\/th>\n<th>VALOR R$<\/th>\n<th>VAR.\/DIA<\/th>\n<th>VAR.\/M\u00caS<\/th>\n<\/tr>\n<\/thead>\n<tbody>\n<tr>\n<td>14\/11\/2025<\/td>\n<td>8,04<\/td>\n<td>0,00%<\/td>\n<td>-0,50%<\/td>\n<\/tr>\n<tr>\n<td>13\/11\/2025<\/td>\n<td>8,04<\/td>\n<td>0,00%<\/td>\n<td>-0,50%<\/td>\n<\/tr>\n<tr>\n<td>12\/11\/2025<\/td>\n<td>8,04<\/td>\n<td>-0,37%<\/td>\n<td>-0,50%<\/td>\n<\/tr>\n<tr>\n<td>11\/11\/2025<\/td>\n<td>8,07<\/td>\n<td>0,12%<\/td>\n<td>-0,12%<\/td>\n<\/tr>\n<tr>\n<td>10\/11\/2025<\/td>\n<td>8,06<\/td>\n<td>-0,37%<\/td>\n<td>-0,25%<\/td>\n<\/tr>\n<\/tbody>\n<\/table>\n<p>\u00a0<\/p>\n<h2>Pre\u00e7o da carca\u00e7a su\u00edna especial e do su\u00edno vivo<\/h2>\n<p>A <b>carca\u00e7a su\u00edna especial <\/b>tamb\u00e9m volta a apontar<b>\u00a0valoriza\u00e7\u00e3o<\/b>\u00a0no pre\u00e7o, com <b>alta de 0,47%,<\/b>\u00a0sendo negociada a <b>R$ 12,72\u00a0<\/b>por quilo nos atacados da Grande S\u00e3o Paulo.<\/p>\n<p>\u00a0<\/p>\n<p><strong>PRE\u00c7OS DA CARCA\u00c7A SU\u00cdNA ESPECIAL (R$\/kg)<\/strong><\/p>\n<\/p>\n<\/p>\n<\/p>\n<table id=\"imagenet-indicador3\">\n<thead>\n<tr>\n<th>DATA<\/th>\n<th>M\u00c9DIA<\/th>\n<th>VAR.\/DIA<\/th>\n<th>VAR.\/M\u00caS<\/th>\n<\/tr>\n<\/thead>\n<tbody>\n<tr>\n<td>14\/11\/2025<\/td>\n<td>12,72<\/td>\n<td>0,47%<\/td>\n<td>2,66%<\/td>\n<\/tr>\n<tr>\n<td>13\/11\/2025<\/td>\n<td>12,66<\/td>\n<td>0,00%<\/td>\n<td>2,18%<\/td>\n<\/tr>\n<tr>\n<td>12\/11\/2025<\/td>\n<td>12,66<\/td>\n<td>0,16%<\/td>\n<td>2,18%<\/td>\n<\/tr>\n<tr>\n<td>11\/11\/2025<\/td>\n<td>12,64<\/td>\n<td>1,53%<\/td>\n<td>2,02%<\/td>\n<\/tr>\n<tr>\n<td>10\/11\/2025<\/td>\n<td>12,45<\/td>\n<td>0,65%<\/td>\n<td>0,48%<\/td>\n<\/tr>\n<\/tbody>\n<\/table>\n<p>\u00a0<\/p>\n<p>O pre\u00e7o do<strong> su\u00edno vivo<\/strong> registra <strong>estabilidade <\/strong>em <strong>Minas Gerais<\/strong>, no\u00a0<strong>Rio Grande do Sul\u00a0<\/strong>e no\u00a0<strong>Paran\u00e1<\/strong>. H\u00e1 uma <strong>valoriza\u00e7\u00e3o <\/strong>de <strong>0,57%<\/strong> em\u00a0<strong>S\u00e3o Paulo <\/strong>e <strong>0,36%<\/strong> em <strong>Santa<\/strong> <strong>Catarina<\/strong>.<b>\u00a0<\/b>As mercadorias variam entre\u00a0<strong>R$ 8,27\u00a0<\/strong>e<strong> R$8,86<\/strong>.<\/p>\n<p>\u00a0<\/p>\n<p><strong>INDICADOR DO SU\u00cdNO VIVO CEPEA\/ESALQ (R$\/kg)\u00a0<\/strong><\/p>\n<\/p>\n<\/p>\n<\/p>\n<table id=\"imagenet-indicador2\">\n<thead>\n<tr>\n<th>DATA<\/th>\n<th>ESTADO<\/th>\n<th>VALOR R$*<\/th>\n<th>VAR.\/DIA<\/th>\n<th>VAR.\/M\u00caS<\/th>\n<\/tr>\n<\/thead>\n<tbody>\n<tr>\n<td>14\/11\/2025<\/td>\n<td>MG &#8211; posto<\/td>\n<td>8,44<\/td>\n<td>0,00%<\/td>\n<td>2,55%<\/td>\n<\/tr>\n<tr>\n<td>14\/11\/2025<\/td>\n<td>PR &#8211; a retirar<\/td>\n<td>8,41<\/td>\n<td>0,00%<\/td>\n<td>0,72%<\/td>\n<\/tr>\n<tr>\n<td>14\/11\/2025<\/td>\n<td>RS &#8211; a retirar<\/td>\n<td>8,37<\/td>\n<td>0,00%<\/td>\n<td>1,09%<\/td>\n<\/tr>\n<tr>\n<td>14\/11\/2025<\/td>\n<td>SC &#8211; a retirar<\/td>\n<td>8,27<\/td>\n<td>0,36%<\/td>\n<td>0,24%<\/td>\n<\/tr>\n<tr>\n<td>14\/11\/2025<\/td>\n<td>SP &#8211; posto<\/td>\n<td>8,86<\/td>\n<td>0,57%<\/td>\n<td>1,03%<\/td>\n<\/tr>\n<\/tbody>\n<\/table>\n<p>Os valores s\u00e3o do <a href=\"http:\/\/www.cepea.org.br\" target=\"_blank\" rel=\"noopener\"><strong>Cepea<\/strong><\/a>.<\/p>\n<p>\u00a0<\/p>\n<h2>O que \u00e9 o boi gordo? Entenda o termo do mercado bovino<\/h2>\n<p>O <strong>boi gordo \u00e9 o bovino macho pronto para o abate, com peso m\u00ednimo de 16 arrobas l\u00edquidas de carca\u00e7a (aproximadamente 240 kg) e at\u00e9 42 meses de idade<\/strong>. Atende aos padr\u00f5es do mercado nacional e internacional, incluindo exporta\u00e7\u00f5es para Europa, China e cota Hilton.<\/p>\n<h2>Diferen\u00e7as entre frango congelado e frango resfriado<\/h2>\n<p>O<strong> frango congelado passa por congelamento r\u00e1pido, com temperaturas abaixo de -12\u00b0C<\/strong>, garantindo maior vida \u00fatil para armazenamento e transporte a longas dist\u00e2ncias. J\u00e1 o<strong> frango resfriado \u00e9 mantido entre 0\u00b0C e 4\u00b0C, com validade de 5 a 7 dias<\/strong>, oferecendo textura e sabor mais pr\u00f3ximos do fresco, ideal para consumidores exigentes e restaurantes.<\/p>\n<p>\t\t\t\t\t\t\t\t\t\t<img decoding=\"async\" src=\"https:\/\/brasil61.com\/api\/v1\/serve_pixel\/22254\/85862\" alt=\"Pixel Brasil 61\" class=\"b61_pixel\" width=\"0\" height=\"0\"><\/p>\n<div class=\"br61_backlink\">\n<p>\n\t\t\t\tFonte: <a href=\"https:\/\/brasil61.com\/boi-gordo-hoje-confira-as-cotacoes-para-este-sabado-15-pagr255929\" title=\"Artigo Original: Boi gordo hoje: confira as cota\u00e7\u00f5es para este s\u00e1bado (15)\" target=\"_blank\" rel=\"noopener\">Brasil 61<\/a>\n\t\t\t<\/p>\n<\/p><\/div>\n<input type=\"hidden\" id=\"baseurl\" value=\"https:\/\/noticiasregionais.com.br\"><input type=\"hidden\" id=\"audio_nonce\" value=\"5c13e0637f\">","protected":false},"excerpt":{"rendered":"<p>O pre\u00e7o do su\u00edno vivo apresenta estabilidade em MG, RS e PR; o frango se mant\u00e9m est\u00e1vel e a carca\u00e7a su\u00edna especial sofre valoriza\u00e7\u00e3o<\/p>\n","protected":false},"author":1,"featured_media":11068,"comment_status":"","ping_status":"open","sticky":false,"template":"","format":"standard","meta":{"sfsi_plus_gutenberg_text_before_share":"","sfsi_plus_gutenberg_show_text_before_share":"","sfsi_plus_gutenberg_icon_type":"","sfsi_plus_gutenberg_icon_alignemt":"","sfsi_plus_gutenburg_max_per_row":"","footnotes":""},"categories":[8],"tags":[],"class_list":["post-11067","post","type-post","status-publish","format-standard","has-post-thumbnail","hentry","category-brasil"],"_links":{"self":[{"href":"https:\/\/noticiasregionais.com.br\/index.php?rest_route=\/wp\/v2\/posts\/11067","targetHints":{"allow":["GET"]}}],"collection":[{"href":"https:\/\/noticiasregionais.com.br\/index.php?rest_route=\/wp\/v2\/posts"}],"about":[{"href":"https:\/\/noticiasregionais.com.br\/index.php?rest_route=\/wp\/v2\/types\/post"}],"author":[{"embeddable":true,"href":"https:\/\/noticiasregionais.com.br\/index.php?rest_route=\/wp\/v2\/users\/1"}],"replies":[{"embeddable":true,"href":"https:\/\/noticiasregionais.com.br\/index.php?rest_route=%2Fwp%2Fv2%2Fcomments&post=11067"}],"version-history":[{"count":0,"href":"https:\/\/noticiasregionais.com.br\/index.php?rest_route=\/wp\/v2\/posts\/11067\/revisions"}],"wp:featuredmedia":[{"embeddable":true,"href":"https:\/\/noticiasregionais.com.br\/index.php?rest_route=\/wp\/v2\/media\/11068"}],"wp:attachment":[{"href":"https:\/\/noticiasregionais.com.br\/index.php?rest_route=%2Fwp%2Fv2%2Fmedia&parent=11067"}],"wp:term":[{"taxonomy":"category","embeddable":true,"href":"https:\/\/noticiasregionais.com.br\/index.php?rest_route=%2Fwp%2Fv2%2Fcategories&post=11067"},{"taxonomy":"post_tag","embeddable":true,"href":"https:\/\/noticiasregionais.com.br\/index.php?rest_route=%2Fwp%2Fv2%2Ftags&post=11067"}],"curies":[{"name":"wp","href":"https:\/\/api.w.org\/{rel}","templated":true}]}}