{"id":11069,"date":"2025-11-17T04:15:00","date_gmt":"2025-11-17T07:15:00","guid":{"rendered":"https:\/\/noticiasregionais.com.br\/?p=11069"},"modified":"2025-11-17T04:15:00","modified_gmt":"2025-11-17T07:15:00","slug":"semana-no-congresso-tera-foco-no-pl-antifaccao-e-avanco-de-cpis-sobre-inss-e-crime-organizado","status":"publish","type":"post","link":"https:\/\/noticiasregionais.com.br\/?p=11069","title":{"rendered":"Semana no Congresso ter\u00e1 foco no PL Antifac\u00e7\u00e3o e avan\u00e7o de CPIs sobre INSS e crime organizado"},"content":{"rendered":"<p>\t\t\t\t\t\t\t\t\t\t\t<audio controls class=\"b61_audio_player\" data-noticia=\"85835\" src=\"https:\/\/brasil61.com\/rails\/active_storage\/blobs\/eyJfcmFpbHMiOnsibWVzc2FnZSI6IkJBaHBBNnEvQXc9PSIsImV4cCI6bnVsbCwicHVyIjoiYmxvYl9pZCJ9fQ==--346c6c51981358da6cfc9ba54cfabb5a78fc50da\/BRAS2515142A\"><\/audio><\/p>\n<p>O presidente da C\u00e2mara, Hugo Motta (Republicanos-PB), anunciou que a t<strong>er\u00e7a-feira (18) ser\u00e1 dedicada exclusivamente \u00e0 discuss\u00e3o do <a href=\"https:\/\/www.camara.leg.br\/proposicoesWeb\/fichadetramitacao?idProposicao=2579832\" target=\"_blank\" rel=\"noopener\">PL antifac\u00e7ao<\/a>\u00a0 e vota\u00e7\u00e3o do substitutivo apresentado pelo relator,<\/strong> deputado Guilherme Derrite (PP-SP). O texto, que j\u00e1 est\u00e1 em sua quarta vers\u00e3o, ainda <strong>enfrenta resist\u00eancia do governo federal<\/strong>.<\/p>\n<p><strong>Governadores do Rio de Janeiro, Goi\u00e1s, Santa Catarina, Minas Gerais e Distrito Federal <\/strong>estiveram com Motta na \u00faltima semana para <strong>pedir um prazo de 30 dias a fim de aprimorar a proposta<\/strong>.<\/p>\n<p>Derrite afirma que o substitutivo \u201cnunca foi linha de chegada\u201d, mas sim \u201cponto de partida\u201d, e diz ter incorporado sugest\u00f5es de diferentes bancadas. O relator destaca que o <strong>projeto original do Executivo traz \u201cboas iniciativas\u201d que foram aproveitadas durante os ajustes<\/strong>.<\/p>\n<h2>CPIs intensificam atividades na C\u00e2mara e no Senado<\/h2>\n<p>Al\u00e9m da discuss\u00e3o sobre o PL Antifac\u00e7\u00e3o, o <strong>Congresso tamb\u00e9m ter\u00e1 uma agenda intensa nas Comiss\u00f5es Parlamentares de Inqu\u00e9rito<\/strong>.<\/p>\n<p>Na segunda-feira (17) a <strong>CPMI do INSS ouve Jucimar Fonseca da Silva, ex-coordenador-geral de pagamentos e benef\u00edcios do instituto.<\/strong> No dia seguinte, ter\u00e7a (18), ser\u00e1 a vez de Cec\u00edlia Rodrigues Mota, presidente da Associa\u00e7\u00e3o dos Aposentados e Pensionistas do Brasil (AAPB).<\/p>\n<p><strong>No Senado, a CPI do Crime Organizado tem duas sess\u00f5es importantes<\/strong>. Na ter\u00e7a (18), ser\u00e3o ouvidos o diretor-geral da Pol\u00edcia Federal, Andrei Augusto Passos Rodrigues, e o diretor de Intelig\u00eancia Policial, Leandro Almada da Costa. J\u00e1 na quarta (19), prestam depoimento o diretor de Intelig\u00eancia Penal da Senappen, Ant\u00f4nio Glautter, e o promotor de Justi\u00e7a Lincoln Gakiya, refer\u00eancia nacional no enfrentamento a fac\u00e7\u00f5es criminosas.<\/p>\n<p>Por enquanto, o Plen\u00e1rio do Senado permanece sem itens definidos na pauta para a semana.<\/p>\n<p>Com seguran\u00e7a p\u00fablica no centro das aten\u00e7\u00f5es e press\u00f5es pol\u00edticas em torno do texto do PL Antifac\u00e7\u00e3o, a<strong> pr\u00f3xima semana deve ser crucial para o avan\u00e7o das discuss\u00f5es sobre o novo marco legal de combate \u00e0s organiza\u00e7\u00f5es criminosas no pa\u00eds<\/strong>.<\/p>\n<p>\t\t\t\t\t\t\t\t\t\t<img decoding=\"async\" src=\"https:\/\/brasil61.com\/api\/v1\/serve_pixel\/22254\/85835\" alt=\"Pixel Brasil 61\" class=\"b61_pixel\" width=\"0\" height=\"0\"><\/p>\n<div class=\"br61_backlink\">\n<p>\n\t\t\t\tFonte: <a href=\"https:\/\/brasil61.com\/semana-no-congresso-tera-foco-no-pl-antifaccao-e-avanco-de-cpis-sobre-inss-e-crime-organizado-bras2515142\" title=\"Artigo Original: Semana no Congresso ter\u00e1 foco no PL Antifac\u00e7\u00e3o e avan\u00e7o de CPIs sobre INSS e crime organizado\" target=\"_blank\" rel=\"noopener\">Brasil 61<\/a>\n\t\t\t<\/p>\n<\/p><\/div>\n<input type=\"hidden\" id=\"baseurl\" value=\"https:\/\/noticiasregionais.com.br\"><input type=\"hidden\" id=\"audio_nonce\" value=\"5c13e0637f\">","protected":false},"excerpt":{"rendered":"<p>Vota\u00e7\u00e3o do Marco Legal de Combate ao Crime Organizado ser\u00e1 pauta \u00fanica na C\u00e2mara; Senado concentra esfor\u00e7os em oitivas da CPI do Crime Organizado<\/p>\n","protected":false},"author":1,"featured_media":11070,"comment_status":"","ping_status":"open","sticky":false,"template":"","format":"standard","meta":{"sfsi_plus_gutenberg_text_before_share":"","sfsi_plus_gutenberg_show_text_before_share":"","sfsi_plus_gutenberg_icon_type":"","sfsi_plus_gutenberg_icon_alignemt":"","sfsi_plus_gutenburg_max_per_row":"","footnotes":""},"categories":[8],"tags":[],"class_list":["post-11069","post","type-post","status-publish","format-standard","has-post-thumbnail","hentry","category-brasil"],"_links":{"self":[{"href":"https:\/\/noticiasregionais.com.br\/index.php?rest_route=\/wp\/v2\/posts\/11069","targetHints":{"allow":["GET"]}}],"collection":[{"href":"https:\/\/noticiasregionais.com.br\/index.php?rest_route=\/wp\/v2\/posts"}],"about":[{"href":"https:\/\/noticiasregionais.com.br\/index.php?rest_route=\/wp\/v2\/types\/post"}],"author":[{"embeddable":true,"href":"https:\/\/noticiasregionais.com.br\/index.php?rest_route=\/wp\/v2\/users\/1"}],"replies":[{"embeddable":true,"href":"https:\/\/noticiasregionais.com.br\/index.php?rest_route=%2Fwp%2Fv2%2Fcomments&post=11069"}],"version-history":[{"count":0,"href":"https:\/\/noticiasregionais.com.br\/index.php?rest_route=\/wp\/v2\/posts\/11069\/revisions"}],"wp:featuredmedia":[{"embeddable":true,"href":"https:\/\/noticiasregionais.com.br\/index.php?rest_route=\/wp\/v2\/media\/11070"}],"wp:attachment":[{"href":"https:\/\/noticiasregionais.com.br\/index.php?rest_route=%2Fwp%2Fv2%2Fmedia&parent=11069"}],"wp:term":[{"taxonomy":"category","embeddable":true,"href":"https:\/\/noticiasregionais.com.br\/index.php?rest_route=%2Fwp%2Fv2%2Fcategories&post=11069"},{"taxonomy":"post_tag","embeddable":true,"href":"https:\/\/noticiasregionais.com.br\/index.php?rest_route=%2Fwp%2Fv2%2Ftags&post=11069"}],"curies":[{"name":"wp","href":"https:\/\/api.w.org\/{rel}","templated":true}]}}