{"id":11071,"date":"2025-11-17T04:20:00","date_gmt":"2025-11-17T07:20:00","guid":{"rendered":"https:\/\/noticiasregionais.com.br\/?p=11071"},"modified":"2025-11-17T04:20:00","modified_gmt":"2025-11-17T07:20:00","slug":"judiciario-julgamentos-de-alto-impacto-e-agendas-estrategicas","status":"publish","type":"post","link":"https:\/\/noticiasregionais.com.br\/?p=11071","title":{"rendered":"Judici\u00e1rio: julgamentos de alto impacto e agendas estrat\u00e9gicas"},"content":{"rendered":"<p>\t\t\t\t\t\t\t\t\t\t\t<audio controls class=\"b61_audio_player\" data-noticia=\"85836\" src=\"https:\/\/brasil61.com\/rails\/active_storage\/blobs\/eyJfcmFpbHMiOnsibWVzc2FnZSI6IkJBaHBBN08vQXc9PSIsImV4cCI6bnVsbCwicHVyIjoiYmxvYl9pZCJ9fQ==--c2ba27159ec8e1d3faab45d22a3b33f449ecf9d8\/BRAS2515143A\"><\/audio><\/p>\n<p>O <strong>Supremo Tribunal Federal (STF) retoma, na pr\u00f3xima ter\u00e7a-feira (18), o julgamento do chamado N\u00facleo 3 da trama golpista,<\/strong> que envolve militares e agente da PF investigados por atos que teriam visado a <strong>ruptura do Estado democr\u00e1tico.<\/strong><\/p>\n<p>A expectativa est\u00e1 voltada para o voto do relator, ministro Alexandre de Moraes, que dar\u00e1 o pontap\u00e9 nesta fase decisiva.\u00a0<\/p>\n<p><strong>J\u00e1 o Conselho Nacional de Justi\u00e7a (CNJ) organiza nos dias 17 e 18 de novembro, em Bras\u00edlia, o 3.\u00ba Congresso do F\u00f3rum Nacional de Recupera\u00e7\u00e3o Empresarial e Fal\u00eancias (<\/strong>FONAREF), com foco em recupera\u00e7\u00e3o judicial, fal\u00eancia e \u201cconcursalidade\/extraconcursalidade\u201d. O evento re\u00fane magistrados, advogados, acad\u00eamicos e administradores judiciais para debater e aprovar enunciados orientadores no \u00e2mbito do direito concursal.\u00a0<\/p>\n<p>No dia 17, no audit\u00f3rio da <strong>Escola Superior da Magistratura do Cear\u00e1 (ESMEC), ser\u00e1 realizado o lan\u00e7amento oficial da Mutir\u00e3o Racial 2025,<\/strong> promovido pelo CNJ, em parceria com o Tribunal de Justi\u00e7a do Cear\u00e1 (TJCE).<\/p>\n<p><strong>A iniciativa intensifica o julgamento e o impulso de processos com tem\u00e1tica racial nos tribunais estaduais e reafirma o compromisso com equidade e direitos humanos. <\/strong>O eveto reflete a agenda de justi\u00e7a social e igualit\u00e1ria no \u00e2mbito do Judici\u00e1rio, com mobiliza\u00e7\u00e3o nacional para priorizar processos com vi\u00e9s racial e comunidades quilombolas.<\/p>\n<p>\t\t\t\t\t\t\t\t\t\t<img decoding=\"async\" src=\"https:\/\/brasil61.com\/api\/v1\/serve_pixel\/22254\/85836\" alt=\"Pixel Brasil 61\" class=\"b61_pixel\" width=\"0\" height=\"0\"><\/p>\n<div class=\"br61_backlink\">\n<p>\n\t\t\t\tFonte: <a href=\"https:\/\/brasil61.com\/judiciario-julgamentos-de-alto-impacto-e-agendas-estrategicas-bras2515143\" title=\"Artigo Original: Judici\u00e1rio: julgamentos de alto impacto e agendas estrat\u00e9gicas\" target=\"_blank\" rel=\"noopener\">Brasil 61<\/a>\n\t\t\t<\/p>\n<\/p><\/div>\n<input type=\"hidden\" id=\"baseurl\" value=\"https:\/\/noticiasregionais.com.br\"><input type=\"hidden\" id=\"audio_nonce\" value=\"5c13e0637f\">","protected":false},"excerpt":{"rendered":"<p>De sess\u00f5es no Supremo Tribunal Federal \u00e0 mobiliza\u00e7\u00e3o nacional para equidade racial, a agenda da Justi\u00e7a no Brasil concentra esta semana debates e decis\u00f5es que sinalizam rumos institucionais<\/p>\n","protected":false},"author":1,"featured_media":11072,"comment_status":"","ping_status":"open","sticky":false,"template":"","format":"standard","meta":{"sfsi_plus_gutenberg_text_before_share":"","sfsi_plus_gutenberg_show_text_before_share":"","sfsi_plus_gutenberg_icon_type":"","sfsi_plus_gutenberg_icon_alignemt":"","sfsi_plus_gutenburg_max_per_row":"","footnotes":""},"categories":[8],"tags":[],"class_list":["post-11071","post","type-post","status-publish","format-standard","has-post-thumbnail","hentry","category-brasil"],"_links":{"self":[{"href":"https:\/\/noticiasregionais.com.br\/index.php?rest_route=\/wp\/v2\/posts\/11071","targetHints":{"allow":["GET"]}}],"collection":[{"href":"https:\/\/noticiasregionais.com.br\/index.php?rest_route=\/wp\/v2\/posts"}],"about":[{"href":"https:\/\/noticiasregionais.com.br\/index.php?rest_route=\/wp\/v2\/types\/post"}],"author":[{"embeddable":true,"href":"https:\/\/noticiasregionais.com.br\/index.php?rest_route=\/wp\/v2\/users\/1"}],"replies":[{"embeddable":true,"href":"https:\/\/noticiasregionais.com.br\/index.php?rest_route=%2Fwp%2Fv2%2Fcomments&post=11071"}],"version-history":[{"count":0,"href":"https:\/\/noticiasregionais.com.br\/index.php?rest_route=\/wp\/v2\/posts\/11071\/revisions"}],"wp:featuredmedia":[{"embeddable":true,"href":"https:\/\/noticiasregionais.com.br\/index.php?rest_route=\/wp\/v2\/media\/11072"}],"wp:attachment":[{"href":"https:\/\/noticiasregionais.com.br\/index.php?rest_route=%2Fwp%2Fv2%2Fmedia&parent=11071"}],"wp:term":[{"taxonomy":"category","embeddable":true,"href":"https:\/\/noticiasregionais.com.br\/index.php?rest_route=%2Fwp%2Fv2%2Fcategories&post=11071"},{"taxonomy":"post_tag","embeddable":true,"href":"https:\/\/noticiasregionais.com.br\/index.php?rest_route=%2Fwp%2Fv2%2Ftags&post=11071"}],"curies":[{"name":"wp","href":"https:\/\/api.w.org\/{rel}","templated":true}]}}