{"id":11073,"date":"2025-11-17T04:30:00","date_gmt":"2025-11-17T07:30:00","guid":{"rendered":"https:\/\/noticiasregionais.com.br\/?p=11073"},"modified":"2025-11-17T04:30:00","modified_gmt":"2025-11-17T07:30:00","slug":"como-funciona-a-procuracao-eletronica-do-meu-inss-veja-o-que-muda-para-os-usuarios","status":"publish","type":"post","link":"https:\/\/noticiasregionais.com.br\/?p=11073","title":{"rendered":"Como funciona a procura\u00e7\u00e3o eletr\u00f4nica do Meu INSS? Veja o que muda para os usu\u00e1rios"},"content":{"rendered":"<p>\t\t\t\t\t\t\t\t\t\t\t<audio controls class=\"b61_audio_player\" data-noticia=\"85844\" src=\"https:\/\/brasil61.com\/rails\/active_storage\/blobs\/eyJfcmFpbHMiOnsibWVzc2FnZSI6IkJBaHBBOE8vQXc9PSIsImV4cCI6bnVsbCwicHVyIjoiYmxvYl9pZCJ9fQ==--bbd0941a00cee19cb189fed9bda37efdd2aaae6b\/BRAS2515146A\"><\/audio><\/p>\n<p>O <strong>Instituto Nacional do Seguro Social (INSS)<\/strong> e o <strong>Minist\u00e9rio da Gest\u00e3o e da Inova\u00e7\u00e3o em Servi\u00e7os P\u00fablicos (MGI)<\/strong> lan\u00e7aram a <strong>funcionalidade de procura\u00e7\u00e3o eletr\u00f4nica via <a href=\"https:\/\/www.gov.br\/pt-br\/temas\/meu-inss\" target=\"_blank\" rel=\"noopener\">Meu INSS<\/a><\/strong>, que permite ao segurado autorizar outra pessoa a acessar determinados servi\u00e7os digitais sem precisar compartilhar a senha da <a href=\"https:\/\/www.gov.br\/pt-br\" target=\"_blank\" rel=\"noopener\">conta gov.br<\/a> ou comparecer presencialmente \u00e0 ag\u00eancia.\u00a0<\/p>\n<h2>O que mudou e como usar<\/h2>\n<ul>\n<li>A funcionalidade permite que o usu\u00e1rio defina quais servi\u00e7os o representante poder\u00e1 consultar \u2014 por enquanto:\n<ul>\n<li>consultas de documentos e servi\u00e7os online;<\/li>\n<li>consultas de pedidos e de benef\u00edcios.\u00a0<\/li>\n<\/ul>\n<\/li>\n<li>O procurador indicado precisa ter conta gov.br nos n\u00edveis Prata ou Ouro, assim como o titular da procura\u00e7\u00e3o.\u00a0<\/li>\n<li>A procura\u00e7\u00e3o \u00e9 acessada e gerida via Meu INSS (site ou app), pode ser revogada a qualquer momento, e n\u00e3o tem validade se impressa ou compartilhada fora da plataforma.\u00a0<\/li>\n<li>A iniciativa visa refor\u00e7ar seguran\u00e7a cibern\u00e9tica, proteger dados pessoais dos segurados e ampliar a acessibilidade aos servi\u00e7os digitais do INSS.\u00a0<\/li>\n<\/ul>\n<p>Com essa novidade, o INSS e o MGI promovem uma <strong>moderniza\u00e7\u00e3o dos canais digitais<\/strong> \u2014 beneficiando especialmente <strong>\u00a0quem precisa autorizar terceiros \u2013 advogados, familiares ou representantes \u2013 a agir em seu nome<\/strong>, com controle e limites definidos pelo pr\u00f3prio segurado.\u00a0Veja a <a href=\"https:\/\/www.instagram.com\/p\/DRAlWHDD9m_\/?utm_source=ig_embed&amp;utm_campaign=loading&amp;img_index=5\" target=\"_blank\" rel=\"noopener\">postagem oficial no Instagram<\/a>.<\/p>\n<p>As informa\u00e7\u00f5es s\u00e3o do <a href=\"https:\/\/www.gov.br\/inss\/pt-br\" target=\"_blank\" rel=\"noopener\">INSS<\/a>.<\/p>\n<p>\t\t\t\t\t\t\t\t\t\t<img decoding=\"async\" src=\"https:\/\/brasil61.com\/api\/v1\/serve_pixel\/22254\/85844\" alt=\"Pixel Brasil 61\" class=\"b61_pixel\" width=\"0\" height=\"0\"><\/p>\n<div class=\"br61_backlink\">\n<p>\n\t\t\t\tFonte: <a href=\"https:\/\/brasil61.com\/como-funciona-a-procuracao-eletronica-do-meu-inss-veja-o-que-muda-para-os-usuarios-bras2515146\" title=\"Artigo Original: Como funciona a procura\u00e7\u00e3o eletr\u00f4nica do Meu INSS? Veja o que muda para os usu\u00e1rios\" target=\"_blank\" rel=\"noopener\">Brasil 61<\/a>\n\t\t\t<\/p>\n<\/p><\/div>\n<input type=\"hidden\" id=\"baseurl\" value=\"https:\/\/noticiasregionais.com.br\"><input type=\"hidden\" id=\"audio_nonce\" value=\"5c13e0637f\">","protected":false},"excerpt":{"rendered":"<p>A ferramenta permite autorizar algum representante sem a necessidade de compartilhar senha da conta do gov.br<\/p>\n","protected":false},"author":1,"featured_media":11074,"comment_status":"","ping_status":"open","sticky":false,"template":"","format":"standard","meta":{"sfsi_plus_gutenberg_text_before_share":"","sfsi_plus_gutenberg_show_text_before_share":"","sfsi_plus_gutenberg_icon_type":"","sfsi_plus_gutenberg_icon_alignemt":"","sfsi_plus_gutenburg_max_per_row":"","footnotes":""},"categories":[8],"tags":[],"class_list":["post-11073","post","type-post","status-publish","format-standard","has-post-thumbnail","hentry","category-brasil"],"_links":{"self":[{"href":"https:\/\/noticiasregionais.com.br\/index.php?rest_route=\/wp\/v2\/posts\/11073","targetHints":{"allow":["GET"]}}],"collection":[{"href":"https:\/\/noticiasregionais.com.br\/index.php?rest_route=\/wp\/v2\/posts"}],"about":[{"href":"https:\/\/noticiasregionais.com.br\/index.php?rest_route=\/wp\/v2\/types\/post"}],"author":[{"embeddable":true,"href":"https:\/\/noticiasregionais.com.br\/index.php?rest_route=\/wp\/v2\/users\/1"}],"replies":[{"embeddable":true,"href":"https:\/\/noticiasregionais.com.br\/index.php?rest_route=%2Fwp%2Fv2%2Fcomments&post=11073"}],"version-history":[{"count":0,"href":"https:\/\/noticiasregionais.com.br\/index.php?rest_route=\/wp\/v2\/posts\/11073\/revisions"}],"wp:featuredmedia":[{"embeddable":true,"href":"https:\/\/noticiasregionais.com.br\/index.php?rest_route=\/wp\/v2\/media\/11074"}],"wp:attachment":[{"href":"https:\/\/noticiasregionais.com.br\/index.php?rest_route=%2Fwp%2Fv2%2Fmedia&parent=11073"}],"wp:term":[{"taxonomy":"category","embeddable":true,"href":"https:\/\/noticiasregionais.com.br\/index.php?rest_route=%2Fwp%2Fv2%2Fcategories&post=11073"},{"taxonomy":"post_tag","embeddable":true,"href":"https:\/\/noticiasregionais.com.br\/index.php?rest_route=%2Fwp%2Fv2%2Ftags&post=11073"}],"curies":[{"name":"wp","href":"https:\/\/api.w.org\/{rel}","templated":true}]}}