{"id":11075,"date":"2025-11-17T04:25:00","date_gmt":"2025-11-17T07:25:00","guid":{"rendered":"https:\/\/noticiasregionais.com.br\/?p=11075"},"modified":"2025-11-17T04:25:00","modified_gmt":"2025-11-17T07:25:00","slug":"governo-federal-deve-aperfeicoar-formulacao-de-politicas-publicas-aponta-relatorio-do-tcu","status":"publish","type":"post","link":"https:\/\/noticiasregionais.com.br\/?p=11075","title":{"rendered":"Governo Federal deve aperfei\u00e7oar formula\u00e7\u00e3o de pol\u00edticas p\u00fablicas, aponta relat\u00f3rio do TCU"},"content":{"rendered":"<p>\t\t\t\t\t\t\t\t\t\t\t<audio controls class=\"b61_audio_player\" data-noticia=\"85839\" src=\"https:\/\/brasil61.com\/rails\/active_storage\/blobs\/eyJfcmFpbHMiOnsibWVzc2FnZSI6IkJBaHBBNkcvQXc9PSIsImV4cCI6bnVsbCwicHVyIjoiYmxvYl9pZCJ9fQ==--06ad6faff0073a2f6a80f53ca82f4f4ff8be0016\/BRAS2515144A\"><\/audio><\/p>\n<p>O <strong><a href=\"https:\/\/www.tcu.gov.br\/index.html\" target=\"_blank\" rel=\"noopener\">Tribunal de Contas da Uni\u00e3o (TCU)<\/a> identificou defici\u00eancias estruturais nos processos de formula\u00e7\u00e3o, implementa\u00e7\u00e3o e avalia\u00e7\u00e3o de pol\u00edticas p\u00fablicas do governo federal<\/strong>. A conclus\u00e3o consta no <a href=\"https:\/\/sites.tcu.gov.br\/relatorio-de-politicas\/\" target=\"_blank\" rel=\"noopener\">Relat\u00f3rio de Fiscaliza\u00e7\u00f5es em Pol\u00edticas e Programas de Governo (RePP)<\/a>, apresentado\u00a0em evento promovido pelas Consultorias de Or\u00e7amento do Senado (Conorf) e da C\u00e2mara dos Deputados.<\/p>\n<p>O estudo <strong>avaliou nove programas federais \u2014 entre eles <a href=\"https:\/\/www.gov.br\/mds\/pt-br\/acoes-e-programas\/bolsa-familia\" target=\"_blank\" rel=\"noopener\">Bolsa Fam\u00edlia<\/a>, <a href=\"https:\/\/www.gov.br\/saude\/pt-br\/composicao\/sgtes\/mais-medicos\" target=\"_blank\" rel=\"noopener\">Mais M\u00e9dicos<\/a> e <a href=\"https:\/\/www.gov.br\/inss\/pt-br\/direitos-e-deveres\/aposentadorias\/aposentadoria-por-idade-do-trabalhador-rural\" target=\"_blank\" rel=\"noopener\">Previd\u00eancia Social Rural<\/a> <\/strong>\u2014 e verificou <strong>fragilidades nos mecanismos de diagn\u00f3stico, defini\u00e7\u00e3o de objetivos e mensura\u00e7\u00e3o de resultados<\/strong>. Ao todo, o tribunal emitiu 42 recomenda\u00e7\u00f5es a minist\u00e9rios e \u00f3rg\u00e3os respons\u00e1veis, com o <strong>objetivo de fortalecer a governan\u00e7a p\u00fablica e aprimorar a efici\u00eancia do gasto.<\/strong><\/p>\n<p>Entre os principais pontos avaliados, o<strong> Bolsa Fam\u00edlia apresentou aus\u00eancia de crit\u00e9rios formais para equilibrar erros de inclus\u00e3o e exclus\u00e3o de benefici\u00e1rios, diagn\u00f3stico desatualizado sobre a pobreza no pa\u00eds e car\u00eancia de instrumentos de monitoramento<\/strong>. J\u00e1 no programa Mais M\u00e9dicos, os auditores registraram falta de clareza nos objetivos, insufici\u00eancia de indicadores e aus\u00eancia de comprova\u00e7\u00e3o de que o modelo adotado fosse a alternativa mais adequada \u00e0s necessidades identificadas.<\/p>\n<p>Os demais programas fiscalizados incluem a Pol\u00edtica Nacional Aldir Blanc, a Estrat\u00e9gia Rotas de Integra\u00e7\u00e3o Regional, a Pol\u00edtica Nacional de Manuten\u00e7\u00e3o Rodovi\u00e1ria, o Plano Setorial de Transporte Ferrovi\u00e1rio, o Plano Nacional de Seguran\u00e7a H\u00eddrica e a Pol\u00edtica Nacional de Seguran\u00e7a de Barragens.<\/p>\n<p>Durante a apresenta\u00e7\u00e3o, o consultor-geral da Conorf, Flavio Luz, destacou a import\u00e2ncia da integra\u00e7\u00e3o entre o TCU e o Parlamento na melhoria da qualidade do gasto p\u00fablico. &#8220;A aproxima\u00e7\u00e3o \u00e9 estrat\u00e9gica, pois permite inserir suporte t\u00e9cnico no debate pol\u00edtico e promover decis\u00f5es or\u00e7ament\u00e1rias baseadas em evid\u00eancias&#8221;, afirmou.<\/p>\n<p>A secret\u00e1ria-geral de Controle Externo do TCU, Juliana Pontes de Moraes, ressaltou que o<strong> objetivo das fiscaliza\u00e7\u00f5es \u00e9 gerar valor p\u00fablico e aumentar a confian\u00e7a da sociedade nas institui\u00e7\u00f5es.<\/strong> &#8220;N\u00e3o basta garantir a regularidade do or\u00e7amento; \u00e9 necess\u00e1rio que o conhecimento produzido pelo controle externo gere benef\u00edcios percept\u00edveis para a popula\u00e7\u00e3o&#8221;, disse.<\/p>\n<p><strong>O RePP busca contribuir para a profissionaliza\u00e7\u00e3o e o aprimoramento do ciclo de pol\u00edticas p\u00fablicas,<\/strong> assegurando que a aloca\u00e7\u00e3o de recursos federais <strong>resulte em maior efic\u00e1cia e efici\u00eancia na entrega de resultados \u00e0 sociedade<\/strong>. O relat\u00f3rio completo est\u00e1 dispon\u00edvel no portal do TCU (<a href=\"https:\/\/sites.tcu.gov.br\/relatorio-de-politicas\/\" rel=\"nofollow noopener\" target=\"_blank\">sites.tcu.gov.br\/relatorio-de-politicas<\/a>).<\/p>\n<p>\t\t\t\t\t\t\t\t\t\t<img decoding=\"async\" src=\"https:\/\/brasil61.com\/api\/v1\/serve_pixel\/22254\/85839\" alt=\"Pixel Brasil 61\" class=\"b61_pixel\" width=\"0\" height=\"0\"><\/p>\n<div class=\"br61_backlink\">\n<p>\n\t\t\t\tFonte: <a href=\"https:\/\/brasil61.com\/governo-federal-deve-aperfeicoar-formulacao-de-politicas-publicas-aponta-relatorio-do-tcu-bras2515144\" title=\"Artigo Original: Governo Federal deve aperfei\u00e7oar formula\u00e7\u00e3o de pol\u00edticas p\u00fablicas, aponta relat\u00f3rio do TCU\" target=\"_blank\" rel=\"noopener\">Brasil 61<\/a>\n\t\t\t<\/p>\n<\/p><\/div>\n<input type=\"hidden\" id=\"baseurl\" value=\"https:\/\/noticiasregionais.com.br\"><input type=\"hidden\" id=\"audio_nonce\" value=\"296231ceac\">","protected":false},"excerpt":{"rendered":"<p>Estudo avaliou nove programas federais \u2014 entre eles Bolsa Fam\u00edlia, Mais M\u00e9dicos e Previd\u00eancia Social Rural \u2014 e verificou fragilidades<\/p>\n","protected":false},"author":1,"featured_media":11076,"comment_status":"","ping_status":"open","sticky":false,"template":"","format":"standard","meta":{"sfsi_plus_gutenberg_text_before_share":"","sfsi_plus_gutenberg_show_text_before_share":"","sfsi_plus_gutenberg_icon_type":"","sfsi_plus_gutenberg_icon_alignemt":"","sfsi_plus_gutenburg_max_per_row":"","footnotes":""},"categories":[8],"tags":[],"class_list":["post-11075","post","type-post","status-publish","format-standard","has-post-thumbnail","hentry","category-brasil"],"_links":{"self":[{"href":"https:\/\/noticiasregionais.com.br\/index.php?rest_route=\/wp\/v2\/posts\/11075","targetHints":{"allow":["GET"]}}],"collection":[{"href":"https:\/\/noticiasregionais.com.br\/index.php?rest_route=\/wp\/v2\/posts"}],"about":[{"href":"https:\/\/noticiasregionais.com.br\/index.php?rest_route=\/wp\/v2\/types\/post"}],"author":[{"embeddable":true,"href":"https:\/\/noticiasregionais.com.br\/index.php?rest_route=\/wp\/v2\/users\/1"}],"replies":[{"embeddable":true,"href":"https:\/\/noticiasregionais.com.br\/index.php?rest_route=%2Fwp%2Fv2%2Fcomments&post=11075"}],"version-history":[{"count":0,"href":"https:\/\/noticiasregionais.com.br\/index.php?rest_route=\/wp\/v2\/posts\/11075\/revisions"}],"wp:featuredmedia":[{"embeddable":true,"href":"https:\/\/noticiasregionais.com.br\/index.php?rest_route=\/wp\/v2\/media\/11076"}],"wp:attachment":[{"href":"https:\/\/noticiasregionais.com.br\/index.php?rest_route=%2Fwp%2Fv2%2Fmedia&parent=11075"}],"wp:term":[{"taxonomy":"category","embeddable":true,"href":"https:\/\/noticiasregionais.com.br\/index.php?rest_route=%2Fwp%2Fv2%2Fcategories&post=11075"},{"taxonomy":"post_tag","embeddable":true,"href":"https:\/\/noticiasregionais.com.br\/index.php?rest_route=%2Fwp%2Fv2%2Ftags&post=11075"}],"curies":[{"name":"wp","href":"https:\/\/api.w.org\/{rel}","templated":true}]}}