{"id":11089,"date":"2025-11-18T04:05:00","date_gmt":"2025-11-18T07:05:00","guid":{"rendered":"https:\/\/noticiasregionais.com.br\/?p=11089"},"modified":"2025-11-18T04:05:00","modified_gmt":"2025-11-18T07:05:00","slug":"cafe-hoje-confira-as-cotacoes-para-terca-feira-18","status":"publish","type":"post","link":"https:\/\/noticiasregionais.com.br\/?p=11089","title":{"rendered":"Caf\u00e9 hoje: confira as cota\u00e7\u00f5es para ter\u00e7a-feira (18)"},"content":{"rendered":"<p>\t\t\t\t\t\t\t\t\t\t\t<audio controls class=\"b61_audio_player\" data-noticia=\"85894\" src=\"https:\/\/brasil61.com\/rails\/active_storage\/blobs\/eyJfcmFpbHMiOnsibWVzc2FnZSI6IkJBaHBBNmJBQXc9PSIsImV4cCI6bnVsbCwicHVyIjoiYmxvYl9pZCJ9fQ==--cb84f31fb1e2f47e35c04641d2370bac3ec3f099\/PAGR255932A\"><\/audio><\/p>\n<p>O pre\u00e7o do caf\u00e9 ar\u00e1bica nesta ter\u00e7a-feira (18) registra aumento de 0,12% e a saca de 60 kg \u00e9 negociada por R$2.207,42, na cidade de S\u00e3o Paulo.<\/p>\n<p><strong>INDICADOR DO CAF\u00c9 AR\u00c1BICA CEPEA\/ESALQ<\/strong><\/p>\n<table id=\"imagenet-indicador1\">\n<thead>\n<tr>\n<th>Data<\/th>\n<th>Valor R$<\/th>\n<th>Var.\/Dia<\/th>\n<th>Var.\/M\u00eas<\/th>\n<th>Valor US$<\/th>\n<\/tr>\n<\/thead>\n<tbody>\n<tr>\n<td>17\/11\/2025<\/td>\n<td>2.207,42<\/td>\n<td>0,12%<\/td>\n<td>0,04%<\/td>\n<td>414,46<\/td>\n<\/tr>\n<tr>\n<td>14\/11\/2025<\/td>\n<td>2.204,71<\/td>\n<td>-0,63%<\/td>\n<td>-0,09%<\/td>\n<td>416,06<\/td>\n<\/tr>\n<tr>\n<td>13\/11\/2025<\/td>\n<td>2.218,70<\/td>\n<td>-1,00%<\/td>\n<td>0,55%<\/td>\n<td>418,86<\/td>\n<\/tr>\n<tr>\n<td>12\/11\/2025<\/td>\n<td>2.241,18<\/td>\n<td>-2,32%<\/td>\n<td>1,57%<\/td>\n<td>423,42<\/td>\n<\/tr>\n<tr>\n<td>11\/11\/2025<\/td>\n<td>2.294,47<\/td>\n<td>0,14%<\/td>\n<td>3,98%<\/td>\n<td>435,38<\/td>\n<\/tr>\n<\/tbody>\n<\/table>\n<p>O caf\u00e9 robusta apresentou alta de 2,29% e est\u00e1 sendo negociado a R$ 1.346,38.<\/p>\n<p><b>INDICADOR DO CAF\u00c9 ROBUSTA CEPEA\/ESALQ<\/b><\/p>\n<table id=\"imagenet-indicador2\">\n<thead>\n<tr>\n<th>Data<\/th>\n<th>Valor R$<\/th>\n<th>Var.\/Dia<\/th>\n<th>Var.\/M\u00eas<\/th>\n<th>Valor US$<\/th>\n<\/tr>\n<\/thead>\n<tbody>\n<tr>\n<td>17\/11\/2025<\/td>\n<td>1.346,38<\/td>\n<td>2,29%<\/td>\n<td>-4,23%<\/td>\n<td>252,79<\/td>\n<\/tr>\n<tr>\n<td>14\/11\/2025<\/td>\n<td>1.316,18<\/td>\n<td>-2,18%<\/td>\n<td>-6,38%<\/td>\n<td>248,38<\/td>\n<\/tr>\n<tr>\n<td>13\/11\/2025<\/td>\n<td>1.345,51<\/td>\n<td>-0,35%<\/td>\n<td>-4,30%<\/td>\n<td>254,01<\/td>\n<\/tr>\n<tr>\n<td>12\/11\/2025<\/td>\n<td>1.350,22<\/td>\n<td>-2,17%<\/td>\n<td>-3,96%<\/td>\n<td>255,10<\/td>\n<\/tr>\n<tr>\n<td>11\/11\/2025<\/td>\n<td>1.380,12<\/td>\n<td>-0,99%<\/td>\n<td>-1,83%<\/td>\n<td>261,88<\/td>\n<\/tr>\n<\/tbody>\n<\/table>\n<h2>A\u00e7\u00facar<\/h2>\n<p>O pre\u00e7o do a\u00e7\u00facar cristal apresenta baixa nas principais pra\u00e7as do estado de S\u00e3o Paulo. Na capital, a saca de 50 kg apresenta queda de 0,15%, cotada a R$106,25.<\/p>\n<p><strong>INDICADOR DO A\u00c7\u00daCAR CRISTAL BRANCO CEPEA\/ESALQ &#8211; S\u00c3O PAULO<\/strong><\/p>\n<table id=\"imagenet-indicador3\">\n<thead>\n<tr>\n<th>Data<\/th>\n<th>Valor R$*<\/th>\n<th>Var.\/Dia<\/th>\n<th>Var.\/M\u00eas<\/th>\n<th>Valor US$*<\/th>\n<\/tr>\n<\/thead>\n<tbody>\n<tr>\n<td>17\/11\/2025<\/td>\n<td>106,25<\/td>\n<td>-0,15%<\/td>\n<td>-6,51%<\/td>\n<td>19,95<\/td>\n<\/tr>\n<tr>\n<td>14\/11\/2025<\/td>\n<td>106,41<\/td>\n<td>-0,61%<\/td>\n<td>-6,37%<\/td>\n<td>20,08<\/td>\n<\/tr>\n<tr>\n<td>13\/11\/2025<\/td>\n<td>107,06<\/td>\n<td>-0,07%<\/td>\n<td>-5,80%<\/td>\n<td>20,21<\/td>\n<\/tr>\n<tr>\n<td>12\/11\/2025<\/td>\n<td>107,14<\/td>\n<td>-1,44%<\/td>\n<td>-5,73%<\/td>\n<td>20,24<\/td>\n<\/tr>\n<tr>\n<td>11\/11\/2025<\/td>\n<td>108,71<\/td>\n<td>0,81%<\/td>\n<td>-4,35%<\/td>\n<td>20,63<\/td>\n<\/tr>\n<\/tbody>\n<\/table>\n<p>Em Santos (SP), a mercadoria \u00e9 negociada a R$ 112,13; a cota\u00e7\u00e3o m\u00e9dia registra baixa de 0,72%.<\/p>\n<p><b>INDICADOR A\u00c7\u00daCAR CRISTAL &#8211; SANTOS\u00a0<\/b><\/p>\n<table id=\"imagenet-indicador4\">\n<thead>\n<tr>\n<th>Data<\/th>\n<th>Valor R$*<\/th>\n<th>Var.\/Dia<\/th>\n<th>Var.\/M\u00eas<\/th>\n<th>Valor US$*<\/th>\n<\/tr>\n<\/thead>\n<tbody>\n<tr>\n<td>17\/11\/2025<\/td>\n<td>112,13<\/td>\n<td>-0,72%<\/td>\n<td>2,97%<\/td>\n<td>21,11<\/td>\n<\/tr>\n<tr>\n<td>14\/11\/2025<\/td>\n<td>112,94<\/td>\n<td>3,31%<\/td>\n<td>3,71%<\/td>\n<td>21,33<\/td>\n<\/tr>\n<tr>\n<td>13\/11\/2025<\/td>\n<td>109,32<\/td>\n<td>-0,35%<\/td>\n<td>0,39%<\/td>\n<td>20,70<\/td>\n<\/tr>\n<tr>\n<td>12\/11\/2025<\/td>\n<td>109,70<\/td>\n<td>1,20%<\/td>\n<td>0,73%<\/td>\n<td>20,74<\/td>\n<\/tr>\n<tr>\n<td>11\/11\/2025<\/td>\n<td>108,40<\/td>\n<td>0,32%<\/td>\n<td>-0,46%<\/td>\n<td>20,56<\/td>\n<\/tr>\n<\/tbody>\n<\/table>\n<h2>Milho<\/h2>\n<p>A saca de 60 kg do milho \u00e9 negociada a R$67,62, com alta de 0,15%.<\/p>\n<p><b>INDICADOR DO MILHO ESALQ\/BM&amp;FBOVESPA<\/b><\/p>\n<table id=\"imagenet-indicador5\">\n<thead>\n<tr>\n<th>Data<\/th>\n<th>Valor R$*<\/th>\n<th>Var.\/Dia<\/th>\n<th>Var.\/M\u00eas<\/th>\n<th>Valor US$*<\/th>\n<\/tr>\n<\/thead>\n<tbody>\n<tr>\n<td>17\/11\/2025<\/td>\n<td>67,62<\/td>\n<td>0,15%<\/td>\n<td>2,22%<\/td>\n<td>12,70<\/td>\n<\/tr>\n<tr>\n<td>14\/11\/2025<\/td>\n<td>67,52<\/td>\n<td>0,09%<\/td>\n<td>2,07%<\/td>\n<td>12,74<\/td>\n<\/tr>\n<tr>\n<td>13\/11\/2025<\/td>\n<td>67,46<\/td>\n<td>0,15%<\/td>\n<td>1,98%<\/td>\n<td>12,73<\/td>\n<\/tr>\n<tr>\n<td>12\/11\/2025<\/td>\n<td>67,36<\/td>\n<td>0,03%<\/td>\n<td>1,83%<\/td>\n<td>12,73<\/td>\n<\/tr>\n<tr>\n<td>11\/11\/2025<\/td>\n<td>67,34<\/td>\n<td>0,04%<\/td>\n<td>1,80%<\/td>\n<td>12,78<\/td>\n<\/tr>\n<\/tbody>\n<\/table>\n<p>\u00a0<\/p>\n<p>\u00a0<\/p>\n<\/p>\n<p>Os dados s\u00e3o do <a href=\"https:\/\/www.cepea.org.br\/br\/indicador\/milho.aspx\" target=\"_blank\" rel=\"noopener\">Cepea<\/a>.<\/p>\n<h2>Diferen\u00e7a entre caf\u00e9 ar\u00e1bica e caf\u00e9 robusta: caracter\u00edsticas, uso e regi\u00f5es produtoras<\/h2>\n<p>Caf\u00e9 ar\u00e1bica e caf\u00e9 robusta s\u00e3o as duas principais variedades cultivadas e comercializadas no Brasil, ambas medidas em sacas de 60 kg.<\/p>\n<ul>\n<li>O caf\u00e9 ar\u00e1bica (conhecido tamb\u00e9m como caf\u00e9 Conilon, em algumas regi\u00f5es) tem sabor mais suave, menor teor de cafe\u00edna e alta qualidade sensorial, sendo preferido em cafeterias especializadas e nas exporta\u00e7\u00f5es de caf\u00e9s premium. Representa cerca de 70% da produ\u00e7\u00e3o brasileira, com destaque para estados como Minas Gerais e S\u00e3o Paulo.<\/li>\n<li>O caf\u00e9 robusta, por sua vez, possui sabor mais amargo, maior concentra\u00e7\u00e3o de cafe\u00edna e corpo mais intenso. \u00c9 amplamente utilizado na produ\u00e7\u00e3o de caf\u00e9 sol\u00favel e blends comerciais. Seus principais polos produtores s\u00e3o o Esp\u00edrito Santo e Rond\u00f4nia, e seu pre\u00e7o costuma ser mais baixo em compara\u00e7\u00e3o ao ar\u00e1bica, por conta do perfil mais industrial.<\/li>\n<\/ul>\n<p>Como \u00e9 calculada a saca de a\u00e7\u00facar cristal?<br \/>\nA saca de a\u00e7\u00facar cristal no Brasil \u00e9 padronizada em 50 quilos, especialmente para comercializa\u00e7\u00e3o no mercado atacadista e para uso na ind\u00fastria aliment\u00edcia. Essa unidade de medida \u00e9 adotada pelo <a href=\"https:\/\/www.cepea.org.br\/br\/indicador\/milho.aspx\" target=\"_blank\" rel=\"noopener\">Cepea\/Esalq-USP<\/a>, principal fonte de cota\u00e7\u00f5es di\u00e1rias do a\u00e7\u00facar cristal no pa\u00eds.<\/p>\n<p>Qual o peso da saca de milho no Brasil?<\/p>\n<p>A saca de milho equivale a 60 kg de gr\u00e3os, mesmo padr\u00e3o utilizado para soja e trigo. Essa medida \u00e9 oficializada por institui\u00e7\u00f5es como a Companhia Nacional de Abastecimento (<a href=\"https:\/\/portaldeinformacoes.conab.gov.br\/produtos-360.html\" target=\"_blank\" rel=\"noopener\">Conab<\/a>), o Minist\u00e9rio da Agricultura (<a href=\"https:\/\/www.gov.br\/agricultura\/pt-br\" target=\"_blank\" rel=\"noopener\">MAPA<\/a>) e o <a href=\"https:\/\/www.cepea.org.br\/br\/indicador\/milho.aspx\" target=\"_blank\" rel=\"noopener\">Cepea<\/a>, sendo amplamente usada em negocia\u00e7\u00f5es e relat\u00f3rios de pre\u00e7o do milho.<br \/>\n\u00a0<\/p>\n<p>\t\t\t\t\t\t\t\t\t\t<img decoding=\"async\" src=\"https:\/\/brasil61.com\/api\/v1\/serve_pixel\/22254\/85894\" alt=\"Pixel Brasil 61\" class=\"b61_pixel\" width=\"0\" height=\"0\"><\/p>\n<div class=\"br61_backlink\">\n<p>\n\t\t\t\tFonte: <a href=\"https:\/\/brasil61.com\/cafe-hoje-confira-as-cotacoes-para-terca-feira-18-pagr255932\" title=\"Artigo Original: Caf\u00e9 hoje: confira as cota\u00e7\u00f5es para ter\u00e7a-feira (18)\" target=\"_blank\" rel=\"noopener\">Brasil 61<\/a>\n\t\t\t<\/p>\n<\/p><\/div>\n<input type=\"hidden\" id=\"baseurl\" value=\"https:\/\/noticiasregionais.com.br\"><input type=\"hidden\" id=\"audio_nonce\" value=\"5c13e0637f\">","protected":false},"excerpt":{"rendered":"<p>Veja os valores do caf\u00e9 ar\u00e1bica, caf\u00e9 robusta, a\u00e7\u00facar cristal e do milho no mercado<\/p>\n","protected":false},"author":1,"featured_media":11090,"comment_status":"","ping_status":"open","sticky":false,"template":"","format":"standard","meta":{"sfsi_plus_gutenberg_text_before_share":"","sfsi_plus_gutenberg_show_text_before_share":"","sfsi_plus_gutenberg_icon_type":"","sfsi_plus_gutenberg_icon_alignemt":"","sfsi_plus_gutenburg_max_per_row":"","footnotes":""},"categories":[8],"tags":[],"class_list":["post-11089","post","type-post","status-publish","format-standard","has-post-thumbnail","hentry","category-brasil"],"_links":{"self":[{"href":"https:\/\/noticiasregionais.com.br\/index.php?rest_route=\/wp\/v2\/posts\/11089","targetHints":{"allow":["GET"]}}],"collection":[{"href":"https:\/\/noticiasregionais.com.br\/index.php?rest_route=\/wp\/v2\/posts"}],"about":[{"href":"https:\/\/noticiasregionais.com.br\/index.php?rest_route=\/wp\/v2\/types\/post"}],"author":[{"embeddable":true,"href":"https:\/\/noticiasregionais.com.br\/index.php?rest_route=\/wp\/v2\/users\/1"}],"replies":[{"embeddable":true,"href":"https:\/\/noticiasregionais.com.br\/index.php?rest_route=%2Fwp%2Fv2%2Fcomments&post=11089"}],"version-history":[{"count":0,"href":"https:\/\/noticiasregionais.com.br\/index.php?rest_route=\/wp\/v2\/posts\/11089\/revisions"}],"wp:featuredmedia":[{"embeddable":true,"href":"https:\/\/noticiasregionais.com.br\/index.php?rest_route=\/wp\/v2\/media\/11090"}],"wp:attachment":[{"href":"https:\/\/noticiasregionais.com.br\/index.php?rest_route=%2Fwp%2Fv2%2Fmedia&parent=11089"}],"wp:term":[{"taxonomy":"category","embeddable":true,"href":"https:\/\/noticiasregionais.com.br\/index.php?rest_route=%2Fwp%2Fv2%2Fcategories&post=11089"},{"taxonomy":"post_tag","embeddable":true,"href":"https:\/\/noticiasregionais.com.br\/index.php?rest_route=%2Fwp%2Fv2%2Ftags&post=11089"}],"curies":[{"name":"wp","href":"https:\/\/api.w.org\/{rel}","templated":true}]}}