{"id":11093,"date":"2025-11-18T04:20:00","date_gmt":"2025-11-18T07:20:00","guid":{"rendered":"https:\/\/noticiasregionais.com.br\/?p=11093"},"modified":"2025-11-18T04:20:00","modified_gmt":"2025-11-18T07:20:00","slug":"abono-salarial-pis-pasep-veja-as-novas-regras-a-partir-de-2026","status":"publish","type":"post","link":"https:\/\/noticiasregionais.com.br\/?p=11093","title":{"rendered":"Abono salarial PIS\/PASEP: veja as novas regras a partir de 2026"},"content":{"rendered":"<p>\t\t\t\t\t\t\t\t\t\t\t<audio controls class=\"b61_audio_player\" data-noticia=\"85890\" src=\"https:\/\/brasil61.com\/rails\/active_storage\/blobs\/eyJfcmFpbHMiOnsibWVzc2FnZSI6IkJBaHBBNVBBQXc9PSIsImV4cCI6bnVsbCwicHVyIjoiYmxvYl9pZCJ9fQ==--caa6e567abc817b517302e40a440edf890adf884\/BRAS2515163A\"><\/audio><\/p>\n<p>O abono salarial <strong><a href=\"https:\/\/www.gov.br\/tesouronacional\/pt-br\/ativos-da-uniao\/fundos-governamentais\/pis-pasep\" target=\"_blank\" rel=\"noopener\">PIS\/PASEP<\/a> passar\u00e1 por mudan\u00e7as importantes a partir de 2026<\/strong>, com impacto gradual sobre quem tem direito ao benef\u00edcio. As novas regras foram promulgadas pela <a href=\"https:\/\/www.planalto.gov.br\/ccivil_03\/constituicao\/Emendas\/Emc\/emc135.htm\" target=\"_blank\" rel=\"noopener\">Emenda Constitucional 135\/2024<\/a>, como parte do <strong>pacote fiscal para conter despesas p\u00fablicas.<\/strong><\/p>\n<h2>O que muda<\/h2>\n<ul>\n<li>Atualmente, o <strong>limite para receber o abono \u00e9 de at\u00e9 dois sal\u00e1rios m\u00ednimos.<\/strong><\/li>\n<li>A partir de 2026, esse valor deixar\u00e1 de ser reajustado pelo\u00a0sal\u00e1rio m\u00ednimo e <strong>passar\u00e1 a ser corrigido apenas pela infla\u00e7\u00e3o (INPC).\u00a0<\/strong><\/li>\n<li>Esse crit\u00e9rio ser\u00e1 aplicado de forma gradual: o teto \u201cinflacionado\u201d vai diminuindo em rela\u00e7\u00e3o ao sal\u00e1rio m\u00ednimo real ao longo dos anos, <strong>at\u00e9 chegar a 1,5 sal\u00e1rio m\u00ednimo, estimado para 2035.<\/strong><\/li>\n<\/ul>\n<h2>Quem pode perder o direito<\/h2>\n<ul>\n<li>Com a transi\u00e7\u00e3o, menos trabalhadores v\u00e3o se enquadrar nos requisitos.\u00a0<\/li>\n<li>A previs\u00e3o do governo \u00e9 que, com o tempo, o abono seja reservado principalmente aos que t\u00eam rendimentos mais baixos.<\/li>\n<li>N\u00e3o h\u00e1 mudan\u00e7a nos demais requisitos para receber: \u00e9 necess\u00e1rio:<\/li>\n<\/ul>\n<ol>\n<li>estar inscrito no <a href=\"https:\/\/www.gov.br\/tesouronacional\/pt-br\/ativos-da-uniao\/fundos-governamentais\/pis-pasep\" target=\"_blank\" rel=\"noopener\">PIS\/PASEP<\/a> h\u00e1 pelo menos 5 anos;<\/li>\n<li>ter trabalhado ao menos 30 dias no ano-base;<\/li>\n<li>ter seus dados informados corretamente na RAIS ou no eSocial.\u00a0<\/li>\n<\/ol>\n<h2>O que permanece igual<\/h2>\n<ul>\n<li>O valor m\u00e1ximo do abono seguir\u00e1 sendo de at\u00e9 um sal\u00e1rio m\u00ednimo.\u00a0<\/li>\n<li>O pagamento continuar\u00e1 sendo feito pela Caixa Econ\u00f4mica Federal (<a href=\"https:\/\/www.gov.br\/tesouronacional\/pt-br\/ativos-da-uniao\/fundos-governamentais\/pis-pasep\" target=\"_blank\" rel=\"noopener\">PIS<\/a>) e pelo Banco do Brasil (<a href=\"https:\/\/www.gov.br\/tesouronacional\/pt-br\/ativos-da-uniao\/fundos-governamentais\/pis-pasep\" target=\"_blank\" rel=\"noopener\">PASEP<\/a>), conforme as regras vigentes.\u00a0<\/li>\n<li>Para consultas, os trabalhadores podem usar a <a href=\"https:\/\/www.gov.br\/pt-br\/temas\/carteira-de-trabalho-digital\" target=\"_blank\" rel=\"noopener\">Carteira de Trabalho Digital<\/a>, o portal <a href=\"https:\/\/www.gov.br\/pt-br\" target=\"_blank\" rel=\"noopener\">Gov.br<\/a> ou ligar para o \u201cAl\u00f4 Trabalho\u201d (158).\u00a0<\/li>\n<\/ul>\n<h2>Impacto imediato (calend\u00e1rio 2025)<\/h2>\n<ul>\n<li>As mudan\u00e7as n\u00e3o afetam quem vai receber o abono em 2025. Segundo especialistas, o calend\u00e1rio de pagamento de 2025 ainda vigora sob as regras antigas.\u00a0<\/li>\n<li>Em 2025, o teto utilizado para elegibilidade foi R$ 2.640, equivalente a dois sal\u00e1rios m\u00ednimos do ano-base de 2023.\u00a0<\/li>\n<\/ul>\n<h2>Por que as regras mudaram?<\/h2>\n<ul>\n<li>A altera\u00e7\u00e3o visa <strong>reduzir os custos do governo e tornar o programa mais focado nos trabalhadores de baixa renda.\u00a0<\/strong><\/li>\n<li>Se o teto do <a href=\"http:\/\/PASEP\">PIS\/PASEP<\/a> continuasse vinculado ao sal\u00e1rio m\u00ednimo (que tende a crescer acima da infla\u00e7\u00e3o), haveria aumento no n\u00famero de benefici\u00e1rios e, consequentemente, nas despesas p\u00fablicas.<\/li>\n<\/ul>\n<h2>Como acompanhar<\/h2>\n<ul>\n<li>A defini\u00e7\u00e3o do calend\u00e1rio de pagamentos para 2026 ser\u00e1 feita pelo <a href=\"https:\/\/portalfat.mte.gov.br\/\" target=\"_blank\" rel=\"noopener\">Codefat (Conselho Deliberativo do Fundo de Amparo ao Trabalhador)<\/a>.<\/li>\n<li>Para mais informa\u00e7\u00f5es, os trabalhadores devem consultar fontes oficiais do <a href=\"https:\/\/www.gov.br\/trabalho-e-emprego\/pt-br\" target=\"_blank\" rel=\"noopener\">Minist\u00e9rio do Trabalho e Emprego<\/a> e do <a href=\"https:\/\/www.gov.br\/mds\/pt-br\/acoes-e-programas\/fundo-de-amparo-ao-trabalhador-fat\" target=\"_blank\" rel=\"noopener\">FAT<\/a>.<br \/>\n\t\u00a0<\/li>\n<\/ul>\n<p>\t\t\t\t\t\t\t\t\t\t<img decoding=\"async\" src=\"https:\/\/brasil61.com\/api\/v1\/serve_pixel\/22254\/85890\" alt=\"Pixel Brasil 61\" class=\"b61_pixel\" width=\"0\" height=\"0\"><\/p>\n<div class=\"br61_backlink\">\n<p>\n\t\t\t\tFonte: <a href=\"https:\/\/brasil61.com\/abono-salarial-pis-pasep-veja-as-novas-regras-a-partir-de-2026-bras2515163\" title=\"Artigo Original: Abono salarial PIS\/PASEP: veja as novas regras a partir de 2026\" target=\"_blank\" rel=\"noopener\">Brasil 61<\/a>\n\t\t\t<\/p>\n<\/p><\/div>\n<input type=\"hidden\" id=\"baseurl\" value=\"https:\/\/noticiasregionais.com.br\"><input type=\"hidden\" id=\"audio_nonce\" value=\"533fbb67b1\">","protected":false},"excerpt":{"rendered":"<p>Quem perde, quem mant\u00e9m direito e as mudan\u00e7as do abono salarial para o ano que vem<\/p>\n","protected":false},"author":1,"featured_media":11094,"comment_status":"","ping_status":"open","sticky":false,"template":"","format":"standard","meta":{"sfsi_plus_gutenberg_text_before_share":"","sfsi_plus_gutenberg_show_text_before_share":"","sfsi_plus_gutenberg_icon_type":"","sfsi_plus_gutenberg_icon_alignemt":"","sfsi_plus_gutenburg_max_per_row":"","footnotes":""},"categories":[8],"tags":[],"class_list":["post-11093","post","type-post","status-publish","format-standard","has-post-thumbnail","hentry","category-brasil"],"_links":{"self":[{"href":"https:\/\/noticiasregionais.com.br\/index.php?rest_route=\/wp\/v2\/posts\/11093","targetHints":{"allow":["GET"]}}],"collection":[{"href":"https:\/\/noticiasregionais.com.br\/index.php?rest_route=\/wp\/v2\/posts"}],"about":[{"href":"https:\/\/noticiasregionais.com.br\/index.php?rest_route=\/wp\/v2\/types\/post"}],"author":[{"embeddable":true,"href":"https:\/\/noticiasregionais.com.br\/index.php?rest_route=\/wp\/v2\/users\/1"}],"replies":[{"embeddable":true,"href":"https:\/\/noticiasregionais.com.br\/index.php?rest_route=%2Fwp%2Fv2%2Fcomments&post=11093"}],"version-history":[{"count":0,"href":"https:\/\/noticiasregionais.com.br\/index.php?rest_route=\/wp\/v2\/posts\/11093\/revisions"}],"wp:featuredmedia":[{"embeddable":true,"href":"https:\/\/noticiasregionais.com.br\/index.php?rest_route=\/wp\/v2\/media\/11094"}],"wp:attachment":[{"href":"https:\/\/noticiasregionais.com.br\/index.php?rest_route=%2Fwp%2Fv2%2Fmedia&parent=11093"}],"wp:term":[{"taxonomy":"category","embeddable":true,"href":"https:\/\/noticiasregionais.com.br\/index.php?rest_route=%2Fwp%2Fv2%2Fcategories&post=11093"},{"taxonomy":"post_tag","embeddable":true,"href":"https:\/\/noticiasregionais.com.br\/index.php?rest_route=%2Fwp%2Fv2%2Ftags&post=11093"}],"curies":[{"name":"wp","href":"https:\/\/api.w.org\/{rel}","templated":true}]}}