{"id":11097,"date":"2025-11-18T04:30:00","date_gmt":"2025-11-18T07:30:00","guid":{"rendered":"https:\/\/noticiasregionais.com.br\/?p=11097"},"modified":"2025-11-18T04:30:00","modified_gmt":"2025-11-18T07:30:00","slug":"programa-orla-municipios-costeiros-podem-ganhar-reforco-para-planejamento-da-infraestrutura","status":"publish","type":"post","link":"https:\/\/noticiasregionais.com.br\/?p=11097","title":{"rendered":"Programa Orla: munic\u00edpios costeiros podem ganhar refor\u00e7o para planejamento da infraestrutura"},"content":{"rendered":"<p>\t\t\t\t\t\t\t\t\t\t\t<audio controls class=\"b61_audio_player\" data-noticia=\"85891\" src=\"https:\/\/brasil61.com\/rails\/active_storage\/blobs\/eyJfcmFpbHMiOnsibWVzc2FnZSI6IkJBaHBBNWJBQXc9PSIsImV4cCI6bnVsbCwicHVyIjoiYmxvYl9pZCJ9fQ==--9001913acc40584a2f15927e79c73ef5b66a72cb\/BRAS2515164A\"><\/audio><\/p>\n<p>O governo federal formalizou na \u00faltima sexta-feira (14), durante a COP 30, um novo<strong> Acordo de Coopera\u00e7\u00e3o T\u00e9cnica (ACT) que d\u00e1 ao Projeto Orla um novo status: a iniciativa passa a ser tratada como Programa Orla<\/strong>. A proposta \u00e9 <strong>apoiar munic\u00edpios no planejamento e na gest\u00e3o sustent\u00e1vel das \u00e1reas costeiras<\/strong>, com foco em i<strong>nfraestrutura e projetos ambientais.<\/strong><\/p>\n<p>O ACT prev\u00ea o <strong>compartilhamento de informa\u00e7\u00f5es e experi\u00eancias entre diferentes \u00f3rg\u00e3os e parceiros<\/strong> para orientar a execu\u00e7\u00e3o do programa. Um Comit\u00ea Gestor ser\u00e1 criado com representantes de todas as pastas envolvidas. Caber\u00e1 ao grupo <strong>organizar a governan\u00e7a, definir rotinas de trabalho, coordenar a\u00e7\u00f5es e preparar o instrumento legal que vai consolidar o Programa Orla<\/strong>.<\/p>\n<p>O acordo foi assinado pelos minist\u00e9rios de Gest\u00e3o e Inova\u00e7\u00e3o em Servi\u00e7os P\u00fablicos, Meio Ambiente e Mudan\u00e7a do Clima, Turismo, Cidades e Integra\u00e7\u00e3o e Desenvolvimento Regional. A partir de agora, as <strong>pastas passam a atuar de forma conjunta para estruturar o programa e ampliar a coopera\u00e7\u00e3o federativa na gest\u00e3o das costas brasileiras<\/strong>.<\/p>\n<p>A cerim\u00f4nia ocorreu no espa\u00e7o do Minist\u00e9rio do Turismo, na Zona Verde da COP 30, com a presen\u00e7a de representantes do governo federal e de entidades ligadas \u00e0 gest\u00e3o costeira.<\/p>\n<h2>Projeto Orla<\/h2>\n<p>Criado pela Secretaria do Patrim\u00f4nio da Uni\u00e3o em parceria com o Minist\u00e9rio do Meio Ambiente, o Minist\u00e9rio das Cidades e o Minist\u00e9rio da Integra\u00e7\u00e3o e Desenvolvimento Regional, o Projeto Orla <strong>tem como foco apoiar estados e munic\u00edpios na gest\u00e3o qualificada de suas praias<\/strong>. A principal ferramenta \u00e9 o Plano de Gest\u00e3o Integrada (PGI), que<strong> identifica problemas, avalia tend\u00eancias e orienta a\u00e7\u00f5es para promover um desenvolvimento ambiental, urban\u00edstico e social mais equilibrado.<\/strong><\/p>\n<p>O programa tamb\u00e9m <strong>permite que munic\u00edpios assumam mais autonomia sobre suas praias por meio do Termo de Ades\u00e3o \u00e0 Gest\u00e3o de Praias.<\/strong> A medida abre espa\u00e7o para<strong> melhorar o uso econ\u00f4mico dessas \u00e1reas de forma sustent\u00e1vel, ampliar receitas locais e gerar empregos e renda.<\/strong><\/p>\n<p>Com informa\u00e7\u00f5es do <a href=\"https:\/\/www.gov.br\/gestao\/pt-br\/assuntos\/noticias\/2025\/novembro\/governo-federal-lanca-pacto-interministerial-na-cop30-para-modernizar-a-gestao-das-praias-brasileiras-por-meio-do-programa-orla\" target=\"_blank\" rel=\"noopener\">governo federal<\/a>.<\/p>\n<p>\t\t\t\t\t\t\t\t\t\t<img decoding=\"async\" src=\"https:\/\/brasil61.com\/api\/v1\/serve_pixel\/22254\/85891\" alt=\"Pixel Brasil 61\" class=\"b61_pixel\" width=\"0\" height=\"0\"><\/p>\n<div class=\"br61_backlink\">\n<p>\n\t\t\t\tFonte: <a href=\"https:\/\/brasil61.com\/programa-orla-municipios-costeiros-podem-ganhar-reforco-para-planejamento-da-infraestrutura-bras2515164\" title=\"Artigo Original: Programa Orla: munic\u00edpios costeiros podem ganhar refor\u00e7o para planejamento da infraestrutura\" target=\"_blank\" rel=\"noopener\">Brasil 61<\/a>\n\t\t\t<\/p>\n<\/p><\/div>\n<input type=\"hidden\" id=\"baseurl\" value=\"https:\/\/noticiasregionais.com.br\"><input type=\"hidden\" id=\"audio_nonce\" value=\"5c13e0637f\">","protected":false},"excerpt":{"rendered":"<p>Comit\u00ea interministerial vai organizar governan\u00e7a e orientar munic\u00edpios em a\u00e7\u00f5es de sustentabilidade e infraestrutura nas \u00e1reas costeiras<\/p>\n","protected":false},"author":1,"featured_media":11098,"comment_status":"","ping_status":"open","sticky":false,"template":"","format":"standard","meta":{"sfsi_plus_gutenberg_text_before_share":"","sfsi_plus_gutenberg_show_text_before_share":"","sfsi_plus_gutenberg_icon_type":"","sfsi_plus_gutenberg_icon_alignemt":"","sfsi_plus_gutenburg_max_per_row":"","footnotes":""},"categories":[8],"tags":[],"class_list":["post-11097","post","type-post","status-publish","format-standard","has-post-thumbnail","hentry","category-brasil"],"_links":{"self":[{"href":"https:\/\/noticiasregionais.com.br\/index.php?rest_route=\/wp\/v2\/posts\/11097","targetHints":{"allow":["GET"]}}],"collection":[{"href":"https:\/\/noticiasregionais.com.br\/index.php?rest_route=\/wp\/v2\/posts"}],"about":[{"href":"https:\/\/noticiasregionais.com.br\/index.php?rest_route=\/wp\/v2\/types\/post"}],"author":[{"embeddable":true,"href":"https:\/\/noticiasregionais.com.br\/index.php?rest_route=\/wp\/v2\/users\/1"}],"replies":[{"embeddable":true,"href":"https:\/\/noticiasregionais.com.br\/index.php?rest_route=%2Fwp%2Fv2%2Fcomments&post=11097"}],"version-history":[{"count":0,"href":"https:\/\/noticiasregionais.com.br\/index.php?rest_route=\/wp\/v2\/posts\/11097\/revisions"}],"wp:featuredmedia":[{"embeddable":true,"href":"https:\/\/noticiasregionais.com.br\/index.php?rest_route=\/wp\/v2\/media\/11098"}],"wp:attachment":[{"href":"https:\/\/noticiasregionais.com.br\/index.php?rest_route=%2Fwp%2Fv2%2Fmedia&parent=11097"}],"wp:term":[{"taxonomy":"category","embeddable":true,"href":"https:\/\/noticiasregionais.com.br\/index.php?rest_route=%2Fwp%2Fv2%2Fcategories&post=11097"},{"taxonomy":"post_tag","embeddable":true,"href":"https:\/\/noticiasregionais.com.br\/index.php?rest_route=%2Fwp%2Fv2%2Ftags&post=11097"}],"curies":[{"name":"wp","href":"https:\/\/api.w.org\/{rel}","templated":true}]}}