{"id":11099,"date":"2025-11-18T04:55:00","date_gmt":"2025-11-18T07:55:00","guid":{"rendered":"https:\/\/noticiasregionais.com.br\/?p=11099"},"modified":"2025-11-18T04:55:00","modified_gmt":"2025-11-18T07:55:00","slug":"producao-do-setor-textil-aumenta-18-com-reducao-de-70-das-emissoes-de-co%e2%82%82-em-20-anos","status":"publish","type":"post","link":"https:\/\/noticiasregionais.com.br\/?p=11099","title":{"rendered":"Produ\u00e7\u00e3o do setor t\u00eaxtil aumenta 18%, com redu\u00e7\u00e3o de 70% das emiss\u00f5es de CO\u2082, em 20 anos"},"content":{"rendered":"<p>\t\t\t\t\t\t\t\t\t\t\t<audio controls class=\"b61_audio_player\" data-noticia=\"85892\" src=\"https:\/\/brasil61.com\/rails\/active_storage\/blobs\/eyJfcmFpbHMiOnsibWVzc2FnZSI6IkJBaHBBNWZBQXc9PSIsImV4cCI6bnVsbCwicHVyIjoiYmxvYl9pZCJ9fQ==--5d35cf5f2055986fb79d8de8802aef646113983f\/PIND254682A\"><\/audio><\/p>\n<p><strong>O setor t\u00eaxtil do Brasil tem apresentado avan\u00e7os em quest\u00f5es relacionadas \u00e0 efici\u00eancia energ\u00e9tica e produtividade. Entre 2000 e 2024, por exemplo, a produ\u00e7\u00e3o de t\u00eaxteis aumentou 18%, enquanto as emiss\u00f5es diretas de CO\u2082 foram reduzidas em mais de 70%.\u00a0<\/strong><\/p>\n<p>Os n\u00fameros podem ser verificados no novo <a href=\"https:\/\/www.portaldaindustria.com.br\/canais\/observatorio-nacional-da-industria\/produtos\/produtividade-do-setor-textil-e-de-confeccao\/\" target=\"_blank\" rel=\"noopener\">painel de dados<\/a> lan\u00e7ado pelo <a href=\"https:\/\/www.portaldaindustria.com.br\/canais\/observatorio-nacional-da-industria\/\" target=\"_blank\" rel=\"noopener\">Observat\u00f3rio Nacional da Ind\u00fastria<\/a>, em parceria com a Associa\u00e7\u00e3o Brasileira da Ind\u00fastria T\u00eaxtil e de Confec\u00e7\u00e3o <a href=\"https:\/\/www.abit.org.br\/\" target=\"_blank\" rel=\"noopener\">(ABIT)<\/a>.\u00a0<\/p>\n<p><strong>De acordo com informa\u00e7\u00f5es disponibilizadas pela Confedera\u00e7\u00e3o Nacional da Ind\u00fastria, em 2002 eram produzidas 1,43 tonelada de produtos t\u00eaxteis por 1 tonelada equivalente de petr\u00f3leo. J\u00e1 no ano passado, o mesmo consumo energ\u00e9tico foi respons\u00e1vel pela produ\u00e7\u00e3o de 2,9 toneladas de produtos.<\/strong><\/p>\n<p>Essa diferen\u00e7a corresponde a uma eleva\u00e7\u00e3o de 103% em produtividade energ\u00e9tica, com expressiva redu\u00e7\u00e3o nas emiss\u00f5es diretas e indiretas de CO\u2082 &#8211; um dos principais gases que causam o efeito estufa.\u00a0<\/p>\n<p><a href=\"https:\/\/brasil61.com\/n\/confianca-da-industria-cresce-pelo-terceiro-mes-seguido-e-atinge-a-maior-marca-dos-ultimos-5-meses-pind254681\" target=\"_blank\" rel=\"noopener\">Confian\u00e7a da ind\u00fastria cresce pelo terceiro m\u00eas seguido e atinge a maior marca dos \u00faltimos 5 meses<\/a><\/p>\n<p><a href=\"https:\/\/brasil61.com\/n\/estudo-da-cni-apresenta-acoes-para-destravar-us-1-3-trilhao-em-financiamento-climatico-pind254678\" target=\"_blank\" rel=\"noopener\">Estudo apresenta a\u00e7\u00f5es para destravar US$ 1,3 trilh\u00e3o em financiamento clim\u00e1tico<\/a><\/p>\n<p>Na avalia\u00e7\u00e3o do diretor-superintendente da ABIT, Fernando Pimentel, esses resultados refor\u00e7am o compromisso do setor com a sustentabilidade e a efici\u00eancia produtiva. Por\u00e9m, ele pontua que \u00e9 preciso expandir a participa\u00e7\u00e3o do mercado para que os objetivos sejam alcan\u00e7ados em larga escala.<\/p>\n<p>\u201cEsse \u00e9 um tema muito relevante para n\u00f3s e vai ser um diferencial da ind\u00fastria de confec\u00e7\u00e3o brasileira hoje, amanh\u00e3 e sempre. Essa \u00e9 uma agenda de sustentabilidade. Ela tem tiro de largada, mas n\u00e3o tem fita de chegada. Voc\u00ea vai depender sempre de um trip\u00e9 regulat\u00f3rio, tecnol\u00f3gico e de mercado\u201d, destaca.<\/p>\n<p>\u201c\u00c9 preciso criar mercados para os produtos derivados dessa agenda, ter escala e viabilidade econ\u00f4mica. E \u00e9 isso que n\u00f3s estamos construindo junto com o nosso ecossistema, seja ele o privado, seja ele o p\u00fablico\u201d, acrescenta Pimentel.<\/p>\n<h2>Evolu\u00e7\u00e3o do setor t\u00eaxtil em termos econ\u00f4micos e sustent\u00e1veis \u00a0\u00a0<\/h2>\n<p>Para atingir esse desempenho, o setor t\u00eaxtil adotou um processo de moderniza\u00e7\u00e3o e eletrifica\u00e7\u00e3o que come\u00e7ou na d\u00e9cada de 1990. Naquela \u00e9poca, a abertura comercial e a valoriza\u00e7\u00e3o cambial expuseram a ind\u00fastria nacional \u00e0 concorr\u00eancia internacional em condi\u00e7\u00f5es desiguais. No entanto, foi criada uma possibilidade de ado\u00e7\u00e3o de novas tecnologias.<\/p>\n<p>Nesse per\u00edodo, o setor ainda dependia de \u00f3leo combust\u00edvel e lenha \u2013 apontados como grandes emissores de carbono, que respondiam por cerca de 50% da matriz energ\u00e9tica da ind\u00fastria t\u00eaxtil. Mas, a partir de uma renova\u00e7\u00e3o do parque industrial e com investimento em fontes e processos mais limpos, foi poss\u00edvel atingir ganhos expressivos em efici\u00eancia.<\/p>\n<p>O especialista em pol\u00edticas e ind\u00fastria da CNI, Danilo Severian, explica que essa revolu\u00e7\u00e3o produtiva, energ\u00e9tica e ambiental nas \u00faltimas d\u00e9cadas foi resultado da ado\u00e7\u00e3o de tecnologias mais eficientes, que permitiram aumentar a produ\u00e7\u00e3o com um menor gasto de energia.<\/p>\n<p>\u201cOs resultados s\u00e3o importantes para mostrar que o setor t\u00eaxtil de confec\u00e7\u00e3o manteve os investimentos em tecnologia e renova\u00e7\u00e3o do parque industrial para conseguir manter a sua competitividade, num cen\u00e1rio de abertura comercial e financeira que exp\u00f4s a ind\u00fastria nacional a um n\u00edvel de concorr\u00eancia desigual com as importa\u00e7\u00f5es. Ao mesmo tempo que houve uma press\u00e3o na concorr\u00eancia com produtos do exterior, houve a oportunidade de importar tecnologias, novos maquin\u00e1rios, assimilar novos processos produtivos e conferir competitividade para o setor\u201d, afirma.<\/p>\n<p>Mesmo com os avan\u00e7os, vale destacar que o setor ainda enfrenta desafios estruturais. Entre os principais entraves est\u00e3o o elevado custo da energia, a complexidade tribut\u00e1ria e os gargalos de infraestrutura. <strong>Ainda assim, mesmo diante desses obst\u00e1culos, o setor t\u00eaxtil representa, atualmente, menos de 1% das emiss\u00f5es totais da ind\u00fastria nacional.<\/strong><br \/>\n\u00a0<\/p>\n<p>\t\t\t\t\t\t\t\t\t\t<img decoding=\"async\" src=\"https:\/\/brasil61.com\/api\/v1\/serve_pixel\/22254\/85892\" alt=\"Pixel Brasil 61\" class=\"b61_pixel\" width=\"0\" height=\"0\"><\/p>\n<div class=\"br61_backlink\">\n<p>\n\t\t\t\tFonte: <a href=\"https:\/\/brasil61.com\/producao-do-setor-textil-aumenta-18-com-reducao-de-70-das-emissoes-de-co-em-20-anos-pind254682\" title=\"Artigo Original: Produ\u00e7\u00e3o do setor t\u00eaxtil aumenta 18%, com redu\u00e7\u00e3o de 70% das emiss\u00f5es de CO\u2082, em 20 anos\" target=\"_blank\" rel=\"noopener\">Brasil 61<\/a>\n\t\t\t<\/p>\n<\/p><\/div>\n<input type=\"hidden\" id=\"baseurl\" value=\"https:\/\/noticiasregionais.com.br\"><input type=\"hidden\" id=\"audio_nonce\" value=\"5c13e0637f\">","protected":false},"excerpt":{"rendered":"<p>Dados do Observat\u00f3rio Nacional da Ind\u00fastria revelam que, em 2002, eram produzidas 1,43 tonelada de produtos t\u00eaxteis por 1 tonelada equivalente de petr\u00f3leo. Em 2024, o mesmo consumo energ\u00e9tico foi respons\u00e1vel pela produ\u00e7\u00e3o de 2,9 toneladas de produtos<\/p>\n","protected":false},"author":1,"featured_media":11100,"comment_status":"","ping_status":"open","sticky":false,"template":"","format":"standard","meta":{"sfsi_plus_gutenberg_text_before_share":"","sfsi_plus_gutenberg_show_text_before_share":"","sfsi_plus_gutenberg_icon_type":"","sfsi_plus_gutenberg_icon_alignemt":"","sfsi_plus_gutenburg_max_per_row":"","footnotes":""},"categories":[8],"tags":[],"class_list":["post-11099","post","type-post","status-publish","format-standard","has-post-thumbnail","hentry","category-brasil"],"_links":{"self":[{"href":"https:\/\/noticiasregionais.com.br\/index.php?rest_route=\/wp\/v2\/posts\/11099","targetHints":{"allow":["GET"]}}],"collection":[{"href":"https:\/\/noticiasregionais.com.br\/index.php?rest_route=\/wp\/v2\/posts"}],"about":[{"href":"https:\/\/noticiasregionais.com.br\/index.php?rest_route=\/wp\/v2\/types\/post"}],"author":[{"embeddable":true,"href":"https:\/\/noticiasregionais.com.br\/index.php?rest_route=\/wp\/v2\/users\/1"}],"replies":[{"embeddable":true,"href":"https:\/\/noticiasregionais.com.br\/index.php?rest_route=%2Fwp%2Fv2%2Fcomments&post=11099"}],"version-history":[{"count":0,"href":"https:\/\/noticiasregionais.com.br\/index.php?rest_route=\/wp\/v2\/posts\/11099\/revisions"}],"wp:featuredmedia":[{"embeddable":true,"href":"https:\/\/noticiasregionais.com.br\/index.php?rest_route=\/wp\/v2\/media\/11100"}],"wp:attachment":[{"href":"https:\/\/noticiasregionais.com.br\/index.php?rest_route=%2Fwp%2Fv2%2Fmedia&parent=11099"}],"wp:term":[{"taxonomy":"category","embeddable":true,"href":"https:\/\/noticiasregionais.com.br\/index.php?rest_route=%2Fwp%2Fv2%2Fcategories&post=11099"},{"taxonomy":"post_tag","embeddable":true,"href":"https:\/\/noticiasregionais.com.br\/index.php?rest_route=%2Fwp%2Fv2%2Ftags&post=11099"}],"curies":[{"name":"wp","href":"https:\/\/api.w.org\/{rel}","templated":true}]}}