{"id":11103,"date":"2025-11-18T10:32:00","date_gmt":"2025-11-18T13:32:00","guid":{"rendered":"https:\/\/noticiasregionais.com.br\/?p=11103"},"modified":"2025-11-18T10:32:00","modified_gmt":"2025-11-18T13:32:00","slug":"chatgpt-fora-do-ar-instabilidade-na-cloudflare-derruba-servicos-nesta-terca-feira-18","status":"publish","type":"post","link":"https:\/\/noticiasregionais.com.br\/?p=11103","title":{"rendered":"ChatGPT fora do ar? Instabilidade na Cloudflare derruba servi\u00e7os nesta ter\u00e7a-feira (18)"},"content":{"rendered":"<p>Se voc\u00ea tentou acessar o <strong>ChatGPT<\/strong>, o <strong>X (antigo Twitter)<\/strong> ou outros servi\u00e7os populares e encontrou erro, saiba que n\u00e3o est\u00e1 sozinho. A plataforma <a href=\"https:\/\/www.cloudflarestatus.com\/\" target=\"_blank\" rel=\"noopener\"><strong>Cloudflare<\/strong><\/a>, respons\u00e1vel por otimiza\u00e7\u00e3o de performance e seguran\u00e7a de milhares de sites pelo mundo, apresentou <strong>instabilidade na manh\u00e3 desta ter\u00e7a-feira (18)<\/strong> \u2014 deixando v\u00e1rios servi\u00e7os indispon\u00edveis para os usu\u00e1rios.<\/p>\n<h2>ChatGPT fora do ar por causa da Cloudflare?<\/h2>\n<p>A falha global afetou diversos servi\u00e7os conectados \u00e0 infraestrutura da Cloudflare, resultando em p\u00e1ginas que n\u00e3o carregam, lentid\u00e3o e mensagens de erro. O <strong>Status global da plataforma<\/strong> confirmou o incidente e informou que j\u00e1 est\u00e1 atuando para restabelecer os sistemas.<\/p>\n<p>Segundo comunicado oficial:<\/p>\n<p>\u201cEstamos observando a recupera\u00e7\u00e3o dos servi\u00e7os, mas os clientes podem continuar notando taxas de erro acima do normal enquanto seguimos com os esfor\u00e7os de corre\u00e7\u00e3o.\u201d<\/p>\n<p>Al\u00e9m disso, o provedor de suporte da Cloudflare tamb\u00e9m enfrenta \u201cproblemas t\u00e9cnicos\u201d, o que pode dificultar a abertura de chamados por parte dos clientes.<\/p>\n<h2>Hor\u00e1rio da queda e impacto<\/h2>\n<p>De acordo com o <strong>Downdetector<\/strong>, os relatos de falhas come\u00e7aram por volta das <strong>8h <\/strong>e atingiram o pico \u00e0s <strong>8h33<\/strong>, momento em que termos como<strong> \u201cChatGPT fora do ar\u201d<\/strong>, <strong>\u201cCloudflare caiu\u201d<\/strong> e <strong>\u201cX fora do ar\u201d<\/strong> dispararam nas buscas.<\/p>\n<h2>Por que isso importa?<\/h2>\n<p>A Cloudflare \u00e9 uma das maiores fornecedoras de CDN, seguran\u00e7a e performance da internet. Quando a plataforma apresenta falhas, servi\u00e7os que dependem dela \u2014 como <strong>ChatGPT<\/strong>, sites de empresas, plataformas de m\u00eddia e redes sociais \u2014 podem ficar completamente inacess\u00edveis.<\/p>\n<p>\t\t\t\t\t\t\t\t\t\t<img decoding=\"async\" src=\"https:\/\/brasil61.com\/api\/v1\/serve_pixel\/22254\/85910\" alt=\"Pixel Brasil 61\" class=\"b61_pixel\" width=\"0\" height=\"0\"><\/p>\n<div class=\"br61_backlink\">\n<p>\n\t\t\t\tFonte: <a href=\"https:\/\/brasil61.com\/chatgpt-fora-do-ar-instabilidade-na-cloudflare-derruba-servicos-nesta-terca-feira-18-bras2515167\" title=\"Artigo Original: ChatGPT fora do ar? Instabilidade na Cloudflare derruba servi\u00e7os nesta ter\u00e7a-feira (18)\" target=\"_blank\" rel=\"noopener\">Brasil 61<\/a>\n\t\t\t<\/p>\n<\/p><\/div>\n<input type=\"hidden\" id=\"baseurl\" value=\"https:\/\/noticiasregionais.com.br\"><input type=\"hidden\" id=\"audio_nonce\" value=\"533fbb67b1\">","protected":false},"excerpt":{"rendered":"<p>Plataforma Cloudflare, respons\u00e1vel por otimiza\u00e7\u00e3o de performance e seguran\u00e7a de milhares de sites pelo mundo, apresenta instabilidade na manh\u00e3 desta ter\u00e7a-feira (18)<\/p>\n","protected":false},"author":1,"featured_media":0,"comment_status":"","ping_status":"open","sticky":false,"template":"","format":"standard","meta":{"sfsi_plus_gutenberg_text_before_share":"","sfsi_plus_gutenberg_show_text_before_share":"","sfsi_plus_gutenberg_icon_type":"","sfsi_plus_gutenberg_icon_alignemt":"","sfsi_plus_gutenburg_max_per_row":"","footnotes":""},"categories":[8],"tags":[],"class_list":["post-11103","post","type-post","status-publish","format-standard","hentry","category-brasil"],"_links":{"self":[{"href":"https:\/\/noticiasregionais.com.br\/index.php?rest_route=\/wp\/v2\/posts\/11103","targetHints":{"allow":["GET"]}}],"collection":[{"href":"https:\/\/noticiasregionais.com.br\/index.php?rest_route=\/wp\/v2\/posts"}],"about":[{"href":"https:\/\/noticiasregionais.com.br\/index.php?rest_route=\/wp\/v2\/types\/post"}],"author":[{"embeddable":true,"href":"https:\/\/noticiasregionais.com.br\/index.php?rest_route=\/wp\/v2\/users\/1"}],"replies":[{"embeddable":true,"href":"https:\/\/noticiasregionais.com.br\/index.php?rest_route=%2Fwp%2Fv2%2Fcomments&post=11103"}],"version-history":[{"count":0,"href":"https:\/\/noticiasregionais.com.br\/index.php?rest_route=\/wp\/v2\/posts\/11103\/revisions"}],"wp:attachment":[{"href":"https:\/\/noticiasregionais.com.br\/index.php?rest_route=%2Fwp%2Fv2%2Fmedia&parent=11103"}],"wp:term":[{"taxonomy":"category","embeddable":true,"href":"https:\/\/noticiasregionais.com.br\/index.php?rest_route=%2Fwp%2Fv2%2Fcategories&post=11103"},{"taxonomy":"post_tag","embeddable":true,"href":"https:\/\/noticiasregionais.com.br\/index.php?rest_route=%2Fwp%2Fv2%2Ftags&post=11103"}],"curies":[{"name":"wp","href":"https:\/\/api.w.org\/{rel}","templated":true}]}}