{"id":11105,"date":"2025-11-18T16:10:00","date_gmt":"2025-11-18T19:10:00","guid":{"rendered":"https:\/\/noticiasregionais.com.br\/?p=11105"},"modified":"2025-11-18T16:10:00","modified_gmt":"2025-11-18T19:10:00","slug":"agrizone-mostra-forca-da-ciencia-e-da-sustentabilidade-na-agropecuaria-brasileira","status":"publish","type":"post","link":"https:\/\/noticiasregionais.com.br\/?p=11105","title":{"rendered":"AgriZone mostra for\u00e7a da ci\u00eancia e da sustentabilidade na agropecu\u00e1ria brasileira"},"content":{"rendered":"<p>\t\t\t\t\t\t\t\t\t\t\t<audio controls class=\"b61_audio_player\" data-noticia=\"85909\" src=\"https:\/\/brasil61.com\/rails\/active_storage\/blobs\/eyJfcmFpbHMiOnsibWVzc2FnZSI6IkJBaHBBd0hCQXc9PSIsImV4cCI6bnVsbCwicHVyIjoiYmxvYl9pZCJ9fQ==--af0d76c39b2d972809a5f46e1a5a46944f656577\/MAPA250020A\"><\/audio><\/p>\n<p dir=\"ltr\">O <strong>ministro da Agricultura e Pecu\u00e1ria<\/strong>, Carlos F\u00e1varo, refor\u00e7ou nesta segunda-feira (17) o papel central da ci\u00eancia, da tecnologia e da responsabilidade ambiental no desenvolvimento da agropecu\u00e1ria brasileira. A declara\u00e7\u00e3o foi feita durante visita \u00e0 <strong>AgriZone <\/strong>\u2013 a Casa da Agricultura Sustent\u00e1vel \u2013 instalada na <a href=\"https:\/\/www.embrapa.br\/amazonia-oriental\" target=\"_blank\" rel=\"noopener\">Embrapa Amaz\u00f4nia Oriental<\/a>, em <strong>Bel\u00e9m (PA)<\/strong>, dentro da programa\u00e7\u00e3o da COP30.<\/p>\n<p>Fruto de parceria entre o <a href=\"https:\/\/www.gov.br\/agricultura\/pt-br\" target=\"_blank\" rel=\"noopener\">Minist\u00e9rio da Agricultura e Pecu\u00e1ria (Mapa)<\/a>, a Embrapa e outras institui\u00e7\u00f5es, a AgriZone re\u00fane solu\u00e7\u00f5es tecnol\u00f3gicas e pr\u00e1ticas produtivas voltadas \u00e0 conserva\u00e7\u00e3o ambiental, mostrando caminhos poss\u00edveis para ampliar a produ\u00e7\u00e3o sem abrir m\u00e3o da sustentabilidade.<\/p>\n<p>Recebido pela presidente da Embrapa, Silvia Massruh\u00e1, o ministro realizou reuni\u00f5es, concedeu entrevistas e percorreu as vitrines tecnol\u00f3gicas e pain\u00e9is da <strong>AgriZone<\/strong>, que exibem experi\u00eancias sobre o uso sustent\u00e1vel do solo e sistemas produtivos inovadores. Para F\u00e1varo, o ambiente simboliza o compromisso do Brasil em mostrar ao mundo o equil\u00edbrio entre produtividade e preserva\u00e7\u00e3o.<\/p>\n<p dir=\"ltr\">&#8220;Aqui \u00e9 uma oportunidade para lembrar que a ci\u00eancia e a tecnologia ajudaram o nosso pa\u00eds a construir uma grande diferen\u00e7a na agropecu\u00e1ria&#8221;, afirmou o ministro. Ele ressaltou que o Brasil mant\u00e9m forte presen\u00e7a no com\u00e9rcio global de alimentos, fibras e energia de base biol\u00f3gica, com quase 500 novos mercados abertos. &#8220;Isso mostra uma boa diplomacia brasileira, buscada pelo presidente Lula, e abre oportunidades comerciais para a agropecu\u00e1ria, mesmo em um cen\u00e1rio global desafiador&#8221;, destacou.<\/p>\n<p>Ao longo da visita, F\u00e1varo refor\u00e7ou a mensagem de que o modelo agr\u00edcola brasileiro \u00e9 compat\u00edvel com a conserva\u00e7\u00e3o ambiental. &#8220;N\u00e3o h\u00e1 diverg\u00eancia entre produzir e preservar. O clima \u00e9 um aliado do produtor rural brasileiro, e as vitrines da <strong>AgriZone <\/strong>mostram isso&#8221;, declarou. Segundo ele, o pa\u00eds tem condi\u00e7\u00f5es de aumentar a produ\u00e7\u00e3o sem necessidade de abrir novas \u00e1reas. &#8220;O Brasil n\u00e3o precisa avan\u00e7ar sobre a floresta para continuar crescendo. Temos programas de recupera\u00e7\u00e3o de \u00e1reas degradadas e um marco legal executado com rigor.&#8221;<\/p>\n<p>O ministro tamb\u00e9m relacionou as iniciativas da <strong>AgriZone <\/strong>\u00e0 busca global por financiamento clim\u00e1tico. &#8220;Apresentamos nossos programas para o futuro sempre com o objetivo de captar recursos internacionais para recuperar \u00e1reas degradadas, investir em agricultura familiar, <strong>bioinsumos <\/strong>e moderniza\u00e7\u00e3o. A Embrapa pode ampliar suas pesquisas e disseminar conhecimento para o mundo tropical&#8221;, observou.<\/p>\n<p>Questionado sobre o papel do agroneg\u00f3cio nas negocia\u00e7\u00f5es clim\u00e1ticas internacionais, F\u00e1varo foi enf\u00e1tico: &#8220;O agro n\u00e3o vem \u00e0 <strong>COP <\/strong>buscar protagonismo. Vem mostrar ao mundo o modelo produtivo da agropecu\u00e1ria brasileira e desmistificar essa vis\u00e3o equivocada. A imensa maioria dos produtores segue boas pr\u00e1ticas, tem responsabilidade ambiental e social.&#8221;<\/p>\n<p>Para o ministro, a presen\u00e7a do Mapa na <strong>AgriZone<\/strong> durante a <strong>COP30 <\/strong>confirma que o setor agropecu\u00e1rio brasileiro caminha lado a lado com a legisla\u00e7\u00e3o ambiental e com a ci\u00eancia. &#8220;\u00c9 um grande momento. Vamos demonstrar esse arranjo produtivo brasileiro e para onde queremos avan\u00e7ar&#8221;, concluiu.<\/p>\n<p>\u00a0<\/p>\n<p>\t\t\t\t\t\t\t\t\t\t<img decoding=\"async\" src=\"https:\/\/brasil61.com\/api\/v1\/serve_pixel\/22254\/85909\" alt=\"Pixel Brasil 61\" class=\"b61_pixel\" width=\"0\" height=\"0\"><\/p>\n<div class=\"br61_backlink\">\n<p>\n\t\t\t\tFonte: <a href=\"https:\/\/brasil61.com\/agrizone-mostra-forca-da-ciencia-e-da-sustentabilidade-na-agropecuaria-brasileira-mapa250020\" title=\"Artigo Original: AgriZone mostra for\u00e7a da ci\u00eancia e da sustentabilidade na agropecu\u00e1ria brasileira\" target=\"_blank\" rel=\"noopener\">Brasil 61<\/a>\n\t\t\t<\/p>\n<\/p><\/div>\n<input type=\"hidden\" id=\"baseurl\" value=\"https:\/\/noticiasregionais.com.br\"><input type=\"hidden\" id=\"audio_nonce\" value=\"5c13e0637f\">","protected":false},"excerpt":{"rendered":"<p>Ministro Carlos F\u00e1varo visita espa\u00e7o que re\u00fane solu\u00e7\u00f5es de baixo impacto ambiental e refor\u00e7a o papel da tecnologia no campo<\/p>\n","protected":false},"author":1,"featured_media":11106,"comment_status":"","ping_status":"open","sticky":false,"template":"","format":"standard","meta":{"sfsi_plus_gutenberg_text_before_share":"","sfsi_plus_gutenberg_show_text_before_share":"","sfsi_plus_gutenberg_icon_type":"","sfsi_plus_gutenberg_icon_alignemt":"","sfsi_plus_gutenburg_max_per_row":"","footnotes":""},"categories":[8],"tags":[],"class_list":["post-11105","post","type-post","status-publish","format-standard","has-post-thumbnail","hentry","category-brasil"],"_links":{"self":[{"href":"https:\/\/noticiasregionais.com.br\/index.php?rest_route=\/wp\/v2\/posts\/11105","targetHints":{"allow":["GET"]}}],"collection":[{"href":"https:\/\/noticiasregionais.com.br\/index.php?rest_route=\/wp\/v2\/posts"}],"about":[{"href":"https:\/\/noticiasregionais.com.br\/index.php?rest_route=\/wp\/v2\/types\/post"}],"author":[{"embeddable":true,"href":"https:\/\/noticiasregionais.com.br\/index.php?rest_route=\/wp\/v2\/users\/1"}],"replies":[{"embeddable":true,"href":"https:\/\/noticiasregionais.com.br\/index.php?rest_route=%2Fwp%2Fv2%2Fcomments&post=11105"}],"version-history":[{"count":0,"href":"https:\/\/noticiasregionais.com.br\/index.php?rest_route=\/wp\/v2\/posts\/11105\/revisions"}],"wp:featuredmedia":[{"embeddable":true,"href":"https:\/\/noticiasregionais.com.br\/index.php?rest_route=\/wp\/v2\/media\/11106"}],"wp:attachment":[{"href":"https:\/\/noticiasregionais.com.br\/index.php?rest_route=%2Fwp%2Fv2%2Fmedia&parent=11105"}],"wp:term":[{"taxonomy":"category","embeddable":true,"href":"https:\/\/noticiasregionais.com.br\/index.php?rest_route=%2Fwp%2Fv2%2Fcategories&post=11105"},{"taxonomy":"post_tag","embeddable":true,"href":"https:\/\/noticiasregionais.com.br\/index.php?rest_route=%2Fwp%2Fv2%2Ftags&post=11105"}],"curies":[{"name":"wp","href":"https:\/\/api.w.org\/{rel}","templated":true}]}}