{"id":11107,"date":"2025-11-18T15:50:00","date_gmt":"2025-11-18T18:50:00","guid":{"rendered":"https:\/\/noticiasregionais.com.br\/?p=11107"},"modified":"2025-11-21T21:31:32","modified_gmt":"2025-11-22T00:31:32","slug":"oceana-lanca-guia-na-cop30-para-fortalecer-a-pesca-diante-das-mudancas-climaticas","status":"publish","type":"post","link":"https:\/\/noticiasregionais.com.br\/?p=11107","title":{"rendered":"Oceana lan\u00e7a guia na COP30 para fortalecer a pesca diante das mudan\u00e7as clim\u00e1ticas"},"content":{"rendered":"<p>\t\t\t\t\t\t\t\t\t\t<audio controls class=\"b61_audio_player\" data-noticia=\"85872\" src=\"https:\/\/brasil61.com\/rails\/active_storage\/blobs\/eyJfcmFpbHMiOnsibWVzc2FnZSI6IkJBaHBBMmpCQXc9PSIsImV4cCI6bnVsbCwicHVyIjoiYmxvYl9pZCJ9fQ==--15e1ddb5862711416202d07098bf88ca7f26ef39\/BRAS2515155A\"><\/audio><\/p>\n<p>Em meio ao <strong>agravamento da emerg\u00eancia clim\u00e1tica<\/strong>, a organiza\u00e7\u00e3o <strong><a href=\"https:\/\/brasil.oceana.org\/\" target=\"_blank\" rel=\"noopener\">Oceana<\/a><\/strong> <strong>lan\u00e7a<\/strong> nesta 30\u00aa Confer\u00eancia das Na\u00e7\u00f5es Unidas sobre Mudan\u00e7a do Clima (<a href=\"https:\/\/www.gov.br\/mdr\/cop30\" target=\"_blank\" rel=\"noopener\">COP30<\/a>),<strong> o documento \u201cCaminhos para Pescarias Resilientes \u00e0s Mudan\u00e7as Clim\u00e1ticas no Brasil\u201d<\/strong>. O guia re\u00fane <strong>recomenda\u00e7\u00f5es voltadas a gestores p\u00fablicos e tomadores de decis\u00e3o<\/strong>, com o objetivo de adaptar a pesca nacional aos impactos de um clima em acelerada mudan\u00e7a.<\/p>\n<p>Baseado em evid\u00eancias cient\u00edficas e pr\u00e1ticas de gest\u00e3o sustent\u00e1vel, o <strong>estudo apresenta seis a\u00e7\u00f5es priorit\u00e1rias para a manuten\u00e7\u00e3o da atividade e dos seus benef\u00edcios sociais e econ\u00f4micos<\/strong>:<\/p>\n<ul>\n<li>Coleta cont\u00ednua de dados;<\/li>\n<li>Aprimoramento das avalia\u00e7\u00f5es de estoques pesqueiros;<\/li>\n<li>Fomento \u00e0 gest\u00e3o adaptativa;<\/li>\n<li>Garantia da participa\u00e7\u00e3o social;<\/li>\n<li>Prote\u00e7\u00e3o de habitats essenciais;<\/li>\n<li>Promo\u00e7\u00e3o da coopera\u00e7\u00e3o regional entre pa\u00edses.<\/li>\n<\/ul>\n<p>A <strong>urg\u00eancia<\/strong> dessas <strong>medidas<\/strong> \u00e9 refor\u00e7ada pelo relat\u00f3rio <a href=\"https:\/\/brasil.oceana.org\/relatorios\/auditoria-da-pesca-brasil-2024\/\" target=\"_blank\" rel=\"noopener\">Auditoria da Pesca Brasil 2024<\/a>, que aponta <strong>preju\u00edzos significativos j\u00e1 causados por eventos clim\u00e1ticos extremos<\/strong> em diversas regi\u00f5es do pa\u00eds.<\/p>\n<p>Segundo o levantamento, o aumento das temperaturas, as altera\u00e7\u00f5es no padr\u00e3o das correntes marinhas e de distribui\u00e7\u00e3o das esp\u00e9cies, al\u00e9m da intensifica\u00e7\u00e3o de fen\u00f4menos extremos, <strong>t\u00eam provocado desequil\u00edbrios profundos nos ecossistemas marinhos e afetado diretamente a vida das comunidades costeiras<\/strong>.<\/p>\n<p>Josana da Costa, pescadora artesanal em <a href=\"https:\/\/www.ibge.gov.br\/cidades-e-estados\/pa\/obidos.html\" target=\"_blank\" rel=\"noopener\">\u00d3bidos<\/a> (<a href=\"https:\/\/www.pa.gov.br\/\" target=\"_blank\" rel=\"noopener\">PA<\/a>) h\u00e1 mais de tr\u00eas d\u00e9cadas, relata nunca ter presenciado impactos t\u00e3o severos como nos \u00faltimos anos.<\/p>\n<p>\u201cO rio nunca tinha secado daquele jeito. A gente andava por onde antes s\u00f3 se passava de barco. Morreram toneladas de peixes e a \u00e1gua que era nosso consumo deixou de ser pot\u00e1vel. Foi um impacto total na sa\u00fade, na economia e na nossa tradi\u00e7\u00e3o\u201d, conta.<\/p>\n<p>Diante desse cen\u00e1rio, a <strong>Oceana destaca a import\u00e2ncia de investir em ferramentas de gest\u00e3o eficazes<\/strong> e baseadas em experi\u00eancias internacionais bem-sucedidas como <strong>estrat\u00e9gia para enfrentar os desafios impostos pela emerg\u00eancia clim\u00e1tica <\/strong>e garantir a sustentabilidade da pesca no Brasil.<\/p>\n<p>\u201cNa Oceana, acreditamos que as solu\u00e7\u00f5es para os impactos das mudan\u00e7as clim\u00e1ticas nos oceanos tamb\u00e9m s\u00e3o solu\u00e7\u00f5es para as pessoas. Investindo em gera\u00e7\u00e3o de dados, transpar\u00eancia, ci\u00eancia e inclus\u00e3o, o Brasil pode transformar suas pescarias em um modelo de sustentabilidade e resili\u00eancia\u201d, explica o diretor-geral da organiza\u00e7\u00e3o, Ademilson Zamboni.<\/p>\n<h2>Projeto de Lei 4789\/2024<\/h2>\n<p>As pescarias globais produzem cerca de <strong>90 milh\u00f5es de toneladas de pescado por ano<\/strong>, conforme dados da Organiza\u00e7\u00e3o das Na\u00e7\u00f5es Unidas para Alimenta\u00e7\u00e3o e Agricultura (<a href=\"https:\/\/www.fao.org\/brasil\/pt\/\" target=\"_blank\" rel=\"noopener\">FAO<\/a>). Al\u00e9m de fornecer alimento saud\u00e1vel para milh\u00f5es de pessoas, o setor gera empregos, movimenta economias locais e preserva tradi\u00e7\u00f5es culturais. Entre as fontes de prote\u00edna animal, o <strong>pescado se destaca por ser uma das menos poluentes<\/strong>, respons\u00e1vel por apenas <a href=\"https:\/\/www2.ufjf.br\/noticias\/2025\/03\/13\/pesquisa-aponta-producao-de-peixes-como-a-proteina-com-menor-pegada-de-carbono\/\" target=\"_blank\" rel=\"noopener\"><strong>4% das emiss\u00f5es globais<\/strong><\/a> de gases de efeito estufa.<\/p>\n<p>Apesar da relev\u00e2ncia econ\u00f4mica, social e ambiental da pesca, <strong>o setor no Brasil carece de uma estrutura normativa<\/strong> s\u00f3lida. De acordo com a Auditoria da Pesca Brasil 2024, publicada pela Oceana, a aus\u00eancia de um marco legal consistente compromete a gest\u00e3o dos recursos marinhos e dificulta a implementa\u00e7\u00e3o de pol\u00edticas p\u00fablicas eficazes.<\/p>\n<p>Nesse contexto, o <strong><a href=\"https:\/\/www25.senado.leg.br\/web\/atividade\/materias\/-\/materia\/166464\" target=\"_blank\" rel=\"noopener\">Projeto de Lei (PL) 4789\/2024<\/a><\/strong> surge como <strong>proposta estrat\u00e9gica para o fortalecimento da atividade pesqueira<\/strong>. Para Zamboni, o PL, <strong>constru\u00eddo pelos pr\u00f3prios pescadores e pescadoras<\/strong>, \u201cprop\u00f5e uma legisla\u00e7\u00e3o robusta, est\u00e1vel e transparente, \u00e0 altura da import\u00e2ncia da pesca para o pa\u00eds\u201d.<\/p>\n<p>\u201cQuando falamos de pesca, \u00e9 importante entender que, no Brasil, parte dos problemas est\u00e1 justamente na instabilidade das institui\u00e7\u00f5es e na fragilidade da legisla\u00e7\u00e3o pesqueira\u201d, completa o ocean\u00f3logo.<\/p>\n<p><strong>VEJA MAIS:<\/strong><\/p>\n<ul>\n<li><a href=\"https:\/\/brasil61.com\/n\/pesca-brasileira-a-deriva-entre-a-crise-climatica-e-a-falta-de-dados-bras2514498\" target=\"_blank\" rel=\"noopener\">Pesca brasileira \u00e0 deriva entre a crise clim\u00e1tica e a falta de dados<\/a><\/li>\n<li><a href=\"https:\/\/brasil61.com\/n\/impactos-socioambientais-e-economicos-sem-precedentes-das-mudancas-climaticas-na-pesca-devem-gerar-despesas-bilionarias-ao-governo-bras2514575\" target=\"_blank\" rel=\"noopener\">Crise clim\u00e1tica na pesca pode custar bilh\u00f5es ao Brasil e amea\u00e7a sobreviv\u00eancia de comunidades costeiras<\/a><\/li>\n<li><a href=\"https:\/\/brasil61.com\/n\/projeto-de-lei-do-oceano-sem-plastico-esta-parado-no-senado-ha-mais-de-600-dias-bras2515127\" target=\"_blank\" rel=\"noopener\">Projeto de Lei do Oceano Sem Pl\u00e1stico est\u00e1 parado no Senado h\u00e1 mais de 600 dias<\/a><\/li>\n<\/ul>\n<p>\t\t\t\t\t\t\t\t\t<img decoding=\"async\" src=\"https:\/\/brasil61.com\/api\/v1\/serve_pixel\/22254\/85872\" alt=\"Pixel Brasil 61\" class=\"b61_pixel\" width=\"0\" height=\"0\"><\/p>\n<div class=\"br61_backlink\">\n<p>\n\t\t\t\tFonte: <a href=\"https:\/\/brasil61.com\/oceana-lanca-guia-na-cop30-para-fortalecer-a-pesca-diante-das-mudancas-climaticas-bras2515155\" title=\"Artigo Original: Oceana lan\u00e7a guia na COP30 para fortalecer a pesca diante das mudan\u00e7as clim\u00e1ticas\" target=\"_blank\" rel=\"noopener\">Brasil 61<\/a>\n\t\t\t<\/p>\n<\/p><\/div>\n<input type=\"hidden\" id=\"baseurl\" value=\"https:\/\/noticiasregionais.com.br\"><input type=\"hidden\" id=\"audio_nonce\" value=\"5c13e0637f\">","protected":false},"excerpt":{"rendered":"<p>Documento prop\u00f5e seis a\u00e7\u00f5es priorit\u00e1rias para tornar as pescarias brasileiras mais resilientes e destaca a urg\u00eancia de um novo marco legal para o setor<\/p>\n","protected":false},"author":1,"featured_media":11186,"comment_status":"closed","ping_status":"open","sticky":false,"template":"","format":"standard","meta":{"sfsi_plus_gutenberg_text_before_share":"","sfsi_plus_gutenberg_show_text_before_share":"","sfsi_plus_gutenberg_icon_type":"","sfsi_plus_gutenberg_icon_alignemt":"","sfsi_plus_gutenburg_max_per_row":"","footnotes":""},"categories":[8],"tags":[],"class_list":["post-11107","post","type-post","status-publish","format-standard","has-post-thumbnail","hentry","category-brasil"],"_links":{"self":[{"href":"https:\/\/noticiasregionais.com.br\/index.php?rest_route=\/wp\/v2\/posts\/11107","targetHints":{"allow":["GET"]}}],"collection":[{"href":"https:\/\/noticiasregionais.com.br\/index.php?rest_route=\/wp\/v2\/posts"}],"about":[{"href":"https:\/\/noticiasregionais.com.br\/index.php?rest_route=\/wp\/v2\/types\/post"}],"author":[{"embeddable":true,"href":"https:\/\/noticiasregionais.com.br\/index.php?rest_route=\/wp\/v2\/users\/1"}],"replies":[{"embeddable":true,"href":"https:\/\/noticiasregionais.com.br\/index.php?rest_route=%2Fwp%2Fv2%2Fcomments&post=11107"}],"version-history":[{"count":1,"href":"https:\/\/noticiasregionais.com.br\/index.php?rest_route=\/wp\/v2\/posts\/11107\/revisions"}],"predecessor-version":[{"id":11121,"href":"https:\/\/noticiasregionais.com.br\/index.php?rest_route=\/wp\/v2\/posts\/11107\/revisions\/11121"}],"wp:featuredmedia":[{"embeddable":true,"href":"https:\/\/noticiasregionais.com.br\/index.php?rest_route=\/wp\/v2\/media\/11186"}],"wp:attachment":[{"href":"https:\/\/noticiasregionais.com.br\/index.php?rest_route=%2Fwp%2Fv2%2Fmedia&parent=11107"}],"wp:term":[{"taxonomy":"category","embeddable":true,"href":"https:\/\/noticiasregionais.com.br\/index.php?rest_route=%2Fwp%2Fv2%2Fcategories&post=11107"},{"taxonomy":"post_tag","embeddable":true,"href":"https:\/\/noticiasregionais.com.br\/index.php?rest_route=%2Fwp%2Fv2%2Ftags&post=11107"}],"curies":[{"name":"wp","href":"https:\/\/api.w.org\/{rel}","templated":true}]}}