{"id":11109,"date":"2025-11-18T16:30:00","date_gmt":"2025-11-18T19:30:00","guid":{"rendered":"https:\/\/noticiasregionais.com.br\/?p=11109"},"modified":"2025-11-18T16:30:00","modified_gmt":"2025-11-18T19:30:00","slug":"cop30-gargalos-no-transporte-desafiam-infraestrutura-verde-na-amazonia","status":"publish","type":"post","link":"https:\/\/noticiasregionais.com.br\/?p=11109","title":{"rendered":"COP30: gargalos no transporte desafiam infraestrutura verde na Amaz\u00f4nia"},"content":{"rendered":"<p>\t\t\t\t\t\t\t\t\t\t\t<audio controls class=\"b61_audio_player\" data-noticia=\"85901\" src=\"https:\/\/brasil61.com\/rails\/active_storage\/blobs\/eyJfcmFpbHMiOnsibWVzc2FnZSI6IkJBaHBBNkxBQXc9PSIsImV4cCI6bnVsbCwicHVyIjoiYmxvYl9pZCJ9fQ==--914266e45ffad70c129ea287fd0109617f8ca7d6\/BASA250122A\"><\/audio><\/p>\n<p>Durante a programa\u00e7\u00e3o oficial da COP30, autoridades debateram os caminhos para <strong>o futuro log\u00edstico da Amaz\u00f4nia<\/strong> em um momento marcado pela press\u00e3o por novos corredores de transporte. <strong>O encontro destacou os principais desafios e oportunidades para o setor ap\u00f3s a Confer\u00eancia do Clima, com foco em destravar o potencial econ\u00f4mico da regi\u00e3o sem comprometer a Floresta Amaz\u00f4nica e em identificar oportunidades de desenvolvimento local<\/strong>. A discuss\u00e3o foi promovida pelo<a href=\"https:\/\/www.bancoamazonia.com.br\/\" target=\"_blank\" rel=\"noopener\"> Banco da Amaz\u00f4nia<\/a>, em seu pavilh\u00e3o na Green Zone, em Bel\u00e9m (PA).<\/p>\n<p>A discuss\u00e3o contou com a participa\u00e7\u00e3o do Ministro de Portos e Aeroportos (MPor), Silvio Costa Filho, al\u00e9m de especialistas do governo, setor privado e institui\u00e7\u00f5es de planejamento. O debate teve o objetivo de discutir como expandir a infraestrutura da Regi\u00e3o Norte sem repetir modelos que pressionam ainda mais o territ\u00f3rio.\u00a0<\/p>\n<h2>Import\u00e2ncia do di\u00e1logo na log\u00edstica da regi\u00e3o<\/h2>\n<p>O diretor de cr\u00e9dito do Banco da Amaz\u00f4nia, Roberto Schwartz, abriu o debate e destacou a import\u00e2ncia do di\u00e1logo com o MPor em um momento de reorganiza\u00e7\u00e3o dos corredores log\u00edsticos do pa\u00eds.<\/p>\n<p>Segundo ele, a presen\u00e7a de \u00f3rg\u00e3os reguladores e especialistas ajuda a esclarecer caminhos para a reorganiza\u00e7\u00e3o log\u00edstica da regi\u00e3o.<\/p>\n<p>\u201cEsse \u00e9 o nosso objetivo, conseguir promover discuss\u00e3o, conseguir promover debate para que a gente tenha cada vez mais uma sociedade consciente, uma sociedade segura para poder debater e dialogar os assuntos de sustentabilidade e log\u00edstica na regi\u00e3o\u201d, afirmou Roberto Schwartz.<\/p>\n<h2>Debate<\/h2>\n<p>O painel evidenciou a<strong> urg\u00eancia de solu\u00e7\u00f5es que evitem ampliar o desmatamento e os impactos sobre comunidades ribeirinhas<\/strong>, que ficam mais evidentes conforme aumenta a press\u00e3o por novos corredores log\u00edsticos. Nesse cen\u00e1rio, a infraestrutura verde \u2013 conceito que combina efici\u00eancia log\u00edstica com solu\u00e7\u00f5es baseadas na natureza \u2013 aparece como alternativa estrat\u00e9gica.<\/p>\n<p>As medidas envolvem a incorpora\u00e7\u00e3o de elementos naturais ao planejamento, como \u00e1reas de amortecimento contra cheias, drenagem natural e manejo florestal em faixas log\u00edsticas. Dessa forma, os projetos podem reduzir riscos, prolongar a vida \u00fatil das obras e evitar interven\u00e7\u00f5es mais agressivas ao ambiente.<\/p>\n<p>\t\t\t\t\t\t\t\t\t\t<img decoding=\"async\" src=\"https:\/\/brasil61.com\/api\/v1\/serve_pixel\/22254\/85901\" alt=\"Pixel Brasil 61\" class=\"b61_pixel\" width=\"0\" height=\"0\"><\/p>\n<div class=\"br61_backlink\">\n<p>\n\t\t\t\tFonte: <a href=\"https:\/\/brasil61.com\/cop30-gargalos-no-transporte-desafiam-infraestrutura-verde-na-amazonia-basa250122\" title=\"Artigo Original: COP30: gargalos no transporte desafiam infraestrutura verde na Amaz\u00f4nia\" target=\"_blank\" rel=\"noopener\">Brasil 61<\/a>\n\t\t\t<\/p>\n<\/p><\/div>\n<input type=\"hidden\" id=\"baseurl\" value=\"https:\/\/noticiasregionais.com.br\"><input type=\"hidden\" id=\"audio_nonce\" value=\"5c13e0637f\">","protected":false},"excerpt":{"rendered":"<p>Debate na Green Zone destaca que novos corredores log\u00edsticos precisam considerar impactos sobre comunidades ribeirinhas e floresta<\/p>\n","protected":false},"author":1,"featured_media":11110,"comment_status":"","ping_status":"open","sticky":false,"template":"","format":"standard","meta":{"sfsi_plus_gutenberg_text_before_share":"","sfsi_plus_gutenberg_show_text_before_share":"","sfsi_plus_gutenberg_icon_type":"","sfsi_plus_gutenberg_icon_alignemt":"","sfsi_plus_gutenburg_max_per_row":"","footnotes":""},"categories":[8],"tags":[],"class_list":["post-11109","post","type-post","status-publish","format-standard","has-post-thumbnail","hentry","category-brasil"],"_links":{"self":[{"href":"https:\/\/noticiasregionais.com.br\/index.php?rest_route=\/wp\/v2\/posts\/11109","targetHints":{"allow":["GET"]}}],"collection":[{"href":"https:\/\/noticiasregionais.com.br\/index.php?rest_route=\/wp\/v2\/posts"}],"about":[{"href":"https:\/\/noticiasregionais.com.br\/index.php?rest_route=\/wp\/v2\/types\/post"}],"author":[{"embeddable":true,"href":"https:\/\/noticiasregionais.com.br\/index.php?rest_route=\/wp\/v2\/users\/1"}],"replies":[{"embeddable":true,"href":"https:\/\/noticiasregionais.com.br\/index.php?rest_route=%2Fwp%2Fv2%2Fcomments&post=11109"}],"version-history":[{"count":0,"href":"https:\/\/noticiasregionais.com.br\/index.php?rest_route=\/wp\/v2\/posts\/11109\/revisions"}],"wp:featuredmedia":[{"embeddable":true,"href":"https:\/\/noticiasregionais.com.br\/index.php?rest_route=\/wp\/v2\/media\/11110"}],"wp:attachment":[{"href":"https:\/\/noticiasregionais.com.br\/index.php?rest_route=%2Fwp%2Fv2%2Fmedia&parent=11109"}],"wp:term":[{"taxonomy":"category","embeddable":true,"href":"https:\/\/noticiasregionais.com.br\/index.php?rest_route=%2Fwp%2Fv2%2Fcategories&post=11109"},{"taxonomy":"post_tag","embeddable":true,"href":"https:\/\/noticiasregionais.com.br\/index.php?rest_route=%2Fwp%2Fv2%2Ftags&post=11109"}],"curies":[{"name":"wp","href":"https:\/\/api.w.org\/{rel}","templated":true}]}}