{"id":11111,"date":"2025-11-18T17:00:00","date_gmt":"2025-11-18T20:00:00","guid":{"rendered":"https:\/\/noticiasregionais.com.br\/?p=11111"},"modified":"2025-11-18T19:31:21","modified_gmt":"2025-11-18T22:31:21","slug":"cop30-infraestrutura-verde-na-amazonia-depende-de-investimentos-estruturantes-como-saneamento","status":"publish","type":"post","link":"https:\/\/noticiasregionais.com.br\/?p=11111","title":{"rendered":"COP30: infraestrutura verde na Amaz\u00f4nia depende de investimentos estruturantes, como saneamento"},"content":{"rendered":"<p>\t\t\t\t\t\t\t\t\t\t<audio controls class=\"b61_audio_player\" data-noticia=\"85897\" src=\"https:\/\/brasil61.com\/rails\/active_storage\/blobs\/eyJfcmFpbHMiOnsibWVzc2FnZSI6IkJBaHBBN3pBQXc9PSIsImV4cCI6bnVsbCwicHVyIjoiYmxvYl9pZCJ9fQ==--8729491a4fd5083d0667a528c200a69a37d4ee3a\/BASA250121A\"><\/audio><\/p>\n<p>A implementa\u00e7\u00e3o de projetos de infraestrutura verde na Amaz\u00f4nia foi discutida na programa\u00e7\u00e3o oficial da COP30. O debate refor\u00e7ou que a<strong> descarboniza\u00e7\u00e3o s\u00f3 avan\u00e7a quando h\u00e1 investimentos em obras essenciais \u2014 especialmente em saneamento b\u00e1sico. <\/strong>O encontro, promovido pelo <a href=\"https:\/\/www.bancoamazonia.com.br\/\" target=\"_blank\" rel=\"noopener\">Banco da Amaz\u00f4nia<\/a> em seu pavilh\u00e3o na Green Zone, em Bel\u00e9m (PA), reuniu especialistas para discutir caminhos poss\u00edveis.<\/p>\n<p>A \u00eanfase no saneamento n\u00e3o foi \u00e0 toa: al\u00e9m de reduzir emiss\u00f5es e melhorar a qualidade de vida nas comunidades, essa infraestrutura prepara os territ\u00f3rios para receber projetos de energia renov\u00e1vel. Os participantes ressaltaram que<strong> o avan\u00e7o da infraestrutura verde depende diretamente de investimentos estruturantes e bem planejados.<\/strong><\/p>\n<p>O espa\u00e7o atraiu estudantes, profissionais do setor, lideran\u00e7as empresariais e representantes de diversas institui\u00e7\u00f5es. Tamb\u00e9m foram discutidos temas como inova\u00e7\u00e3o, baterias de \u00edons-l\u00edtio, microgera\u00e7\u00e3o solar e tecnologias limpas voltadas a comunidades isoladas da regi\u00e3o.<\/p>\n<p>Na avalia\u00e7\u00e3o de N\u00e9lio Gusm\u00e3o, Gerente Executivo de Cr\u00e9dito Corporate do Banco da Amaz\u00f4nia, a movimenta\u00e7\u00e3o no pavilh\u00e3o refor\u00e7a que a transi\u00e7\u00e3o energ\u00e9tica tem sido buscada na regi\u00e3o, \u201cmostrando que a transi\u00e7\u00e3o energ\u00e9tica n\u00e3o \u00e9 apenas discurso, ela j\u00e1 est\u00e1 acontecendo\u201d, ressaltou.<\/p>\n<h2>Visibilidade a modelos j\u00e1 adotados<\/h2>\n<p>Em rela\u00e7\u00e3o aos casos de sucesso voltados \u00e0 promo\u00e7\u00e3o de uma vida mais digna na regi\u00e3o com acesso \u00e0 \u00e1gua pot\u00e1vel, a diretora de Sustentabilidade da \u00c1guas do Par\u00e1, Adriana Albanese, apresentou o caso da<strong> Vila da Barca, em Bel\u00e9m (PA).<\/strong><\/p>\n<p>A vila paraense recebeu investimentos em saneamento que transformaram a realidade\u00a0de <strong>5 mil moradores, que passaram a receber \u00e1gua pot\u00e1vel regularmente ap\u00f3s a implanta\u00e7\u00e3o, em apenas tr\u00eas meses, de 2,3 km de redes elevadas. A iniciativa foi financiada pelo Banco da Amaz\u00f4nia.<\/strong><\/p>\n<p>A medida mostra a import\u00e2ncia da infraestrutura b\u00e1sica para a popula\u00e7\u00e3o, ao criar e fomentar melhores condi\u00e7\u00f5es para sa\u00fade e adapta\u00e7\u00e3o clim\u00e1tica.<\/p>\n<p>Ao longo dos debates, os especialistas discutiram o papel do financiamento sustent\u00e1vel na viabiliza\u00e7\u00e3o de projetos que exigem escala e continuidade \u2013 o que \u00e9 considerado crucial para transformar inova\u00e7\u00e3o em impacto real.\u00a0<\/p>\n<p>O diretor de Cr\u00e9dito do Banco da Amaz\u00f4nia, Roberto Schwartz, destacou o <strong>papel do financiamento sustent\u00e1vel para viabilizar as transforma\u00e7\u00f5es apresentadas.<\/strong> \u201cQuando diferentes empresas acreditam que o banco pode ajudar a transformar o que est\u00e1 no papel em realidade, isso vira impacto concreto. Esse \u00e9 o poder transformador do financiamento sustent\u00e1vel\u201d, afirmou .\u00a0<\/p>\n<p>Para Schwartz, a uni\u00e3o entre tecnologia, capital e articula\u00e7\u00e3o institucional \u00e9 o que garante que os projetos cheguem efetivamente \u00e0s comunidades amaz\u00f4nicas.<\/p>\n<h2>Energia com foco em redu\u00e7\u00e3o de custos<\/h2>\n<p>Outra experi\u00eancia apresentada foi destinada a mostrar aplica\u00e7\u00f5es de<strong> baterias de \u00edons-l\u00edtio capazes de reduzir custos, <\/strong>estabilizar o fornecimento de energia e substituir geradores a diesel \u2013 utiliza\u00e7\u00f5es comuns na regi\u00e3o.<\/p>\n<p>O caso foi mostrado pelo presidente do Conselho de Administra\u00e7\u00e3o da Matrix Energia, Wilson Ferreira J\u00fanior, por exemplo.<\/p>\n<p>\u201cCom placas solares e baterias, voc\u00ea carrega durante o dia e utiliza \u00e0 noite. A comunidade ganha autonomia energ\u00e9tica e abandona o diesel. \u00c9 uma solu\u00e7\u00e3o limpa, eficiente e replic\u00e1vel\u201d, ressaltou Wilson. Inclusive uma parcela dessas iniciativas foi financiada pelo Banco da Amaz\u00f4nia para sua implementa\u00e7\u00e3o..<\/p>\n<p>Ainda no painel sobre transi\u00e7\u00e3o energ\u00e9tica, Fl\u00e1vio Carminati, presidente da Juparan\u00e3, empresa do ramo do agroneg\u00f3cio, refor\u00e7ou que o financiamento \u00e9 um dos principais pilares da transi\u00e7\u00e3o energ\u00e9tica.\u00a0<\/p>\n<p>\u201cO Banco da Amaz\u00f4nia foi o primeiro com quem fiz uma opera\u00e7\u00e3o financeira, e essa parceria cresceu porque viabiliza projetos reais. Isso mostra como o apoio financeiro \u00e9 determinante para iniciativas estruturais\u201d, apontou Carminati.<\/p>\n<p>\u00a0<\/p>\n<p>\t\t\t\t\t\t\t\t\t<img decoding=\"async\" src=\"https:\/\/brasil61.com\/api\/v1\/serve_pixel\/22254\/85897\" alt=\"Pixel Brasil 61\" class=\"b61_pixel\" width=\"0\" height=\"0\"><\/p>\n<div class=\"br61_backlink\">\n<p>\n\t\t\t\tFonte: <a href=\"https:\/\/brasil61.com\/cop30-infraestrutura-verde-na-amazonia-depende-de-investimentos-estruturantes-como-saneamento-basa250121\" title=\"Artigo Original: COP30: infraestrutura verde na Amaz\u00f4nia depende de investimentos estruturantes, como saneamento\" target=\"_blank\" rel=\"noopener\">Brasil 61<\/a>\n\t\t\t<\/p>\n<\/p><\/div>\n<input type=\"hidden\" id=\"baseurl\" value=\"https:\/\/noticiasregionais.com.br\"><input type=\"hidden\" id=\"audio_nonce\" value=\"5c13e0637f\">","protected":false},"excerpt":{"rendered":"<p>Com a presen\u00e7a de estudantes, profissionais do setor, lideran\u00e7as empresariais e representantes de diversas institui\u00e7\u00f5es, debate mostrou que a descarboniza\u00e7\u00e3o s\u00f3 avan\u00e7a quando h\u00e1 recursos destinados a projetos de infraestrutura essencial<\/p>\n","protected":false},"author":1,"featured_media":11116,"comment_status":"closed","ping_status":"open","sticky":false,"template":"","format":"standard","meta":{"sfsi_plus_gutenberg_text_before_share":"","sfsi_plus_gutenberg_show_text_before_share":"","sfsi_plus_gutenberg_icon_type":"","sfsi_plus_gutenberg_icon_alignemt":"","sfsi_plus_gutenburg_max_per_row":"","footnotes":""},"categories":[8],"tags":[],"class_list":["post-11111","post","type-post","status-publish","format-standard","has-post-thumbnail","hentry","category-brasil"],"_links":{"self":[{"href":"https:\/\/noticiasregionais.com.br\/index.php?rest_route=\/wp\/v2\/posts\/11111","targetHints":{"allow":["GET"]}}],"collection":[{"href":"https:\/\/noticiasregionais.com.br\/index.php?rest_route=\/wp\/v2\/posts"}],"about":[{"href":"https:\/\/noticiasregionais.com.br\/index.php?rest_route=\/wp\/v2\/types\/post"}],"author":[{"embeddable":true,"href":"https:\/\/noticiasregionais.com.br\/index.php?rest_route=\/wp\/v2\/users\/1"}],"replies":[{"embeddable":true,"href":"https:\/\/noticiasregionais.com.br\/index.php?rest_route=%2Fwp%2Fv2%2Fcomments&post=11111"}],"version-history":[{"count":1,"href":"https:\/\/noticiasregionais.com.br\/index.php?rest_route=\/wp\/v2\/posts\/11111\/revisions"}],"predecessor-version":[{"id":11115,"href":"https:\/\/noticiasregionais.com.br\/index.php?rest_route=\/wp\/v2\/posts\/11111\/revisions\/11115"}],"wp:featuredmedia":[{"embeddable":true,"href":"https:\/\/noticiasregionais.com.br\/index.php?rest_route=\/wp\/v2\/media\/11116"}],"wp:attachment":[{"href":"https:\/\/noticiasregionais.com.br\/index.php?rest_route=%2Fwp%2Fv2%2Fmedia&parent=11111"}],"wp:term":[{"taxonomy":"category","embeddable":true,"href":"https:\/\/noticiasregionais.com.br\/index.php?rest_route=%2Fwp%2Fv2%2Fcategories&post=11111"},{"taxonomy":"post_tag","embeddable":true,"href":"https:\/\/noticiasregionais.com.br\/index.php?rest_route=%2Fwp%2Fv2%2Ftags&post=11111"}],"curies":[{"name":"wp","href":"https:\/\/api.w.org\/{rel}","templated":true}]}}