{"id":11133,"date":"2025-11-19T04:50:00","date_gmt":"2025-11-19T07:50:00","guid":{"rendered":"https:\/\/noticiasregionais.com.br\/?p=11133"},"modified":"2025-11-19T04:50:00","modified_gmt":"2025-11-19T07:50:00","slug":"aberta-consulta-publica-para-descarbonizacao-da-industria-brasileira","status":"publish","type":"post","link":"https:\/\/noticiasregionais.com.br\/?p=11133","title":{"rendered":"Aberta consulta p\u00fablica para descarboniza\u00e7\u00e3o da ind\u00fastria brasileira"},"content":{"rendered":"<p>\t\t\t\t\t\t\t\t\t\t\t<audio controls class=\"b61_audio_player\" data-noticia=\"85923\" src=\"https:\/\/brasil61.com\/rails\/active_storage\/blobs\/eyJfcmFpbHMiOnsibWVzc2FnZSI6IkJBaHBBM2ZCQXc9PSIsImV4cCI6bnVsbCwicHVyIjoiYmxvYl9pZCJ9fQ==--e5b093ae5a67720de70970d24d3e6997909125e7\/PIND254683A\"><\/audio><\/p>\n<p>Em meio \u00e0s discuss\u00f5es globais sobre combate \u00e0s mudan\u00e7as clim\u00e1ticas na <a href=\"https:\/\/brasil61.com\/noticias\/tag\/cop-30\" target=\"_blank\" rel=\"noopener\">COP 30<\/a>, em Bel\u00e9m (PA), o <a href=\"https:\/\/www.gov.br\/mdic\/pt-br\" target=\"_blank\" rel=\"noopener\">Minist\u00e9rio do Desenvolvimento, Ind\u00fastria, Com\u00e9rcio e Servi\u00e7os (MDIC)<\/a> lan\u00e7ou uma consulta p\u00fablica que refor\u00e7a a posi\u00e7\u00e3o do Brasil como lideran\u00e7a em transi\u00e7\u00e3o energ\u00e9tica. A Estrat\u00e9gia Nacional de Descarboniza\u00e7\u00e3o Industrial (ENDI) prop\u00f5e colocar a sustentabilidade no centro do desenvolvimento econ\u00f4mico de setores estrat\u00e9gicos da ind\u00fastria, estruturada em quatro eixos:<\/p>\n<p>\u25cf\u00a0\u00a0 \u00a0pesquisa, desenvolvimento, inova\u00e7\u00e3o e capacita\u00e7\u00e3o profissional;<br \/>\n\u25cf\u00a0\u00a0 \u00a0insumos descarbonizantes;<br \/>\n\u25cf\u00a0\u00a0 \u00a0est\u00edmulo \u00e0 demanda por produtos de baixo carbono;<br \/>\n\u25cf\u00a0\u00a0 \u00a0financiamento e incentivos.<\/p>\n<p>A iniciativa integra o conjunto de pol\u00edticas que o governo federal vem anunciando para fortalecer a ind\u00fastria brasileira diante da crescente demanda internacional por processos produtivos de baixo carbono \u2013 ao mesmo tempo em que busca ampliar a competitividade e gerar empregos.<\/p>\n<p>O lan\u00e7amento da consulta p\u00fablica ocorreu na segunda-feira (17), na Zona Verde da COP30. Presente \u00e0 solenidade, o vice-presidente e ministro do MDIC, Geraldo Alckmin, destacou que o Brasil precisa aproveitar sua posi\u00e7\u00e3o estrat\u00e9gica para modernizar a produ\u00e7\u00e3o industrial e alinh\u00e1-la \u00e0s metas clim\u00e1ticas para 2050.\u00a0<\/p>\n<p>\u201cEntre as grandes economias do mundo, ningu\u00e9m tem 85% de energia renov\u00e1vel \u2014 e\u00f3lica, solar, hidrel\u00e9trica \u2014 como o Brasil. Quando e\u00f3lica e solar come\u00e7aram l\u00e1 atr\u00e1s, poucos acreditavam que eram vi\u00e1veis. Hoje s\u00e3o as fontes mais baratas. O meio ambiente, a sustentabilidade, ajudam a economia\u201d, afirmou.<\/p>\n<h2>Parceria t\u00e9cnica<\/h2>\n<p>A elabora\u00e7\u00e3o da estrat\u00e9gia conta com parceria t\u00e9cnica da Confedera\u00e7\u00e3o Nacional da Ind\u00fastria (CNI), que representou o setor industrial na assinatura da carta de engajamento. A entidade tamb\u00e9m mobilizou setores energointensivos para contribuir com o processo.<\/p>\n<p>\u201cA ENDI consolida diretrizes presentes em diversas pol\u00edticas p\u00fablicas \u2014 como a Nova Ind\u00fastria Brasil, o Plano de Transforma\u00e7\u00e3o Ecol\u00f3gica, o Plano de Transi\u00e7\u00e3o Energ\u00e9tica e o Plano Clima. Ela aponta o \u2018como fazer\u2019, com eixos que tratam de tecnologia e inova\u00e7\u00e3o, mercado, insumos verdes e o alicerce que sustenta tudo isso: o financiamento sustent\u00e1vel\u201d, explicou Davi Bomtempo, superintendente de Meio Ambiente e Sustentabilidade da CNI.<\/p>\n<h2>Consulta p\u00fablica<\/h2>\n<p>A estrat\u00e9gia envolve setores como siderurgia, cimento, qu\u00edmico, papel e celulose, alum\u00ednio e vidro, e re\u00fane a\u00e7\u00f5es voltadas \u00e0 inova\u00e7\u00e3o, efici\u00eancia produtiva e cria\u00e7\u00e3o de mercados para produtos de baixo carbono.<\/p>\n<p>A consulta p\u00fablica est\u00e1 aberta na <a href=\"https:\/\/brasilparticipativo.presidencia.gov.br\/processes\/descarbonizaCaoindustrial\" target=\"_blank\" rel=\"noopener\">Plataforma Brasil Participativo<\/a>\u00a0at\u00e9 17 de janeiro de 2026.<\/p>\n<p>\t\t\t\t\t\t\t\t\t\t<img decoding=\"async\" src=\"https:\/\/brasil61.com\/api\/v1\/serve_pixel\/22254\/85923\" alt=\"Pixel Brasil 61\" class=\"b61_pixel\" width=\"0\" height=\"0\"><\/p>\n<div class=\"br61_backlink\">\n<p>\n\t\t\t\tFonte: <a href=\"https:\/\/brasil61.com\/aberta-consulta-publica-para-descarbonizacao-da-industria-brasileira-pind254683\" title=\"Artigo Original: Aberta consulta p\u00fablica para descarboniza\u00e7\u00e3o da ind\u00fastria brasileira\" target=\"_blank\" rel=\"noopener\">Brasil 61<\/a>\n\t\t\t<\/p>\n<\/p><\/div>\n<input type=\"hidden\" id=\"baseurl\" value=\"https:\/\/noticiasregionais.com.br\"><input type=\"hidden\" id=\"audio_nonce\" value=\"5c13e0637f\">","protected":false},"excerpt":{"rendered":"<p>Parceria entre CNI e MDIC busca modernizar parque industrial nacional e atingir metas clim\u00e1ticas<\/p>\n","protected":false},"author":1,"featured_media":11134,"comment_status":"","ping_status":"open","sticky":false,"template":"","format":"standard","meta":{"sfsi_plus_gutenberg_text_before_share":"","sfsi_plus_gutenberg_show_text_before_share":"","sfsi_plus_gutenberg_icon_type":"","sfsi_plus_gutenberg_icon_alignemt":"","sfsi_plus_gutenburg_max_per_row":"","footnotes":""},"categories":[8],"tags":[],"class_list":["post-11133","post","type-post","status-publish","format-standard","has-post-thumbnail","hentry","category-brasil"],"_links":{"self":[{"href":"https:\/\/noticiasregionais.com.br\/index.php?rest_route=\/wp\/v2\/posts\/11133","targetHints":{"allow":["GET"]}}],"collection":[{"href":"https:\/\/noticiasregionais.com.br\/index.php?rest_route=\/wp\/v2\/posts"}],"about":[{"href":"https:\/\/noticiasregionais.com.br\/index.php?rest_route=\/wp\/v2\/types\/post"}],"author":[{"embeddable":true,"href":"https:\/\/noticiasregionais.com.br\/index.php?rest_route=\/wp\/v2\/users\/1"}],"replies":[{"embeddable":true,"href":"https:\/\/noticiasregionais.com.br\/index.php?rest_route=%2Fwp%2Fv2%2Fcomments&post=11133"}],"version-history":[{"count":0,"href":"https:\/\/noticiasregionais.com.br\/index.php?rest_route=\/wp\/v2\/posts\/11133\/revisions"}],"wp:featuredmedia":[{"embeddable":true,"href":"https:\/\/noticiasregionais.com.br\/index.php?rest_route=\/wp\/v2\/media\/11134"}],"wp:attachment":[{"href":"https:\/\/noticiasregionais.com.br\/index.php?rest_route=%2Fwp%2Fv2%2Fmedia&parent=11133"}],"wp:term":[{"taxonomy":"category","embeddable":true,"href":"https:\/\/noticiasregionais.com.br\/index.php?rest_route=%2Fwp%2Fv2%2Fcategories&post=11133"},{"taxonomy":"post_tag","embeddable":true,"href":"https:\/\/noticiasregionais.com.br\/index.php?rest_route=%2Fwp%2Fv2%2Ftags&post=11133"}],"curies":[{"name":"wp","href":"https:\/\/api.w.org\/{rel}","templated":true}]}}