{"id":11135,"date":"2025-11-19T09:00:00","date_gmt":"2025-11-19T12:00:00","guid":{"rendered":"https:\/\/noticiasregionais.com.br\/?p=11135"},"modified":"2025-11-20T00:01:23","modified_gmt":"2025-11-20T03:01:23","slug":"brasil-antenado-familias-de-77-municipios-do-norte-e-nordeste-podem-solicitar-antena-digital-gratuita-ate-13-dezembro","status":"publish","type":"post","link":"https:\/\/noticiasregionais.com.br\/?p=11135","title":{"rendered":"Brasil Antenado: fam\u00edlias de 77 munic\u00edpios do Norte e Nordeste podem solicitar antena digital gratuita at\u00e9 13 dezembro"},"content":{"rendered":"<p>\t\t\t\t\t\t\t\t\t\t<audio controls class=\"b61_audio_player\" data-noticia=\"85893\" src=\"https:\/\/brasil61.com\/rails\/active_storage\/blobs\/eyJfcmFpbHMiOnsibWVzc2FnZSI6IkJBaHBBN0RBQXc9PSIsImV4cCI6bnVsbCwicHVyIjoiYmxvYl9pZCJ9fQ==--0a2cf7ee8039ee8ee4c88452ab993f1f00dac753\/BRAS2515165B\"><\/audio><\/p>\n<p>\t\t\t\t\t\t\t\t\t\t<audio controls class=\"b61_audio_player\" data-noticia=\"85893\" src=\"https:\/\/brasil61.com\/rails\/active_storage\/blobs\/eyJfcmFpbHMiOnsibWVzc2FnZSI6IkJBaHBBNW5BQXc9PSIsImV4cCI6bnVsbCwicHVyIjoiYmxvYl9pZCJ9fQ==--a60957d3f115749263b4845a77fbdbb5129a072b\/BRAS2515165A\"><\/audio><\/p>\n<p><strong>Fam\u00edlias de 77 munic\u00edpios<\/strong> do Cear\u00e1, Maranh\u00e3o, Par\u00e1, Pernambuco, Piau\u00ed e do Rio Grande do Norte <strong>t\u00eam at\u00e9 o dia 13 de dezembro para solicitar a instala\u00e7\u00e3o gratuita de nova parab\u00f3lica digital<\/strong> pelo <a href=\"https:\/\/www.brasilantenado.org.br\/\" target=\"_blank\" rel=\"noopener\">Programa Brasil Antenado<\/a>. Nesta primeira fase do programa, a <strong>Fase A<\/strong>, mais de <strong>220 mil fam\u00edlias inscritas no Cadastro \u00danico<\/strong> (<a href=\"https:\/\/www.gov.br\/pt-br\/servicos\/consultar-dados-do-cadastro-unico-cadunico\" target=\"_blank\" rel=\"noopener\">Cad\u00danico<\/a>) <strong>podem receber o kit<\/strong>.<\/p>\n<p>Voltada a cidades com acesso limitado ao sinal de TV ou que enfrentam instabilidade na recep\u00e7\u00e3o, a iniciativa \u00e9 coordenada pelo Minist\u00e9rio das Comunica\u00e7\u00f5es (<a href=\"https:\/\/www.gov.br\/mcom\/pt-br\" target=\"_blank\" rel=\"noopener\">MCom<\/a>) e pela Ag\u00eancia Nacional de Telecomunica\u00e7\u00f5es (<a href=\"https:\/\/www.gov.br\/anatel\/pt-br\" target=\"_blank\" rel=\"noopener\">Anatel<\/a>), com execu\u00e7\u00e3o da Entidade Administradora da Faixa (<a href=\"https:\/\/www.eaf.org.br\/\" target=\"_blank\" rel=\"noopener\">EAF<\/a>).<\/p>\n<p>O <strong>prazo<\/strong> inicial<strong> para o agendamento<\/strong>, previsto para outubro, foi <strong>prorrogado at\u00e9 dezembro<\/strong>. A medida, segundo a EAF, <strong>tem o objetivo de ampliar o atendimento e garantir que mais fam\u00edlias de baixa renda possam solicitar<\/strong> o benef\u00edcio.<\/p>\n<p>Com a nova antena parab\u00f3lica digital, os<strong> benefici\u00e1rios passam a contar<\/strong> com uma programa\u00e7\u00e3o de TV aberta <strong>com imagem e som em alta defini\u00e7\u00e3o<\/strong>, maior estabilidade de sinal e acesso a mais de 100 canais gratuitos.<\/p>\n<p>O CEO da EAF, Leandro Guerra, ressalta que a <strong>instala\u00e7\u00e3o da nova parab\u00f3lica digital traz benef\u00edcios diretos para as fam\u00edlias de baixa renda<\/strong>. \u201cMais acesso \u00e0 informa\u00e7\u00e3o, educa\u00e7\u00e3o, cultura e entretenimento, fortalecendo a cidadania e reduzindo desigualdades\u201d, afirma.<\/p>\n<p>Segundo Guerra, para muitas fam\u00edlias, o equipamento representa tamb\u00e9m uma forma de inclus\u00e3o. \u201cA TV continua sendo o principal meio de informa\u00e7\u00e3o em diversas regi\u00f5es do pa\u00eds\u201d, completa.<\/p>\n<p>Nilcir Domingos, morador de <a href=\"https:\/\/www.ibge.gov.br\/cidades-e-estados\/rn\/sao-miguel-do-gostoso.html\" target=\"_blank\" rel=\"noopener\">S\u00e3o Miguel do Gostoso (RN)<\/a> \u2014 munic\u00edpio com cerca de 10 mil habitantes, segundo o <a href=\"https:\/\/www.ibge.gov.br\/cidades-e-estados\" target=\"_blank\" rel=\"noopener\">IBGE<\/a>\u00a0\u2014 \u00e9 um dos contemplados pelo programa Brasil Antenado. Para ele, a chegada do equipamento representa um ganho importante no dia a dia da fam\u00edlia.<\/p>\n<p>\u201cUma oportunidade dessas a gente n\u00e3o pode perder, n\u00e9? Se deixar, a gente fica 24 horas conectado na televis\u00e3o. Ah, isso a\u00ed \u00e9 bom demais. Maravilha\u201d, comemora.<\/p>\n<h2>Brasil Antenado: como solicitar a antena digital?<\/h2>\n<p>Para receber o equipamento, o <strong>benefici\u00e1rio deve estar inscrito no Cad\u00danico<\/strong>,<strong> possuir um aparelho de televis\u00e3o e residir em um dos munic\u00edpios contemplados pelo programa<\/strong>.<\/p>\n<p>A instala\u00e7\u00e3o <strong>pode ser agendada<\/strong> pelo <a href=\"http:\/\/brasilantenado.org.br\/\" target=\"_blank\" rel=\"noopener\">site<\/a> ou pelo telefone 0800 729 2404, que tamb\u00e9m recebe mensagens via <a href=\"https:\/\/api.whatsapp.com\/send?phone=5508007292404&amp;text=Gostaria%20de%20realizar%20o%20agendamento\" target=\"_blank\" rel=\"noopener\">WhatsApp<\/a>. Todo o processo \u00e9 gratuito e inclui o fornecimento e a configura\u00e7\u00e3o da nova antena digital.<\/p>\n<p>N\u00e3o \u00e9 necess\u00e1rio ter uma parab\u00f3lica antiga para solicitar o agendamento, o programa instala antenas novas nas resid\u00eancias.<\/p>\n<p>Acesse a lista completa de cidades beneficiadas em <a href=\"http:\/\/brasilantenado.org.br\" target=\"_blank\" rel=\"noopener\">brasilantenado.org.br<\/a>.<\/p>\n<h2>Brasil Antenado: caravana\u00a0<\/h2>\n<p>Com a prorroga\u00e7\u00e3o do prazo da Fase A at\u00e9 dezembro, a <strong>Caravana Brasil Antenado continua percorrendo os estados participantes<\/strong>. A iniciativa <strong>oferece atendimento presencial<\/strong> sobre o programa. O ve\u00edculo permanece um dia em cada munic\u00edpio, promovendo demonstra\u00e7\u00f5es pr\u00e1ticas do funcionamento da parab\u00f3lica digital e orientando as fam\u00edlias sobre como agendar a instala\u00e7\u00e3o do equipamento.<\/p>\n<p>At\u00e9 o momento, a caravana j\u00e1 percorreu os estados do Cear\u00e1, Maranh\u00e3o, Piau\u00ed, Rio Grande do Norte, Par\u00e1 e Pernambuco e seguir\u00e1 visitando as cidades da Fase A at\u00e9 dezembro. A caravana conta com o apoio das prefeituras, dos Centros de Refer\u00eancia de Assist\u00eancia Social (<a href=\"https:\/\/www.gov.br\/pt-br\/servicos\/acessar-o-cras-centro-de-referencia-da-assistencia-social\" target=\"_blank\" rel=\"noopener\">CRAS<\/a>) e de lideran\u00e7as locais para alcan\u00e7ar as fam\u00edlias aptas.<\/p>\n<h2>Brasil Antenado: cronograma<\/h2>\n<p>O programa Brasil Antenado ser\u00e1 implementado em <strong>323 munic\u00edpios<\/strong> de <strong>16 estados <\/strong>brasileiros. A execu\u00e7\u00e3o ocorre em tr\u00eas etapas, sendo duas j\u00e1 em andamento:<\/p>\n<p><strong>Fase A (14\/07\/2025 &#8211; 13\/12\/25):<\/strong> 77 munic\u00edpios, em 6 estados (MA, PI, PA, CE, RN e PE) mais de 220 mil fam\u00edlias aptas.<br \/>\n<strong>Fase B (13\/10\/2025 &#8211; 13\/03\/2026):<\/strong> 138 munic\u00edpios, em 5 estados (TO, PA, RR, PI, MA) &#8211; mais de 229 mil fam\u00edlias aptas.<br \/>\n<strong>Fase C (12\/01\/2026 &#8211; 13\/06\/2026):<\/strong> 108 cidades, em 8 estados (ES, MG, GO, BA, MT, MS, RO, RS), sendo mais de 222 mil fam\u00edlias aptas.<\/p>\n<p>\t\t\t\t\t\t\t\t\t<img decoding=\"async\" src=\"https:\/\/brasil61.com\/api\/v1\/serve_pixel\/22254\/85893\" alt=\"Pixel Brasil 61\" class=\"b61_pixel\" width=\"0\" height=\"0\"><\/p>\n<div class=\"br61_backlink\">\n<p>\n\t\t\t\tFonte: <a href=\"https:\/\/brasil61.com\/brasil-antenado-familias-de-77-municipios-do-norte-e-nordeste-podem-solicitar-antena-digital-gratuita-ate-13-dezembro-bras2515165\" title=\"Artigo Original: Brasil Antenado: fam\u00edlias de 77 munic\u00edpios do Norte e Nordeste podem solicitar antena digital gratuita at\u00e9 13 dezembro\" target=\"_blank\" rel=\"noopener\">Brasil 61<\/a>\n\t\t\t<\/p>\n<\/p><\/div>\n<input type=\"hidden\" id=\"baseurl\" value=\"https:\/\/noticiasregionais.com.br\"><input type=\"hidden\" id=\"audio_nonce\" value=\"5c13e0637f\">","protected":false},"excerpt":{"rendered":"<p>Fase A do programa foi prorrogada e contempla cidades do CE, MA, PA, PE, PI e RN. Duzentas e vinte mil fam\u00edlias est\u00e3o aptas a receber gratuitamente o novo equipamento nesta fase<\/p>\n","protected":false},"author":1,"featured_media":11145,"comment_status":"closed","ping_status":"open","sticky":false,"template":"","format":"standard","meta":{"sfsi_plus_gutenberg_text_before_share":"","sfsi_plus_gutenberg_show_text_before_share":"","sfsi_plus_gutenberg_icon_type":"","sfsi_plus_gutenberg_icon_alignemt":"","sfsi_plus_gutenburg_max_per_row":"","footnotes":""},"categories":[8],"tags":[],"class_list":["post-11135","post","type-post","status-publish","format-standard","has-post-thumbnail","hentry","category-brasil"],"_links":{"self":[{"href":"https:\/\/noticiasregionais.com.br\/index.php?rest_route=\/wp\/v2\/posts\/11135","targetHints":{"allow":["GET"]}}],"collection":[{"href":"https:\/\/noticiasregionais.com.br\/index.php?rest_route=\/wp\/v2\/posts"}],"about":[{"href":"https:\/\/noticiasregionais.com.br\/index.php?rest_route=\/wp\/v2\/types\/post"}],"author":[{"embeddable":true,"href":"https:\/\/noticiasregionais.com.br\/index.php?rest_route=\/wp\/v2\/users\/1"}],"replies":[{"embeddable":true,"href":"https:\/\/noticiasregionais.com.br\/index.php?rest_route=%2Fwp%2Fv2%2Fcomments&post=11135"}],"version-history":[{"count":1,"href":"https:\/\/noticiasregionais.com.br\/index.php?rest_route=\/wp\/v2\/posts\/11135\/revisions"}],"predecessor-version":[{"id":11144,"href":"https:\/\/noticiasregionais.com.br\/index.php?rest_route=\/wp\/v2\/posts\/11135\/revisions\/11144"}],"wp:featuredmedia":[{"embeddable":true,"href":"https:\/\/noticiasregionais.com.br\/index.php?rest_route=\/wp\/v2\/media\/11145"}],"wp:attachment":[{"href":"https:\/\/noticiasregionais.com.br\/index.php?rest_route=%2Fwp%2Fv2%2Fmedia&parent=11135"}],"wp:term":[{"taxonomy":"category","embeddable":true,"href":"https:\/\/noticiasregionais.com.br\/index.php?rest_route=%2Fwp%2Fv2%2Fcategories&post=11135"},{"taxonomy":"post_tag","embeddable":true,"href":"https:\/\/noticiasregionais.com.br\/index.php?rest_route=%2Fwp%2Fv2%2Ftags&post=11135"}],"curies":[{"name":"wp","href":"https:\/\/api.w.org\/{rel}","templated":true}]}}