{"id":11148,"date":"2025-11-20T04:05:00","date_gmt":"2025-11-20T07:05:00","guid":{"rendered":"https:\/\/noticiasregionais.com.br\/?p=11148"},"modified":"2025-11-20T04:05:00","modified_gmt":"2025-11-20T07:05:00","slug":"soja-e-trigo-hoje-confira-as-cotacoes-para-quinta-20","status":"publish","type":"post","link":"https:\/\/noticiasregionais.com.br\/?p=11148","title":{"rendered":"Soja e trigo hoje: confira as cota\u00e7\u00f5es para quinta (20)"},"content":{"rendered":"<p>\t\t\t\t\t\t\t\t\t\t\t<audio controls class=\"b61_audio_player\" data-noticia=\"85943\" src=\"https:\/\/brasil61.com\/rails\/active_storage\/blobs\/eyJfcmFpbHMiOnsibWVzc2FnZSI6IkJBaHBBKy9CQXc9PSIsImV4cCI6bnVsbCwicHVyIjoiYmxvYl9pZCJ9fQ==--bef4346789a22a091ce905b4a5ea392cd30642d8\/PAGR255940A\"><\/audio><\/p>\n<p>O valor da saca de 60 kg da <strong>soja <\/strong>abre esta quinta-feira (20) em <strong>alta<\/strong>\u00a0no interior do Paran\u00e1, como tamb\u00e9m no litoral do estado, em Paranagu\u00e1.\u00a0<\/p>\n<p>Na primeira regi\u00e3o, o gr\u00e3o teve <strong>reajuste de 0,30%<\/strong> e \u00e9 negociado a <strong>R$ 135,85<\/strong>; na segunda, o\u00a0<strong>ajuste <\/strong>foi <strong>de 0,40%<\/strong>, com a mercadoria cotada a <strong>R$ 141,70<\/strong>.<\/p>\n<p><strong>INDICADOR DA SOJA CEPEA\/ESALQ &#8211; PARAN\u00c1<\/strong><\/p>\n<table>\n<thead>\n<tr>\n<th>Data<\/th>\n<th>Valor R$*<\/th>\n<th>Var.\/Dia<\/th>\n<th>Var.\/M\u00eas<\/th>\n<th>Valor US$*<\/th>\n<\/tr>\n<\/thead>\n<tbody>\n<tr>\n<td>19\/11\/2025<\/td>\n<td>135,85<\/td>\n<td>0,30%<\/td>\n<td>1,70%<\/td>\n<td>25,45<\/td>\n<\/tr>\n<tr>\n<td>18\/11\/2025<\/td>\n<td>135,44<\/td>\n<td>0,39%<\/td>\n<td>1,39%<\/td>\n<td>25,47<\/td>\n<\/tr>\n<tr>\n<td>17\/11\/2025<\/td>\n<td>134,92<\/td>\n<td>0,26%<\/td>\n<td>1,00%<\/td>\n<td>25,33<\/td>\n<\/tr>\n<tr>\n<td>14\/11\/2025<\/td>\n<td>134,57<\/td>\n<td>0,19%<\/td>\n<td>0,74%<\/td>\n<td>25,39<\/td>\n<\/tr>\n<tr>\n<td>13\/11\/2025<\/td>\n<td>134,31<\/td>\n<td>0,28%<\/td>\n<td>0,55%<\/td>\n<td>25,36<\/td>\n<\/tr>\n<\/tbody>\n<\/table>\n<p><strong>INDICADOR DA SOJA CEPEA\/ESALQ &#8211; PARANAGU\u00c1<\/strong><\/p>\n<table>\n<thead>\n<tr>\n<th>Data<\/th>\n<th>Valor R$*<\/th>\n<th>Var.\/Dia<\/th>\n<th>Var.\/M\u00eas<\/th>\n<th>Valor US$*<\/th>\n<\/tr>\n<\/thead>\n<tbody>\n<tr>\n<td>19\/11\/2025<\/td>\n<td>141,70<\/td>\n<td>0,40%<\/td>\n<td>1,30%<\/td>\n<td>26,55<\/td>\n<\/tr>\n<tr>\n<td>18\/11\/2025<\/td>\n<td>141,13<\/td>\n<td>0,60%<\/td>\n<td>0,89%<\/td>\n<td>26,54<\/td>\n<\/tr>\n<tr>\n<td>17\/11\/2025<\/td>\n<td>140,29<\/td>\n<td>0,15%<\/td>\n<td>0,29%<\/td>\n<td>26,34<\/td>\n<\/tr>\n<tr>\n<td>14\/11\/2025<\/td>\n<td>140,08<\/td>\n<td>0,06%<\/td>\n<td>0,14%<\/td>\n<td>26,43<\/td>\n<\/tr>\n<tr>\n<td>13\/11\/2025<\/td>\n<td>139,99<\/td>\n<td>-0,07%<\/td>\n<td>0,08%<\/td>\n<td>26,43<\/td>\n<\/tr>\n<\/tbody>\n<\/table>\n<h2>Trigo<\/h2>\n<p>O pre\u00e7o do <strong>trigo<\/strong>, por sua vez, registra <strong>alta\u00a0de 0,21% no Paran\u00e1 <\/strong>e<strong>\u00a0estabilidade no Rio Grande do Sul<\/strong>.<strong>\u00a0<\/strong>No primeiro estado, a tonelada\u00a0\u00e9 vendida a<strong> R$ 1.199,57<\/strong>, enquanto no segundo \u00e9 comercializada a<strong> R$ 1.044,16<\/strong>.<\/p>\n<p><strong>PRE\u00c7O M\u00c9DIO DO TRIGO CEPEA\/ESALQ &#8211; PARAN\u00c1<\/strong><\/p>\n<table>\n<tbody>\n<tr>\n<th>Data<\/th>\n<th>Valor R$\/t*<\/th>\n<th>Var.\/Dia<\/th>\n<th>Var.\/M\u00eas<\/th>\n<th>Valor US$\/t*<\/th>\n<\/tr>\n<tr>\n<td>19\/11\/2025<\/td>\n<td>1.199,57<\/td>\n<td>0,21%<\/td>\n<td>0,50%<\/td>\n<td>224,72<\/td>\n<\/tr>\n<tr>\n<td>18\/11\/2025<\/td>\n<td>1.197,06<\/td>\n<td>0,18%<\/td>\n<td>0,29%<\/td>\n<td>225,10<\/td>\n<\/tr>\n<tr>\n<td>17\/11\/2025<\/td>\n<td>1.194,85<\/td>\n<td>0,21%<\/td>\n<td>0,10%<\/td>\n<td>224,34<\/td>\n<\/tr>\n<tr>\n<td>14\/11\/2025<\/td>\n<td>1.192,33<\/td>\n<td>0,06%<\/td>\n<td>-0,11%<\/td>\n<td>225,01<\/td>\n<\/tr>\n<tr>\n<td>13\/11\/2025<\/td>\n<td>1.191,63<\/td>\n<td>-0,16%<\/td>\n<td>-0,17%<\/td>\n<td>224,96<\/td>\n<\/tr>\n<\/tbody>\n<\/table>\n<p><strong>PRE\u00c7O M\u00c9DIO DO TRIGO CEPEA\/ESALQ &#8211; RIO GRANDE DO SUL<\/strong><\/p>\n<table>\n<tbody>\n<tr>\n<th>Data<\/th>\n<th>Valor R$\/t*<\/th>\n<th>Var.\/Dia<\/th>\n<th>Var.\/M\u00eas<\/th>\n<th>Valor US$\/t*<\/th>\n<\/tr>\n<tr>\n<td>19\/11\/2025<\/td>\n<td>1.044,16<\/td>\n<td>0,00%<\/td>\n<td>-3,30%<\/td>\n<td>195,61<\/td>\n<\/tr>\n<tr>\n<td>18\/11\/2025<\/td>\n<td>1.044,16<\/td>\n<td>0,13%<\/td>\n<td>-3,30%<\/td>\n<td>196,34<\/td>\n<\/tr>\n<tr>\n<td>17\/11\/2025<\/td>\n<td>1.042,79<\/td>\n<td>0,00%<\/td>\n<td>-3,43%<\/td>\n<td>195,79<\/td>\n<\/tr>\n<tr>\n<td>14\/11\/2025<\/td>\n<td>1.042,79<\/td>\n<td>0,10%<\/td>\n<td>-3,43%<\/td>\n<td>196,79<\/td>\n<\/tr>\n<tr>\n<td>13\/11\/2025<\/td>\n<td>1.041,73<\/td>\n<td>0,00%<\/td>\n<td>-3,53%<\/td>\n<td>196,66<\/td>\n<\/tr>\n<\/tbody>\n<\/table>\n<p>Os valores s\u00e3o do <a href=\"http:\/\/www.cepea.org.br\" target=\"_blank\" rel=\"noopener\">Cepea<\/a>.<\/p>\n<h2>O que \u00e9 uma saca de soja ou de trigo? Entenda a unidade de medida no mercado de gr\u00e3os<\/h2>\n<p>A saca de soja e a saca de trigo s\u00e3o as principais unidades de comercializa\u00e7\u00e3o de gr\u00e3os no Brasil. Cada saca equivale a 60 quilos, padr\u00e3o adotado por \u00f3rg\u00e3os oficiais como a <strong>Companhia Nacional de Abastecimento (<a href=\"https:\/\/www.gov.br\/conab\/pt-br\" target=\"_blank\" rel=\"noopener\">Conab<\/a>)<\/strong>, o<strong> Minist\u00e9rio da Agricultura (<a href=\"http:\/\/www.gov.br\/agricultura\/pt-br\" target=\"_blank\" rel=\"noopener\">MAPA<\/a>)<\/strong> e o<strong> Centro de Estudos Avan\u00e7ados em Economia Aplicada (<a href=\"http:\/\/www.cepea.org.br\" target=\"_blank\" rel=\"noopener\">Cepea<\/a>)<\/strong>.<\/p>\n<p>Esse formato padronizado facilita o com\u00e9rcio da soja e do trigo, al\u00e9m de permitir um acompanhamento mais preciso das cota\u00e7\u00f5es e varia\u00e7\u00f5es de pre\u00e7os no mercado nacional.<\/p>\n<p>\t\t\t\t\t\t\t\t\t\t<img decoding=\"async\" src=\"https:\/\/brasil61.com\/api\/v1\/serve_pixel\/22254\/85943\" alt=\"Pixel Brasil 61\" class=\"b61_pixel\" width=\"0\" height=\"0\"><\/p>\n<div class=\"br61_backlink\">\n<p>\n\t\t\t\tFonte: <a href=\"https:\/\/brasil61.com\/soja-e-trigo-hoje-confira-as-cotacoes-para-quinta-20-pagr255940\" title=\"Artigo Original: Soja e trigo hoje: confira as cota\u00e7\u00f5es para quinta (20) \" target=\"_blank\" rel=\"noopener\">Brasil 61<\/a>\n\t\t\t<\/p>\n<\/p><\/div>\n<input type=\"hidden\" id=\"baseurl\" value=\"https:\/\/noticiasregionais.com.br\"><input type=\"hidden\" id=\"audio_nonce\" value=\"533fbb67b1\">","protected":false},"excerpt":{"rendered":"<p>A soja apresenta alta no Paran\u00e1 e em Paranagu\u00e1; o trigo, por sua vez, aponta alta no Paran\u00e1 e estabilidade no Rio Grande do Sul<\/p>\n","protected":false},"author":1,"featured_media":11149,"comment_status":"","ping_status":"open","sticky":false,"template":"","format":"standard","meta":{"sfsi_plus_gutenberg_text_before_share":"","sfsi_plus_gutenberg_show_text_before_share":"","sfsi_plus_gutenberg_icon_type":"","sfsi_plus_gutenberg_icon_alignemt":"","sfsi_plus_gutenburg_max_per_row":"","footnotes":""},"categories":[8],"tags":[],"class_list":["post-11148","post","type-post","status-publish","format-standard","has-post-thumbnail","hentry","category-brasil"],"_links":{"self":[{"href":"https:\/\/noticiasregionais.com.br\/index.php?rest_route=\/wp\/v2\/posts\/11148","targetHints":{"allow":["GET"]}}],"collection":[{"href":"https:\/\/noticiasregionais.com.br\/index.php?rest_route=\/wp\/v2\/posts"}],"about":[{"href":"https:\/\/noticiasregionais.com.br\/index.php?rest_route=\/wp\/v2\/types\/post"}],"author":[{"embeddable":true,"href":"https:\/\/noticiasregionais.com.br\/index.php?rest_route=\/wp\/v2\/users\/1"}],"replies":[{"embeddable":true,"href":"https:\/\/noticiasregionais.com.br\/index.php?rest_route=%2Fwp%2Fv2%2Fcomments&post=11148"}],"version-history":[{"count":0,"href":"https:\/\/noticiasregionais.com.br\/index.php?rest_route=\/wp\/v2\/posts\/11148\/revisions"}],"wp:featuredmedia":[{"embeddable":true,"href":"https:\/\/noticiasregionais.com.br\/index.php?rest_route=\/wp\/v2\/media\/11149"}],"wp:attachment":[{"href":"https:\/\/noticiasregionais.com.br\/index.php?rest_route=%2Fwp%2Fv2%2Fmedia&parent=11148"}],"wp:term":[{"taxonomy":"category","embeddable":true,"href":"https:\/\/noticiasregionais.com.br\/index.php?rest_route=%2Fwp%2Fv2%2Fcategories&post=11148"},{"taxonomy":"post_tag","embeddable":true,"href":"https:\/\/noticiasregionais.com.br\/index.php?rest_route=%2Fwp%2Fv2%2Ftags&post=11148"}],"curies":[{"name":"wp","href":"https:\/\/api.w.org\/{rel}","templated":true}]}}