{"id":11150,"date":"2025-11-20T04:10:00","date_gmt":"2025-11-20T07:10:00","guid":{"rendered":"https:\/\/noticiasregionais.com.br\/?p=11150"},"modified":"2025-11-20T04:10:00","modified_gmt":"2025-11-20T07:10:00","slug":"cafe-hoje-confira-as-cotacoes-para-esta-quinta-20","status":"publish","type":"post","link":"https:\/\/noticiasregionais.com.br\/?p=11150","title":{"rendered":"Caf\u00e9 hoje: confira as cota\u00e7\u00f5es para esta quinta (20)"},"content":{"rendered":"<p>\t\t\t\t\t\t\t\t\t\t\t<audio controls class=\"b61_audio_player\" data-noticia=\"85941\" src=\"https:\/\/brasil61.com\/rails\/active_storage\/blobs\/eyJfcmFpbHMiOnsibWVzc2FnZSI6IkJBaHBBL0RCQXc9PSIsImV4cCI6bnVsbCwicHVyIjoiYmxvYl9pZCJ9fQ==--6ea6e403c290bf9572adfc4bba2082e110aa5c86\/PAGR255938A\"><\/audio><\/p>\n<p>O pre\u00e7o do <strong>caf\u00e9 ar\u00e1bica<\/strong>\u00a0abre\u00a0esta quinta (20) em\u00a0<strong>lev\u00edssima alta de 0,03%<\/strong>, com a saca de 60 kg negociada a <strong>R$ 2.232,10\u00a0<\/strong>na cidade de S\u00e3o Paulo.<\/p>\n<p><strong>INDICADOR DO CAF\u00c9 AR\u00c1BICA CEPEA\/ESALQ<\/strong><\/p>\n<table>\n<thead>\n<tr>\n<th>Data<\/th>\n<th>Valor R$<\/th>\n<th>Var.\/Dia<\/th>\n<th>Var.\/M\u00eas<\/th>\n<th>Valor US$<\/th>\n<\/tr>\n<\/thead>\n<tbody>\n<tr>\n<td>19\/11\/2025<\/td>\n<td>2.232,10<\/td>\n<td>0,03%<\/td>\n<td>1,16%<\/td>\n<td>418,15<\/td>\n<\/tr>\n<tr>\n<td>18\/11\/2025<\/td>\n<td>2.231,54<\/td>\n<td>1,09%<\/td>\n<td>1,13%<\/td>\n<td>419,62<\/td>\n<\/tr>\n<tr>\n<td>17\/11\/2025<\/td>\n<td>2.207,42<\/td>\n<td>0,12%<\/td>\n<td>0,04%<\/td>\n<td>414,46<\/td>\n<\/tr>\n<tr>\n<td>14\/11\/2025<\/td>\n<td>2.204,71<\/td>\n<td>-0,63%<\/td>\n<td>-0,09%<\/td>\n<td>416,06<\/td>\n<\/tr>\n<tr>\n<td>13\/11\/2025<\/td>\n<td>2.218,70<\/td>\n<td>-1,00%<\/td>\n<td>0,55%<\/td>\n<td>418,86<\/td>\n<\/tr>\n<\/tbody>\n<\/table>\n<p>O <strong>caf\u00e9 robusta<\/strong> teve\u00a0<strong>valoriza\u00e7\u00e3o\u00a0de 0,43%<\/strong> no pre\u00e7o, sendo comercializado a <strong>R$ 1.389,49<\/strong>.<\/p>\n<p><strong>INDICADOR DO CAF\u00c9 ROBUSTA CEPEA\/ESALQ<\/strong><\/p>\n<table>\n<thead>\n<tr>\n<th>Data<\/th>\n<th>Valor R$<\/th>\n<th>Var.\/Dia<\/th>\n<th>Var.\/M\u00eas<\/th>\n<th>Valor US$<\/th>\n<\/tr>\n<\/thead>\n<tbody>\n<tr>\n<td>19\/11\/2025<\/td>\n<td>1.389,49<\/td>\n<td>0,43%<\/td>\n<td>-1,17%<\/td>\n<td>260,30<\/td>\n<\/tr>\n<tr>\n<td>18\/11\/2025<\/td>\n<td>1.383,49<\/td>\n<td>2,76%<\/td>\n<td>-1,59%<\/td>\n<td>260,15<\/td>\n<\/tr>\n<tr>\n<td>17\/11\/2025<\/td>\n<td>1.346,38<\/td>\n<td>2,29%<\/td>\n<td>-4,23%<\/td>\n<td>252,79<\/td>\n<\/tr>\n<tr>\n<td>14\/11\/2025<\/td>\n<td>1.316,18<\/td>\n<td>-2,18%<\/td>\n<td>-6,38%<\/td>\n<td>248,38<\/td>\n<\/tr>\n<tr>\n<td>13\/11\/2025<\/td>\n<td>1.345,51<\/td>\n<td>-0,35%<\/td>\n<td>-4,30%<\/td>\n<td>254,01<\/td>\n<\/tr>\n<\/tbody>\n<\/table>\n<h2>A\u00e7\u00facar<\/h2>\n<p>J\u00e1 o pre\u00e7o do <strong>a\u00e7\u00facar cristal<\/strong> apresenta <strong>reajuste\u00a0nas principais pra\u00e7as do estado de S\u00e3o Paulo<\/strong>. Na <strong>capital<\/strong>, a saca de 50 kg aponta <strong>recuo de 0,33%<\/strong>, cotada a <strong>R$ 106,81<\/strong>.<\/p>\n<p><strong>INDICADOR DO A\u00c7\u00daCAR CRISTAL BRANCO CEPEA\/ESALQ &#8211; S\u00c3O PAULO<\/strong><\/p>\n<table>\n<thead>\n<tr>\n<th>Data<\/th>\n<th>Valor R$*<\/th>\n<th>Var.\/Dia<\/th>\n<th>Var.\/M\u00eas<\/th>\n<th>Valor US$*<\/th>\n<\/tr>\n<\/thead>\n<tbody>\n<tr>\n<td>19\/11\/2025<\/td>\n<td>106,81<\/td>\n<td>-0,33%<\/td>\n<td>-6,02%<\/td>\n<td>20,01<\/td>\n<\/tr>\n<tr>\n<td>18\/11\/2025<\/td>\n<td>107,16<\/td>\n<td>0,86%<\/td>\n<td>-5,71%<\/td>\n<td>20,15<\/td>\n<\/tr>\n<tr>\n<td>17\/11\/2025<\/td>\n<td>106,25<\/td>\n<td>-0,15%<\/td>\n<td>-6,51%<\/td>\n<td>19,95<\/td>\n<\/tr>\n<tr>\n<td>14\/11\/2025<\/td>\n<td>106,41<\/td>\n<td>-0,61%<\/td>\n<td>-6,37%<\/td>\n<td>20,08<\/td>\n<\/tr>\n<tr>\n<td>13\/11\/2025<\/td>\n<td>107,06<\/td>\n<td>-0,07%<\/td>\n<td>-5,80%<\/td>\n<td>20,21<\/td>\n<\/tr>\n<\/tbody>\n<\/table>\n<p>Em <strong>Santos (SP)<\/strong>, a mercadoria \u00e9 negociada a <strong>R$ 111,75<\/strong>, ap\u00f3s<strong>\u00a0queda de 0,29%<\/strong> na m\u00e9dia de pre\u00e7os sem impostos.<\/p>\n<p><strong>INDICADOR A\u00c7\u00daCAR CRISTAL &#8211; SANTOS (FOB)<\/strong><\/p>\n<table>\n<thead>\n<tr>\n<th>Data<\/th>\n<th>Valor R$*<\/th>\n<th>Var.\/Dia<\/th>\n<th>Var.\/M\u00eas<\/th>\n<th>Valor US$*<\/th>\n<\/tr>\n<\/thead>\n<tbody>\n<tr>\n<td>19\/11\/2025<\/td>\n<td>111,75<\/td>\n<td>-0,29%<\/td>\n<td>2,62%<\/td>\n<td>20,95<\/td>\n<\/tr>\n<tr>\n<td>18\/11\/2025<\/td>\n<td>112,08<\/td>\n<td>-0,04%<\/td>\n<td>2,92%<\/td>\n<td>21,00<\/td>\n<\/tr>\n<tr>\n<td>17\/11\/2025<\/td>\n<td>112,13<\/td>\n<td>-0,72%<\/td>\n<td>2,97%<\/td>\n<td>21,11<\/td>\n<\/tr>\n<tr>\n<td>14\/11\/2025<\/td>\n<td>112,94<\/td>\n<td>3,31%<\/td>\n<td>3,71%<\/td>\n<td>21,33<\/td>\n<\/tr>\n<tr>\n<td>13\/11\/2025<\/td>\n<td>109,32<\/td>\n<td>-0,35%<\/td>\n<td>0,39%<\/td>\n<td>20,70<\/td>\n<\/tr>\n<\/tbody>\n<\/table>\n<h2>Milho<\/h2>\n<p>A saca de 60 kg do <strong>milho<\/strong>, por sua vez, \u00e9 vendida a <strong>R$ 67,64<\/strong>, ap\u00f3s<strong>\u00a0lev\u00edssima alta de 0,04%<\/strong>.<\/p>\n<p><strong>INDICADOR DO MILHO ESALQ\/BM&amp;FBOVESPA<\/strong><\/p>\n<table>\n<thead>\n<tr>\n<th>Data<\/th>\n<th>Valor R$*<\/th>\n<th>Var.\/Dia<\/th>\n<th>Var.\/M\u00eas<\/th>\n<th>Valor US$*<\/th>\n<\/tr>\n<\/thead>\n<tbody>\n<tr>\n<td>19\/11\/2025<\/td>\n<td>67,64<\/td>\n<td>0,04%<\/td>\n<td>2,25%<\/td>\n<td>12,67<\/td>\n<\/tr>\n<tr>\n<td>18\/11\/2025<\/td>\n<td>67,61<\/td>\n<td>-0,01%<\/td>\n<td>2,21%<\/td>\n<td>12,71<\/td>\n<\/tr>\n<tr>\n<td>17\/11\/2025<\/td>\n<td>67,62<\/td>\n<td>0,15%<\/td>\n<td>2,22%<\/td>\n<td>12,70<\/td>\n<\/tr>\n<tr>\n<td>14\/11\/2025<\/td>\n<td>67,52<\/td>\n<td>0,09%<\/td>\n<td>2,07%<\/td>\n<td>12,74<\/td>\n<\/tr>\n<tr>\n<td>13\/11\/2025<\/td>\n<td>67,46<\/td>\n<td>0,15%<\/td>\n<td>1,98%<\/td>\n<td>12,73<\/td>\n<\/tr>\n<\/tbody>\n<\/table>\n<p>Os valores s\u00e3o do\u00a0<a href=\"http:\/\/www.cepea.org.br\" target=\"_blank\" rel=\"noopener\"><strong>Cepea<\/strong><\/a>.<\/p>\n<h2>Diferen\u00e7a entre caf\u00e9 ar\u00e1bica e caf\u00e9 robusta: caracter\u00edsticas, uso e regi\u00f5es produtoras<\/h2>\n<p><strong>Caf\u00e9 ar\u00e1bica e caf\u00e9 robusta<\/strong> s\u00e3o as duas principais variedades cultivadas e comercializadas no Brasil, ambas medidas em sacas de 60 kg.<\/p>\n<ul>\n<li>O<strong> caf\u00e9 ar\u00e1bica <\/strong>(conhecido tamb\u00e9m como<strong> caf\u00e9 Conilon<\/strong>, em algumas regi\u00f5es) tem <strong>sabor mais suave, menor teor de cafe\u00edna e alta qualidade sensorial<\/strong>, sendo preferido em cafeterias especializadas e nas exporta\u00e7\u00f5es de caf\u00e9s premium. Representa cerca de 70% da produ\u00e7\u00e3o brasileira, com destaque para estados como Minas Gerais e S\u00e3o Paulo.<\/li>\n<li>O<strong> caf\u00e9 robusta<\/strong>, por sua vez, possui<strong> sabor mais amargo, maior concentra\u00e7\u00e3o de cafe\u00edna e corpo mais intenso<\/strong>. \u00c9 amplamente utilizado na produ\u00e7\u00e3o de caf\u00e9 sol\u00favel e blends comerciais. Seus principais polos produtores s\u00e3o o Esp\u00edrito Santo e Rond\u00f4nia, e seu pre\u00e7o costuma ser mais baixo em compara\u00e7\u00e3o ao ar\u00e1bica, por conta do perfil mais industrial.\u00a0<\/li>\n<\/ul>\n<h2>Como \u00e9 calculada a saca de a\u00e7\u00facar cristal?<\/h2>\n<p>A<strong> saca de a\u00e7\u00facar cristal no Brasil \u00e9 padronizada em 50 quilos<\/strong>, especialmente para comercializa\u00e7\u00e3o no mercado atacadista e para uso na ind\u00fastria aliment\u00edcia. Essa unidade de medida \u00e9 adotada pelo <strong><a href=\"https:\/\/www.cepea.org.br\/br\/indicador\/cafe.aspx\" target=\"_blank\" rel=\"noopener\">Cepea\/Esalq-USP<\/a><\/strong>, principal fonte de cota\u00e7\u00f5es di\u00e1rias do a\u00e7\u00facar cristal no pa\u00eds.<\/p>\n<h2>Qual o peso da saca de milho no Brasil?<\/h2>\n<p>A saca de milho equivale a 60 kg de gr\u00e3os, mesmo padr\u00e3o utilizado para soja e trigo. Essa medida \u00e9 oficializada por institui\u00e7\u00f5es como a<strong> Companhia Nacional de Abastecimento <a href=\"https:\/\/www.gov.br\/conab\/pt-br\" target=\"_blank\" rel=\"noopener\">(Conab)<\/a><\/strong>, o <strong>Minist\u00e9rio da Agricultura <a href=\"https:\/\/www.gov.br\/agricultura\/pt-br\" target=\"_blank\" rel=\"noopener\">(MAPA)<\/a><\/strong> e o <a href=\"http:\/\/www.cepea.org.br\" target=\"_blank\" rel=\"noopener\"><strong>Cepea<\/strong><\/a>, sendo amplamente usada em negocia\u00e7\u00f5es e relat\u00f3rios de pre\u00e7o do milho.<\/p>\n<p>\t\t\t\t\t\t\t\t\t\t<img decoding=\"async\" src=\"https:\/\/brasil61.com\/api\/v1\/serve_pixel\/22254\/85941\" alt=\"Pixel Brasil 61\" class=\"b61_pixel\" width=\"0\" height=\"0\"><\/p>\n<div class=\"br61_backlink\">\n<p>\n\t\t\t\tFonte: <a href=\"https:\/\/brasil61.com\/cafe-hoje-confira-as-cotacoes-para-esta-quinta-20-pagr255938\" title=\"Artigo Original: Caf\u00e9 hoje: confira as cota\u00e7\u00f5es para esta quinta (20)\" target=\"_blank\" rel=\"noopener\">Brasil 61<\/a>\n\t\t\t<\/p>\n<\/p><\/div>\n<input type=\"hidden\" id=\"baseurl\" value=\"https:\/\/noticiasregionais.com.br\"><input type=\"hidden\" id=\"audio_nonce\" value=\"533fbb67b1\">","protected":false},"excerpt":{"rendered":"<p>O caf\u00e9 e o milho apresentam valoriza\u00e7\u00e3o, enquanto o pre\u00e7o do a\u00e7\u00facar recua<\/p>\n","protected":false},"author":1,"featured_media":11151,"comment_status":"","ping_status":"open","sticky":false,"template":"","format":"standard","meta":{"sfsi_plus_gutenberg_text_before_share":"","sfsi_plus_gutenberg_show_text_before_share":"","sfsi_plus_gutenberg_icon_type":"","sfsi_plus_gutenberg_icon_alignemt":"","sfsi_plus_gutenburg_max_per_row":"","footnotes":""},"categories":[8],"tags":[],"class_list":["post-11150","post","type-post","status-publish","format-standard","has-post-thumbnail","hentry","category-brasil"],"_links":{"self":[{"href":"https:\/\/noticiasregionais.com.br\/index.php?rest_route=\/wp\/v2\/posts\/11150","targetHints":{"allow":["GET"]}}],"collection":[{"href":"https:\/\/noticiasregionais.com.br\/index.php?rest_route=\/wp\/v2\/posts"}],"about":[{"href":"https:\/\/noticiasregionais.com.br\/index.php?rest_route=\/wp\/v2\/types\/post"}],"author":[{"embeddable":true,"href":"https:\/\/noticiasregionais.com.br\/index.php?rest_route=\/wp\/v2\/users\/1"}],"replies":[{"embeddable":true,"href":"https:\/\/noticiasregionais.com.br\/index.php?rest_route=%2Fwp%2Fv2%2Fcomments&post=11150"}],"version-history":[{"count":0,"href":"https:\/\/noticiasregionais.com.br\/index.php?rest_route=\/wp\/v2\/posts\/11150\/revisions"}],"wp:featuredmedia":[{"embeddable":true,"href":"https:\/\/noticiasregionais.com.br\/index.php?rest_route=\/wp\/v2\/media\/11151"}],"wp:attachment":[{"href":"https:\/\/noticiasregionais.com.br\/index.php?rest_route=%2Fwp%2Fv2%2Fmedia&parent=11150"}],"wp:term":[{"taxonomy":"category","embeddable":true,"href":"https:\/\/noticiasregionais.com.br\/index.php?rest_route=%2Fwp%2Fv2%2Fcategories&post=11150"},{"taxonomy":"post_tag","embeddable":true,"href":"https:\/\/noticiasregionais.com.br\/index.php?rest_route=%2Fwp%2Fv2%2Ftags&post=11150"}],"curies":[{"name":"wp","href":"https:\/\/api.w.org\/{rel}","templated":true}]}}