{"id":11154,"date":"2025-11-20T04:40:00","date_gmt":"2025-11-20T07:40:00","guid":{"rendered":"https:\/\/noticiasregionais.com.br\/?p=11154"},"modified":"2025-11-20T04:40:00","modified_gmt":"2025-11-20T07:40:00","slug":"inclusao-nos-aeroportos-joao-pessoa-e-aracaju-inauguram-salas-para-passageiros-com-tea","status":"publish","type":"post","link":"https:\/\/noticiasregionais.com.br\/?p=11154","title":{"rendered":"Inclus\u00e3o nos aeroportos: Jo\u00e3o Pessoa e Aracaju inauguram salas para passageiros com TEA"},"content":{"rendered":"<p>\t\t\t\t\t\t\t\t\t\t\t<audio controls class=\"b61_audio_player\" data-noticia=\"85949\" src=\"https:\/\/brasil61.com\/rails\/active_storage\/blobs\/eyJfcmFpbHMiOnsibWVzc2FnZSI6IkJBaHBBL2ZCQXc9PSIsImV4cCI6bnVsbCwicHVyIjoiYmxvYl9pZCJ9fQ==--d6f19b963d3caf1b18729915031ff86a75c2881a\/MPOR250125B\"><\/audio><\/p>\n<p>Os <strong>aeroportos<\/strong> de <a href=\"https:\/\/www.aenabrasil.com.br\/pt\/aeroportos\/aeroporto-internacional-de-joao-pessoa-presidente-castro-pinto\/index.html\" target=\"_blank\" rel=\"noopener\">Jo\u00e3o Pessoa<\/a> (<a href=\"https:\/\/paraiba.pb.gov.br\/\" target=\"_blank\" rel=\"noopener\">PB<\/a>) e <a href=\"https:\/\/www.aenabrasil.com.br\/pt\/aeroportos\/aeroporto-internacional-santa-maria-aracaju\/index.html\" target=\"_blank\" rel=\"noopener\">Aracaju<\/a>\u00a0(<a href=\"https:\/\/www.se.gov.br\/\" target=\"_blank\" rel=\"noopener\">SE<\/a>) <strong>passam a oferecer salas multissensoriais<\/strong> <strong>voltadas ao<\/strong> <strong>acolhimento de passageiros com Transtorno do Espectro Autista<\/strong> (<a href=\"https:\/\/www.gov.br\/saude\/pt-br\/assuntos\/saude-de-a-a-z\/a\/autismo\" target=\"_blank\" rel=\"noopener\">TEA<\/a>). As novas unidades integram o <a href=\"https:\/\/www.gov.br\/portos-e-aeroportos\/pt-br\/assuntos\/transporte-aereo\/programa-tea\" target=\"_blank\" rel=\"noopener\">Programa<\/a> de Acolhimento ao Passageiro com TEA, promovido pelo Minist\u00e9rio de Portos e Aeroportos (<a href=\"https:\/\/www.gov.br\/portos-e-aeroportos\/pt-br\" target=\"_blank\" rel=\"noopener\">MPor<\/a>).\u00a0<\/p>\n<p>Com essas inaugura\u00e7\u00f5es, <strong>a iniciativa alcan\u00e7a a marca de 11 salas instaladas em aeroportos brasileiros<\/strong> ao longo de 2025. \u201cO crescimento do n\u00famero dessas salas mostra que estamos no caminho certo, promovendo dignidade, respeito e, acima de tudo, acolhimento. Nosso objetivo \u00e9 chegar a 20 espa\u00e7os como este at\u00e9 o fim de 2026\u201d, afirmou o ministro de Portos e Aeroportos, S\u00edlvio Costa Filho.<\/p>\n<p>Em Jo\u00e3o Pessoa, a sala est\u00e1 localizada na \u00e1rea de embarque, pr\u00f3xima ao canal de inspe\u00e7\u00e3o, e tem capacidade para receber um passageiro e um acompanhante por vez. J\u00e1 em Aracaju, a sala fica pr\u00f3xima ao port\u00e3o 1 e pode receber at\u00e9 oito pessoas. Em ambas, o funcionamento \u00e9 gratuito e aberto 24 horas por dia.<\/p>\n<h2>Salas multissensoriais<\/h2>\n<p>As <strong>salas multissensoriais oferecem um ambiente preparado <\/strong>para reduzir est\u00edmulos sensoriais, aliviar o estresse e proporcionar bem-estar. O projeto busca <strong>atender \u00e0s necessidades espec\u00edficas de pessoas neurodivergentes<\/strong>, com foco na inclus\u00e3o e no conforto durante a experi\u00eancia aeroportu\u00e1ria.<\/p>\n<p>Al\u00e9m de Jo\u00e3o Pessoa e Aracaju, o programa j\u00e1 contempla unidades nos aeroportos de:<\/p>\n<ul>\n<li>Congonhas (SP);<\/li>\n<li>Florian\u00f3polis (SC);<\/li>\n<li>Gale\u00e3o e Santos Dumont (RJ);<\/li>\n<li>Natal (RN);<\/li>\n<li>Recife (PE);<\/li>\n<li>Vit\u00f3ria (ES);<\/li>\n<li>Campo Grande (MS);\u00a0<\/li>\n<li>Macei\u00f3 (AL).<\/li>\n<\/ul>\n<p>Segundo a <a href=\"https:\/\/www.aenabrasil.com.br\/pt\/index.html\" target=\"_blank\" rel=\"noopener\">Aena Brasil<\/a>, respons\u00e1vel pela administra\u00e7\u00e3o dos terminais, os espa\u00e7os contam com tecnologia IoT, intelig\u00eancia artificial multil\u00edngue, controle por dispositivos m\u00f3veis, t\u00e9cnicas de v\u00eddeo modelagem para orientar os passageiros e mobili\u00e1rio adapt\u00e1vel.<\/p>\n<h2>Cartilha<\/h2>\n<p>Como parte das a\u00e7\u00f5es voltadas \u00e0 inclus\u00e3o, a Pasta lan\u00e7ou a <strong>cartilha <a href=\"https:\/\/www.gov.br\/portos-e-aeroportos\/pt-br\/assuntos\/transporte-aereo\/programa-tea\/cartilhainclusao.pdf\" target=\"_blank\" rel=\"noopener\"><em>Inclus\u00e3o Dentro e Fora do Avi\u00e3o<\/em><\/a><\/strong>, com texto de Aline Campos e ilustra\u00e7\u00f5es de Luana Chinalia.\u00a0<\/p>\n<p>A publica\u00e7\u00e3o apresenta, de forma l\u00fadica, a hist\u00f3ria de duas crian\u00e7as neurodivergentes e oferece orienta\u00e7\u00f5es sobre direitos, recursos e boas pr\u00e1ticas para garantir uma experi\u00eancia de viagem mais tranquila.<\/p>\n<p>O material est\u00e1 dispon\u00edvel para download no <a href=\"https:\/\/www.gov.br\/portos-e-aeroportos\/pt-br\/assuntos\/transporte-aereo\/programa-tea\" target=\"_blank\" rel=\"noopener\">site oficial do MPor<\/a> e tamb\u00e9m pode ser encontrado nas salas multissensoriais instaladas em aeroportos de todo o pa\u00eds.<\/p>\n<p><strong>VEJA MAIS:<\/strong><\/p>\n<ul>\n<li><a href=\"https:\/\/brasil61.com\/n\/brasil-fortalece-parcerias-e-fecha-contratos-de-venda-de-aeronaves-nos-emirados-arabes-mpor250124\" target=\"_blank\" rel=\"noopener\">Brasil fortalece parcerias e fecha contratos de venda de aeronaves nos Emirados \u00c1rabes<\/a><\/li>\n<li><a href=\"https:\/\/brasil61.com\/n\/doze-aeroportos-do-brasil-estao-entre-os-mais-pontuais-do-mundo-aponta-ranking-internacional-mpor250122\" target=\"_blank\" rel=\"noopener\">Doze aeroportos do Brasil est\u00e3o entre os mais pontuais do mundo, aponta ranking internacional<\/a><\/li>\n<\/ul>\n<p>\t\t\t\t\t\t\t\t\t\t<img decoding=\"async\" src=\"https:\/\/brasil61.com\/api\/v1\/serve_pixel\/22254\/85949\" alt=\"Pixel Brasil 61\" class=\"b61_pixel\" width=\"0\" height=\"0\"><\/p>\n<div class=\"br61_backlink\">\n<p>\n\t\t\t\tFonte: <a href=\"https:\/\/brasil61.com\/inclusao-nos-aeroportos-joao-pessoa-e-aracaju-inauguram-salas-para-passageiros-com-tea-mpor250125\" title=\"Artigo Original: Inclus\u00e3o nos aeroportos: Jo\u00e3o Pessoa e Aracaju inauguram salas para passageiros com TEA\" target=\"_blank\" rel=\"noopener\">Brasil 61<\/a>\n\t\t\t<\/p>\n<\/p><\/div>\n<input type=\"hidden\" id=\"baseurl\" value=\"https:\/\/noticiasregionais.com.br\"><input type=\"hidden\" id=\"audio_nonce\" value=\"5c13e0637f\">","protected":false},"excerpt":{"rendered":"<p>Programa do MPor alcan\u00e7a 11 unidades e garante estrutura sensorial adaptada para acolher fam\u00edlias neurodivergentes<\/p>\n","protected":false},"author":1,"featured_media":11155,"comment_status":"","ping_status":"open","sticky":false,"template":"","format":"standard","meta":{"sfsi_plus_gutenberg_text_before_share":"","sfsi_plus_gutenberg_show_text_before_share":"","sfsi_plus_gutenberg_icon_type":"","sfsi_plus_gutenberg_icon_alignemt":"","sfsi_plus_gutenburg_max_per_row":"","footnotes":""},"categories":[8],"tags":[],"class_list":["post-11154","post","type-post","status-publish","format-standard","has-post-thumbnail","hentry","category-brasil"],"_links":{"self":[{"href":"https:\/\/noticiasregionais.com.br\/index.php?rest_route=\/wp\/v2\/posts\/11154","targetHints":{"allow":["GET"]}}],"collection":[{"href":"https:\/\/noticiasregionais.com.br\/index.php?rest_route=\/wp\/v2\/posts"}],"about":[{"href":"https:\/\/noticiasregionais.com.br\/index.php?rest_route=\/wp\/v2\/types\/post"}],"author":[{"embeddable":true,"href":"https:\/\/noticiasregionais.com.br\/index.php?rest_route=\/wp\/v2\/users\/1"}],"replies":[{"embeddable":true,"href":"https:\/\/noticiasregionais.com.br\/index.php?rest_route=%2Fwp%2Fv2%2Fcomments&post=11154"}],"version-history":[{"count":0,"href":"https:\/\/noticiasregionais.com.br\/index.php?rest_route=\/wp\/v2\/posts\/11154\/revisions"}],"wp:featuredmedia":[{"embeddable":true,"href":"https:\/\/noticiasregionais.com.br\/index.php?rest_route=\/wp\/v2\/media\/11155"}],"wp:attachment":[{"href":"https:\/\/noticiasregionais.com.br\/index.php?rest_route=%2Fwp%2Fv2%2Fmedia&parent=11154"}],"wp:term":[{"taxonomy":"category","embeddable":true,"href":"https:\/\/noticiasregionais.com.br\/index.php?rest_route=%2Fwp%2Fv2%2Fcategories&post=11154"},{"taxonomy":"post_tag","embeddable":true,"href":"https:\/\/noticiasregionais.com.br\/index.php?rest_route=%2Fwp%2Fv2%2Ftags&post=11154"}],"curies":[{"name":"wp","href":"https:\/\/api.w.org\/{rel}","templated":true}]}}