{"id":11156,"date":"2025-11-20T04:50:00","date_gmt":"2025-11-20T07:50:00","guid":{"rendered":"https:\/\/noticiasregionais.com.br\/?p=11156"},"modified":"2025-11-20T04:50:00","modified_gmt":"2025-11-20T07:50:00","slug":"sesi-abre-matriculas-para-2026-com-foco-em-inovacao-e-metodologia-steam","status":"publish","type":"post","link":"https:\/\/noticiasregionais.com.br\/?p=11156","title":{"rendered":"SESI abre matr\u00edculas para 2026 com foco em inova\u00e7\u00e3o e metodologia STEAM"},"content":{"rendered":"<p>\t\t\t\t\t\t\t\t\t\t\t<audio controls class=\"b61_audio_player\" data-noticia=\"85927\" src=\"https:\/\/brasil61.com\/rails\/active_storage\/blobs\/eyJfcmFpbHMiOnsibWVzc2FnZSI6IkJBaHBBNnJCQXc9PSIsImV4cCI6bnVsbCwicHVyIjoiYmxvYl9pZCJ9fQ==--86cb471e47728a26ae51b51be4f67e56aab4c8f7\/PIND254685A\"><\/audio><\/p>\n<p>Est\u00e3o abertas <a href=\"https:\/\/www.sistemafibra.org.br\/sesi\/\" target=\"_blank\" rel=\"noopener\">as matr\u00edculas para o ano letivo de 2026 nas escolas do Servi\u00e7o Social da Ind\u00fastria (SESI)<\/a> em todo o pa\u00eds. A rede, presente em mais de 450 unidades, oferece ensino baseado em metodologias inovadoras, como o modelo STEAM \u2014 que integra ci\u00eancias, tecnologia, engenharia, artes e matem\u00e1tica \u2014 e em um sistema autoral de ensino, que estimula o protagonismo estudantil e o aprendizado pr\u00e1tico.<\/p>\n<p>De acordo com o superintendente de Educa\u00e7\u00e3o do <strong>SESI Naciona<\/strong>l, Wisley Pereira, o objetivo \u00e9 formar cidad\u00e3os preparados para os desafios do futuro e para o mundo do trabalho.<\/p>\n<p>&#8220;Estamos investindo em uma educa\u00e7\u00e3o que desenvolve compet\u00eancias do s\u00e9culo XXI, que prepara o aluno n\u00e3o s\u00f3 para passar em provas, mas para resolver problemas reais, trabalhar em equipe e inovar. O SESI tem sido refer\u00eancia nesse modelo e continua ampliando suas oportunidades de matr\u00edcula em todas as regi\u00f5es&#8221;, afirmou.<\/p>\n<h2>Vagas e prazos<\/h2>\n<p>Ao todo, s\u00e3o mais de 11 mil vagas distribu\u00eddas em diversos estados, em turmas de Educa\u00e7\u00e3o Infantil, Ensino Fundamental, Ensino M\u00e9dio, Nova EJA e EJA Profissionalizante.<\/p>\n<p>Os turnos variam entre matutino, vespertino e noturno, dependendo da modalidade. <strong>As inscri\u00e7\u00f5es seguem at\u00e9 o preenchimento das vagas dispon\u00edveis<\/strong>.<\/p>\n<p>\u25cf\u00a0\u00a0 \u00a0Rematr\u00edculas: de 17 de novembro a 19 de dezembro.<br \/>\n\u25cf\u00a0\u00a0 \u00a0Novas matr\u00edculas (dependentes da ind\u00fastria): de 17 de novembro a 12 de dezembro.<br \/>\n\u25cf\u00a0\u00a0 \u00a0Novas matr\u00edculas (comunidade): de 5 a 23 de janeiro de 2026.<\/p>\n<p>Algumas unidades contam, ainda, com bolsas de estudo e turmas voltadas especificamente para o Ensino M\u00e9dio, com mais de 260 oportunidades dispon\u00edveis por meio de processo seletivo.<\/p>\n<p>O agendamento online \u00e9 obrigat\u00f3rio para realizar a matr\u00edcula presencial, que deve ocorrer mediante apresenta\u00e7\u00e3o dos documentos exigidos. As informa\u00e7\u00f5es completas sobre cada escola, cursos e vagas podem ser consultadas no <a href=\"https:\/\/www.portaldaindustria.com.br\/sesi\/canais\/educacao\/\" target=\"_blank\" rel=\"noopener\">Portal SESI<\/a>.<\/p>\n<h2>Escola de Refer\u00eancia e o DNA STEAM<\/h2>\n<p>Um dos destaques da rede \u00e9 a <strong>Escola SESI de Refer\u00eancia<\/strong>, criada para inspirar os alunos a se tornarem protagonistas da pr\u00f3pria trajet\u00f3ria. O modelo incorpora os cinco elementos do <strong>DNA STEAM<\/strong>, \u00a0 em um curr\u00edculo din\u00e2mico e colaborativo.<\/p>\n<p>Segundo Wisley Pereira, essa abordagem rompe a hierarquia tradicional em sala de aula: &#8220;O aluno deixa de ser espectador e passa a ser pesquisador, inventor e agente ativo do conhecimento. Nossas escolas foram adaptadas para que esse processo aconte\u00e7a de forma pr\u00e1tica e criativa.&#8221;<\/p>\n<h2>Rob\u00f3tica e protagonismo estudantil<\/h2>\n<p>Entre as experi\u00eancias mais marcantes para os estudantes est\u00e1 o ensino de rob\u00f3tica, que desenvolve capacidades essenciais do profissional 4.0, como coopera\u00e7\u00e3o, planejamento e pensamento cr\u00edtico.<\/p>\n<p>A aluna Yasmin Oliveira, de 18 anos, estudante do 3\u00ba ano do Ensino M\u00e9dio dna escola SESI de Taguatinga (DF), relata que o aprendizado vai muito al\u00e9m das salas de aula.<\/p>\n<p>&#8220;Gosto muito de poder aprender tanto a metodologia cient\u00edfica, pelos projetos que a gente desenvolve, quanto a gest\u00e3o de tempo, porque precisamos equilibrar as atividades e os estudos. Isso me ensinou muita coisa sobre a vida&#8221;, contou.<\/p>\n<p>Yasmin tamb\u00e9m destaca o est\u00edmulo constante \u00e0 criatividade e \u00e0 inova\u00e7\u00e3o. &#8220;Aprendi muita coisa nova com a rob\u00f3tica e com os outros projetos apresentados nas feiras e semanas de ci\u00eancia. Sempre gostei dessa \u00e1rea e foi isso que me motivou&#8221;, afirmou.<\/p>\n<p>Segundo ela, o aprendizado \u00e9 constru\u00eddo de forma colaborativa: &#8220;Tudo come\u00e7a em sala de aula. A gente conversa com os professores, discute as ideias e, quando v\u00ea, o projeto toma forma. Tive a chance de apresentar nossos trabalhos em eventos cient\u00edficos e foi uma experi\u00eancia incr\u00edvel.&#8221;<\/p>\n<p>Com uma proposta que alia tecnologia, ci\u00eancia e humaniza\u00e7\u00e3o, o SESI consolida-se como uma das maiores redes de ensino de base tecnol\u00f3gica do pa\u00eds. Para quem deseja garantir uma vaga em 2026, as inscri\u00e7\u00f5es j\u00e1 est\u00e3o em andamento e podem ser feitas diretamente no site da institui\u00e7\u00e3o.<br \/>\n\u00a0<\/p>\n<p>\t\t\t\t\t\t\t\t\t\t<img decoding=\"async\" src=\"https:\/\/brasil61.com\/api\/v1\/serve_pixel\/22254\/85927\" alt=\"Pixel Brasil 61\" class=\"b61_pixel\" width=\"0\" height=\"0\"><\/p>\n<div class=\"br61_backlink\">\n<p>\n\t\t\t\tFonte: <a href=\"https:\/\/brasil61.com\/sesi-abre-matriculas-para-2026-com-foco-em-inovacao-e-metodologia-steam-pind254685\" title=\"Artigo Original: SESI abre matr\u00edculas para 2026 com foco em inova\u00e7\u00e3o e metodologia STEAM\" target=\"_blank\" rel=\"noopener\">Brasil 61<\/a>\n\t\t\t<\/p>\n<\/p><\/div>\n<input type=\"hidden\" id=\"baseurl\" value=\"https:\/\/noticiasregionais.com.br\"><input type=\"hidden\" id=\"audio_nonce\" value=\"5c13e0637f\">","protected":false},"excerpt":{"rendered":"<p>Modelo integra ci\u00eancias, tecnologia, engenharia, artes e matem\u00e1tica, estimulando protagonismo do estudante; matr\u00edculas podem ser feitas at\u00e9 23 de janeiro, confira disponibilidade por estados<\/p>\n","protected":false},"author":1,"featured_media":11157,"comment_status":"","ping_status":"open","sticky":false,"template":"","format":"standard","meta":{"sfsi_plus_gutenberg_text_before_share":"","sfsi_plus_gutenberg_show_text_before_share":"","sfsi_plus_gutenberg_icon_type":"","sfsi_plus_gutenberg_icon_alignemt":"","sfsi_plus_gutenburg_max_per_row":"","footnotes":""},"categories":[8],"tags":[],"class_list":["post-11156","post","type-post","status-publish","format-standard","has-post-thumbnail","hentry","category-brasil"],"_links":{"self":[{"href":"https:\/\/noticiasregionais.com.br\/index.php?rest_route=\/wp\/v2\/posts\/11156","targetHints":{"allow":["GET"]}}],"collection":[{"href":"https:\/\/noticiasregionais.com.br\/index.php?rest_route=\/wp\/v2\/posts"}],"about":[{"href":"https:\/\/noticiasregionais.com.br\/index.php?rest_route=\/wp\/v2\/types\/post"}],"author":[{"embeddable":true,"href":"https:\/\/noticiasregionais.com.br\/index.php?rest_route=\/wp\/v2\/users\/1"}],"replies":[{"embeddable":true,"href":"https:\/\/noticiasregionais.com.br\/index.php?rest_route=%2Fwp%2Fv2%2Fcomments&post=11156"}],"version-history":[{"count":0,"href":"https:\/\/noticiasregionais.com.br\/index.php?rest_route=\/wp\/v2\/posts\/11156\/revisions"}],"wp:featuredmedia":[{"embeddable":true,"href":"https:\/\/noticiasregionais.com.br\/index.php?rest_route=\/wp\/v2\/media\/11157"}],"wp:attachment":[{"href":"https:\/\/noticiasregionais.com.br\/index.php?rest_route=%2Fwp%2Fv2%2Fmedia&parent=11156"}],"wp:term":[{"taxonomy":"category","embeddable":true,"href":"https:\/\/noticiasregionais.com.br\/index.php?rest_route=%2Fwp%2Fv2%2Fcategories&post=11156"},{"taxonomy":"post_tag","embeddable":true,"href":"https:\/\/noticiasregionais.com.br\/index.php?rest_route=%2Fwp%2Fv2%2Ftags&post=11156"}],"curies":[{"name":"wp","href":"https:\/\/api.w.org\/{rel}","templated":true}]}}