{"id":11158,"date":"2025-11-20T12:00:00","date_gmt":"2025-11-20T15:00:00","guid":{"rendered":"https:\/\/noticiasregionais.com.br\/?p=11158"},"modified":"2025-11-20T12:00:00","modified_gmt":"2025-11-20T15:00:00","slug":"governo-federal-investe-em-hidrovias-para-ampliar-acesso-e-inclusao-na-regiao-norte","status":"publish","type":"post","link":"https:\/\/noticiasregionais.com.br\/?p=11158","title":{"rendered":"Governo Federal investe em hidrovias para ampliar acesso e inclus\u00e3o na Regi\u00e3o Norte"},"content":{"rendered":"<p>\t\t\t\t\t\t\t\t\t\t\t<audio controls class=\"b61_audio_player\" data-noticia=\"85965\" src=\"https:\/\/brasil61.com\/rails\/active_storage\/blobs\/eyJfcmFpbHMiOnsibWVzc2FnZSI6IkJBaHBBK2JCQXc9PSIsImV4cCI6bnVsbCwicHVyIjoiYmxvYl9pZCJ9fQ==--d02e85075a6e465e43cc36e8e476e0d40f6f71ad\/MPOR250126A\"><\/audio><\/p>\n<p><strong>O Governo Federal ampliou as a\u00e7\u00f5es voltadas \u00e0 moderniza\u00e7\u00e3o das hidrovias e ao atendimento das comunidades ribeirinhas da Regi\u00e3o Norte<\/strong>. O objetivo \u00e9 fortalecer a infraestrutura fluvial e garantir o acesso a servi\u00e7os essenciais em \u00e1reas onde os rios representam a principal via de deslocamento.<\/p>\n<p>A iniciativa re\u00fane esfor\u00e7os dos minist\u00e9rios de Portos e Aeroportos (<a href=\"https:\/\/www.gov.br\/portos-e-aeroportos\/pt-br\" target=\"_blank\" rel=\"noopener\">MPor<\/a>), do Desenvolvimento Social (<a href=\"https:\/\/www.gov.br\/mds\/pt-br\" target=\"_blank\" rel=\"noopener\">MDS<\/a>), do Turismo (<a href=\"https:\/\/www.gov.br\/turismo\/pt-br\" target=\"_blank\" rel=\"noopener\">MTur<\/a>) e do Departamento Nacional de Infraestrutura de Transportes (<a href=\"https:\/\/www.gov.br\/dnit\/pt-br\" target=\"_blank\" rel=\"noopener\">Dnit<\/a>).\u00a0<\/p>\n<p><img decoding=\"async\" style=\"width:100%\" alt=\"\" src=\"https:\/\/www.gov.br\/portos-e-aeroportos\/pt-br\/imagens\/InfogrficoHidrovias.jpg\/@@images\/7d80a588-9335-431d-ad47-39afa99dfbcf.jpeg\" \/><\/p>\n<p><em><a href=\"https:\/\/www.gov.br\/portos-e-aeroportos\/pt-br\/assuntos\/noticias\/2025\/11\/acoes-interministeriais-ampliam-modernizacao-das-hidrovias-e-reforcam-atendimento-a-comunidades-ribeirinhas\" target=\"_blank\" rel=\"noopener\"><span style=\"font-size:10px\">Fonte: MPor<\/span><\/a><\/em><\/p>\n<p>O <strong>transporte por hidrovias<\/strong> apresenta menor impacto ambiental e pode representar economia de at\u00e9 40% em compara\u00e7\u00e3o com outros modais. \u00c0 vista disso, <strong>as a\u00e7\u00f5es visam aumentar a efici\u00eancia das rotas hidrovi\u00e1rias<\/strong>, reduzir custos log\u00edsticos e garantir a seguran\u00e7a da navega\u00e7\u00e3o. <strong>MPor e Dnit conduzem as medidas de moderniza\u00e7\u00e3o:<\/strong>\u00a0<\/p>\n<ul>\n<li>obras de dragagem;<\/li>\n<li>monitoramento clim\u00e1tico;<\/li>\n<li>sinaliza\u00e7\u00e3o n\u00e1utica;<\/li>\n<li>recupera\u00e7\u00e3o de trechos cr\u00edticos;<\/li>\n<li>concess\u00f5es para a iniciativa privada.<\/li>\n<\/ul>\n<p>Para o ministro de Portos e Aeroportos, Silvio Costa Filho, <strong>investir em hidrovias \u00e9 ampliar a presen\u00e7a do Estado<\/strong>. \u201cQuando o governo direciona recursos para monitoramento, dragagem, sinaliza\u00e7\u00e3o e concess\u00f5es, promove mais que melhorias operacionais e assegura cidadania\u201d, afirma.<\/p>\n<p>O secret\u00e1rio Nacional de Hidrovias e Navega\u00e7\u00e3o, Otto Burlier, enfatiza que \u201centre o monitoramento e as dragagens planejadas, todo o conjunto de a\u00e7\u00f5es tem um objetivo central: manter a navega\u00e7\u00e3o sem parar. <strong>Hidrovias estruturadas permitem a circula\u00e7\u00e3o regular de alimentos, rem\u00e9dios e pol\u00edticas p\u00fablicas<\/strong> para as popula\u00e7\u00f5es que dependem do rio\u201d.<\/p>\n<h2>Assist\u00eancia social<\/h2>\n<p>O Minist\u00e9rio do Desenvolvimento Social <strong>utiliza embarca\u00e7\u00f5es para levar alimentos, tecnologias de acesso \u00e0 \u00e1gua, atendimento social e a\u00e7\u00f5es emergenciais \u00e0s regi\u00f5es sem acesso terrestre<\/strong>. Por meio da navega\u00e7\u00e3o, equipes alcan\u00e7am comunidades isoladas e realizam atendimentos do Cadastro \u00danico (<a href=\"https:\/\/www.gov.br\/pt-br\/servicos\/consultar-dados-do-cadastro-unico-cadunico\" target=\"_blank\" rel=\"noopener\">Cad\u00danico<\/a>), do Sistema \u00danico de Assist\u00eancia Social (<a href=\"https:\/\/blog.mds.gov.br\/redesuas\/mobsuas\/\" target=\"_blank\" rel=\"noopener\">MobSUAS<\/a>), al\u00e9m de acompanhar povos tradicionais em trajetos extensos pelos rios.<\/p>\n<p>Nesse contexto, dois programas com atua\u00e7\u00e3o baseada na log\u00edstica fluvial cumprem papel fundamental:<\/p>\n<ul>\n<li><strong>Programa de Aquisi\u00e7\u00e3o de Alimentos (<a href=\"https:\/\/www.gov.br\/secom\/pt-br\/acesso-a-informacao\/comunicabr\/lista-de-acoes-e-programas\/programa-de-aquisicao-de-alimentos-paa\" target=\"_blank\" rel=\"noopener\">PAA<\/a>):<\/strong> compra a produ\u00e7\u00e3o da agricultura familiar e fortalece cooperativas ribeirinhas.\u00a0<\/li>\n<li><strong>A\u00e7\u00e3o de Distribui\u00e7\u00e3o de Alimentos (<a href=\"https:\/\/www.gov.br\/mds\/pt-br\/acoes-e-programas\/acesso-a-alimentos-e-a-agua\/acao-de-distribuicao-de-alimentos\" target=\"_blank\" rel=\"noopener\">ADA<\/a>):<\/strong> realiza a entrega de cestas b\u00e1sicas em situa\u00e7\u00f5es de emerg\u00eancia, como per\u00edodos de estiagem ou cheia.<\/li>\n<\/ul>\n<p>Nos \u00faltimos tr\u00eas anos, a Pasta aplicou <strong>R$452 milh\u00f5es no PAA<\/strong>. Esse investimento resultou na compra de <strong>73 mil toneladas de alimentos<\/strong>. A ADA, por sua vez, entregou <strong>mais de 800 mil cestas b\u00e1sicas<\/strong> na regi\u00e3o Norte. No mesmo per\u00edodo, cerca de <strong>8,7 mil tecnologias de acesso \u00e0 \u00e1gua<\/strong> foram instaladas. A meta atual prev\u00ea a implanta\u00e7\u00e3o de 16,8 mil unidades at\u00e9 2026.<\/p>\n<p>Segundo a secret\u00e1ria Nacional de Seguran\u00e7a Alimentar e Nutricional do MDS, Lilian Rahal, o PAA passou por ajustes para melhor atender as comunidades ribeirinhas.<\/p>\n<p>\u201cAl\u00e9m de ampliar a cobertura do programa, n\u00f3s facilitamos o acesso das popula\u00e7\u00f5es ind\u00edgenas, quilombolas e de outras comunidades tradicionais, como extrativistas, mulheres e jovens rurais. Criamos um modelo de ingresso mais adequado \u00e0 realidade desses grupos, com o objetivo de garantir que o Programa de Aquisi\u00e7\u00e3o de Alimentos chegue a quem realmente precisa\u201d, disse.<\/p>\n<p>Rahal tamb\u00e9m destacou que \u201cpelo <a href=\"https:\/\/www.gov.br\/mds\/pt-br\/acoes-e-programas\/acesso-a-alimentos-e-a-agua\/programa-cisternas\" target=\"_blank\" rel=\"noopener\">Programa Cisternas<\/a>, seguimos trabalhando em parceria com organiza\u00e7\u00f5es da sociedade civil para levar seguran\u00e7a h\u00eddrica \u00e0 popula\u00e7\u00f5es extrativistas e ribeirinhas\u201d, concluiu.<\/p>\n<h2>Turismo<\/h2>\n<p>O <strong>turismo fluvial <\/strong>se destaca como <strong>alternativa econ\u00f4mica<\/strong> nas regi\u00f5es amaz\u00f4nicas. Estudo do Minist\u00e9rio do Turismo e da <a href=\"https:\/\/ufsc.br\/\" target=\"_blank\" rel=\"noopener\">UFSC<\/a> aponta que essa atividade eleva a renda local e valoriza a cultura ribeirinha. Cruzeiros que percorrem cidades como Manaus, Santar\u00e9m, Parintins e Barcelos revelam o <strong>potencial tur\u00edstico e econ\u00f4mico da regi\u00e3o<\/strong>.<\/p>\n<p>O setor avan\u00e7a com melhorias em infraestrutura, qualifica\u00e7\u00e3o profissional e inclus\u00e3o de comunidades locais, como barqueiros e artes\u00e3os.<\/p>\n<p><strong>VEJA MAIS:<\/strong><\/p>\n<ul>\n<li><a href=\"https:\/\/brasil61.com\/n\/hidrovias-ampliam-acesso-a-medicamentos-e-servicos-medicos-na-amazonia-legal-mpor250123\" target=\"_blank\" rel=\"noopener\">Hidrovias ampliam acesso a medicamentos e servi\u00e7os m\u00e9dicos na Amaz\u00f4nia Legal<\/a><\/li>\n<li><a href=\"https:\/\/brasil61.com\/n\/expansao-portuaria-leva-desenvolvimento-e-mobilidade-a-municipios-do-amazonas-mpor250120\" target=\"_blank\" rel=\"noopener\">Expans\u00e3o portu\u00e1ria leva desenvolvimento e mobilidade a munic\u00edpios do Amazonas<\/a><\/li>\n<\/ul>\n<p>\t\t\t\t\t\t\t\t\t\t<img decoding=\"async\" src=\"https:\/\/brasil61.com\/api\/v1\/serve_pixel\/22254\/85965\" alt=\"Pixel Brasil 61\" class=\"b61_pixel\" width=\"0\" height=\"0\"><\/p>\n<div class=\"br61_backlink\">\n<p>\n\t\t\t\tFonte: <a href=\"https:\/\/brasil61.com\/governo-federal-investe-em-hidrovias-para-ampliar-acesso-e-inclusao-na-regiao-norte-mpor250126\" title=\"Artigo Original: Governo Federal investe em hidrovias para ampliar acesso e inclus\u00e3o na Regi\u00e3o Norte\" target=\"_blank\" rel=\"noopener\">Brasil 61<\/a>\n\t\t\t<\/p>\n<\/p><\/div>\n<input type=\"hidden\" id=\"baseurl\" value=\"https:\/\/noticiasregionais.com.br\"><input type=\"hidden\" id=\"audio_nonce\" value=\"5c13e0637f\">","protected":false},"excerpt":{"rendered":"<p>MPor e Dnit coordenam a\u00e7\u00f5es de moderniza\u00e7\u00e3o com foco em seguran\u00e7a da navega\u00e7\u00e3o e efici\u00eancia log\u00edstica<\/p>\n","protected":false},"author":1,"featured_media":11159,"comment_status":"","ping_status":"open","sticky":false,"template":"","format":"standard","meta":{"sfsi_plus_gutenberg_text_before_share":"","sfsi_plus_gutenberg_show_text_before_share":"","sfsi_plus_gutenberg_icon_type":"","sfsi_plus_gutenberg_icon_alignemt":"","sfsi_plus_gutenburg_max_per_row":"","footnotes":""},"categories":[8],"tags":[],"class_list":["post-11158","post","type-post","status-publish","format-standard","has-post-thumbnail","hentry","category-brasil"],"_links":{"self":[{"href":"https:\/\/noticiasregionais.com.br\/index.php?rest_route=\/wp\/v2\/posts\/11158","targetHints":{"allow":["GET"]}}],"collection":[{"href":"https:\/\/noticiasregionais.com.br\/index.php?rest_route=\/wp\/v2\/posts"}],"about":[{"href":"https:\/\/noticiasregionais.com.br\/index.php?rest_route=\/wp\/v2\/types\/post"}],"author":[{"embeddable":true,"href":"https:\/\/noticiasregionais.com.br\/index.php?rest_route=\/wp\/v2\/users\/1"}],"replies":[{"embeddable":true,"href":"https:\/\/noticiasregionais.com.br\/index.php?rest_route=%2Fwp%2Fv2%2Fcomments&post=11158"}],"version-history":[{"count":0,"href":"https:\/\/noticiasregionais.com.br\/index.php?rest_route=\/wp\/v2\/posts\/11158\/revisions"}],"wp:featuredmedia":[{"embeddable":true,"href":"https:\/\/noticiasregionais.com.br\/index.php?rest_route=\/wp\/v2\/media\/11159"}],"wp:attachment":[{"href":"https:\/\/noticiasregionais.com.br\/index.php?rest_route=%2Fwp%2Fv2%2Fmedia&parent=11158"}],"wp:term":[{"taxonomy":"category","embeddable":true,"href":"https:\/\/noticiasregionais.com.br\/index.php?rest_route=%2Fwp%2Fv2%2Fcategories&post=11158"},{"taxonomy":"post_tag","embeddable":true,"href":"https:\/\/noticiasregionais.com.br\/index.php?rest_route=%2Fwp%2Fv2%2Ftags&post=11158"}],"curies":[{"name":"wp","href":"https:\/\/api.w.org\/{rel}","templated":true}]}}