{"id":11165,"date":"2025-11-21T04:10:00","date_gmt":"2025-11-21T07:10:00","guid":{"rendered":"https:\/\/noticiasregionais.com.br\/?p=11165"},"modified":"2025-11-21T04:10:00","modified_gmt":"2025-11-21T07:10:00","slug":"revisao-do-ibge-redefine-limites-entre-cerrado-e-mata-atlantica-em-mg-e-sp","status":"publish","type":"post","link":"https:\/\/noticiasregionais.com.br\/?p=11165","title":{"rendered":"Revis\u00e3o do IBGE redefine limites entre Cerrado e Mata Atl\u00e2ntica em MG e SP"},"content":{"rendered":"<p>\t\t\t\t\t\t\t\t\t\t\t<audio controls class=\"b61_audio_player\" data-noticia=\"85956\" src=\"https:\/\/brasil61.com\/rails\/active_storage\/blobs\/eyJfcmFpbHMiOnsibWVzc2FnZSI6IkJBaHBBOVhCQXc9PSIsImV4cCI6bnVsbCwicHVyIjoiYmxvYl9pZCJ9fQ==--f81959ca53fed1690b3f657d1ea8a8ae612e382b\/BRAS2515178A\"><\/audio><\/p>\n<p>O <a href=\"https:\/\/www.ibge.gov.br\/\" target=\"_blank\" rel=\"noopener\">Instituto Brasileiro de Geografia e Estat\u00edstica (IBGE)<\/a> divulgou na ter\u00e7a-feira (18) uma revis\u00e3o dos limites dos biomas <strong>Cerrado<\/strong> e <strong>Mata Atl\u00e2ntica<\/strong> nos estados de <strong>Minas Gerais<\/strong> e <strong>S\u00e3o Paulo<\/strong>. Com as atualiza\u00e7\u00f5es, o <strong>Cerrado<\/strong> ganhou 1,8% de \u00e1rea, enquanto a <strong>Mata Atl\u00e2ntica<\/strong> perdeu 1%. Ao todo, as altera\u00e7\u00f5es correspondem a <strong>19.869 km\u00b2<\/strong>, sendo <strong>816 km\u00b2 em Minas Gerais<\/strong> e <strong>19.053 km\u00b2 em S\u00e3o Paulo<\/strong>. Os demais biomas n\u00e3o foram avaliados nesta etapa.<\/p>\n<p>O IBGE refor\u00e7a que a revis\u00e3o n\u00e3o est\u00e1 ligada a desmatamento ou reflorestamento, mas sim \u00e0 aplica\u00e7\u00e3o de <strong>crit\u00e9rios t\u00e9cnicos<\/strong>, incluindo <strong>geologia, geomorfologia, pedologia, vegeta\u00e7\u00e3o e clima<\/strong>. As mudan\u00e7as se concentraram especialmente nas regi\u00f5es de contato entre <strong>florestas estacionais e savana<\/strong>, onde os limites naturais dos biomas tendem a ser mais complexos.<\/p>\n<p>A atualiza\u00e7\u00e3o tem rela\u00e7\u00e3o direta com a escala mais detalhada adotada pelo <a href=\"https:\/\/www.ibge.gov.br\/\" target=\"_blank\" rel=\"noopener\">IBGE<\/a> desde 2019, com a publica\u00e7\u00e3o Biomas e Sistema Costeiro-Marinho do Brasil, que passou a usar escala de <strong>1:250 mil<\/strong>, vinte vezes mais precisa que a anterior. Com isso, revis\u00f5es peri\u00f3dicas tornaram-se necess\u00e1rias para ajustar a delimita\u00e7\u00e3o das \u00e1reas.<\/p>\n<p>O instituto indica que essas atualiza\u00e7\u00f5es devem ocorrer a cada cinco anos.<\/p>\n<h2>Principais \u00e1reas de altera\u00e7\u00e3o<\/h2>\n<p>Em Minas Gerais, a <strong>Mata Atl\u00e2ntica<\/strong> foi ampliada nas proximidades de Belo Horizonte, passando a incluir todo o munic\u00edpio e \u00e1reas ao norte da capital. J\u00e1 em S\u00e3o Paulo, o <strong>Cerrado<\/strong> avan\u00e7ou, principalmente no centro-norte do estado, regi\u00e3o que possui legisla\u00e7\u00e3o de prote\u00e7\u00e3o ao bioma desde 2009.<br \/>\nA revis\u00e3o abrangeu \u00e1reas do Nordeste Paulista, Tri\u00e2ngulo Mineiro e Serra do Espinha\u00e7o. Entre os munic\u00edpios contemplados est\u00e3o:<\/p>\n<ul>\n<li>\u00a0MG \u2013 Sacramento, Uberaba, Fronteira, Planura, S\u00e3o Sebasti\u00e3o do Para\u00edso, Diamantina, Concei\u00e7\u00e3o do Mato Dentro, Belo Horizonte, Florestal, Juatuba, Taquara\u00e7u de Minas, Nova Uni\u00e3o, Caet\u00e9, Bom Jesus do Amparo, Bar\u00e3o de Cocais, S\u00e3o Gon\u00e7alo do Rio Abaixo, Itabira, Itamb\u00e9 do Mato Dentro, Santa Maria de Itabira, S\u00e3o Sebasti\u00e3o do Rio Preto e Morro do Pilar.<\/li>\n<li>SP \u2013 Franca, Barretos, S\u00e3o Jos\u00e9 do Rio Preto, Ribeir\u00e3o Preto, Piracicaba, Mococa e Votuporanga.<\/li>\n<\/ul>\n<h2>Expedi\u00e7\u00f5es e metodologia<\/h2>\n<p>A revis\u00e3o \u00e9 resultado de uma an\u00e1lise integrada entre especialistas de diferentes \u00e1reas e <strong>cinco expedi\u00e7\u00f5es de campo<\/strong>, realizadas em trechos questionados por organiza\u00e7\u00f5es da sociedade civil e institui\u00e7\u00f5es ambientais.<\/p>\n<ul>\n<li><strong>Expedi\u00e7\u00e3o 1<\/strong> \u2014 Nordeste Paulista e Tri\u00e2ngulo Mineiro: predomin\u00e2ncia de savana ao norte do Rio Grande e dom\u00ednio florestal em \u00e1reas de relevo acidentado.<\/li>\n<li><strong>Expedi\u00e7\u00e3o 2<\/strong> \u2014 Entorno de Ribeir\u00e3o Preto (SP) e S\u00e3o Sebasti\u00e3o do Para\u00edso (MG): an\u00e1lise das transi\u00e7\u00f5es entre forma\u00e7\u00f5es sav\u00e2nicas e florestais, influenciadas por per\u00edodos secos (Cerrado) e \u00famidos (Mata Atl\u00e2ntica).<\/li>\n<li><strong>Expedi\u00e7\u00e3o 3<\/strong> \u2014 Serra do Espinha\u00e7o (MG): \u00e1reas reinterpretadas como Mata Atl\u00e2ntica devido ao dom\u00ednio florestal e maior umidade no lado leste da serra.<\/li>\n<li><strong>Expedi\u00e7\u00e3o 4 <\/strong>\u2014 Noroeste Paulista: predom\u00ednio da Savana Florestada e identifica\u00e7\u00e3o do limite oeste do Cerrado.<\/li>\n<li><strong>Expedi\u00e7\u00e3o 5<\/strong> \u2014 Quadril\u00e1tero Ferr\u00edfero, Serra do Espinha\u00e7o e Depress\u00e3o do S\u00e3o Francisco: delimita\u00e7\u00f5es guiadas por fatores abi\u00f3ticos; Mata Atl\u00e2ntica avan\u00e7ou ao noroeste de BH; \u00e1reas de Ref\u00fagios Vegetacionais foram incorporadas ao Cerrado nas partes mais elevadas.<\/li>\n<\/ul>\n<p>O <a href=\"https:\/\/www.ibge.gov.br\/\" target=\"_blank\" rel=\"noopener\">IBGE<\/a> afirma que revis\u00f5es futuras seguir\u00e3o o compromisso de manter os mapas de biomas atualizados e tecnicamente alinhados ao comportamento ambiental real das regi\u00f5es.<\/p>\n<p>As informa\u00e7\u00f5es s\u00e3o do <a href=\"https:\/\/www.ibge.gov.br\/\" target=\"_blank\" rel=\"noopener\">Instituto Brasileiro de Geografia e Estat\u00edstica<\/a>.<\/p>\n<p>\t\t\t\t\t\t\t\t\t\t<img decoding=\"async\" src=\"https:\/\/brasil61.com\/api\/v1\/serve_pixel\/22254\/85956\" alt=\"Pixel Brasil 61\" class=\"b61_pixel\" width=\"0\" height=\"0\"><\/p>\n<div class=\"br61_backlink\">\n<p>\n\t\t\t\tFonte: <a href=\"https:\/\/brasil61.com\/revisao-do-ibge-redefine-limites-entre-cerrado-e-mata-atlantica-em-mg-e-sp-bras2515178\" title=\"Artigo Original: Revis\u00e3o do IBGE redefine limites entre Cerrado e Mata Atl\u00e2ntica em MG e SP\" target=\"_blank\" rel=\"noopener\">Brasil 61<\/a>\n\t\t\t<\/p>\n<\/p><\/div>\n<input type=\"hidden\" id=\"baseurl\" value=\"https:\/\/noticiasregionais.com.br\"><input type=\"hidden\" id=\"audio_nonce\" value=\"5c13e0637f\">","protected":false},"excerpt":{"rendered":"<p>Mudan\u00e7a t\u00e9cnica ajustou quase 20 mil km\u00b2 entre os biomas, sem rela\u00e7\u00e3o com desmatamento. Revis\u00e3o considerou clima, solo, vegeta\u00e7\u00e3o e relevo, com apoio de expedi\u00e7\u00f5es de campo<\/p>\n","protected":false},"author":1,"featured_media":11166,"comment_status":"","ping_status":"open","sticky":false,"template":"","format":"standard","meta":{"sfsi_plus_gutenberg_text_before_share":"","sfsi_plus_gutenberg_show_text_before_share":"","sfsi_plus_gutenberg_icon_type":"","sfsi_plus_gutenberg_icon_alignemt":"","sfsi_plus_gutenburg_max_per_row":"","footnotes":""},"categories":[8],"tags":[],"class_list":["post-11165","post","type-post","status-publish","format-standard","has-post-thumbnail","hentry","category-brasil"],"_links":{"self":[{"href":"https:\/\/noticiasregionais.com.br\/index.php?rest_route=\/wp\/v2\/posts\/11165","targetHints":{"allow":["GET"]}}],"collection":[{"href":"https:\/\/noticiasregionais.com.br\/index.php?rest_route=\/wp\/v2\/posts"}],"about":[{"href":"https:\/\/noticiasregionais.com.br\/index.php?rest_route=\/wp\/v2\/types\/post"}],"author":[{"embeddable":true,"href":"https:\/\/noticiasregionais.com.br\/index.php?rest_route=\/wp\/v2\/users\/1"}],"replies":[{"embeddable":true,"href":"https:\/\/noticiasregionais.com.br\/index.php?rest_route=%2Fwp%2Fv2%2Fcomments&post=11165"}],"version-history":[{"count":0,"href":"https:\/\/noticiasregionais.com.br\/index.php?rest_route=\/wp\/v2\/posts\/11165\/revisions"}],"wp:featuredmedia":[{"embeddable":true,"href":"https:\/\/noticiasregionais.com.br\/index.php?rest_route=\/wp\/v2\/media\/11166"}],"wp:attachment":[{"href":"https:\/\/noticiasregionais.com.br\/index.php?rest_route=%2Fwp%2Fv2%2Fmedia&parent=11165"}],"wp:term":[{"taxonomy":"category","embeddable":true,"href":"https:\/\/noticiasregionais.com.br\/index.php?rest_route=%2Fwp%2Fv2%2Fcategories&post=11165"},{"taxonomy":"post_tag","embeddable":true,"href":"https:\/\/noticiasregionais.com.br\/index.php?rest_route=%2Fwp%2Fv2%2Ftags&post=11165"}],"curies":[{"name":"wp","href":"https:\/\/api.w.org\/{rel}","templated":true}]}}